{"id":170137,"date":"2019-06-16T11:05:08","date_gmt":"2019-06-16T08:05:08","guid":{"rendered":"http:\/\/www.tvturk.com\/index.php\/antalyadan-suriyeye-tir-dolusu-insani-yardim-malzemesi\/"},"modified":"2019-06-16T11:05:08","modified_gmt":"2019-06-16T08:05:08","slug":"antalyadan-suriyeye-tir-dolusu-insani-yardim-malzemesi","status":"publish","type":"post","link":"http:\/\/www.tvturk.com\/index.php\/antalyadan-suriyeye-tir-dolusu-insani-yardim-malzemesi\/","title":{"rendered":"Antalya\u2019dan Suriye\u2019ye t\u0131r dolusu insani yard\u0131m malzemesi"},"content":{"rendered":"<p>Antalya\u2019dan, T\u00fcrkiye\u2019nin g\u00fcney s\u0131n\u0131r\u0131ndaki Suriyeli, T\u00fcrkmen ve di\u011fer ihtiya\u00e7 sahiplerinin ihtiya\u00e7lar\u0131n\u0131n kar\u015f\u0131lanmas\u0131 i\u00e7in bir ila\u00e7 deposu sahibi deste\u011fiyle haz\u0131rlanan t\u0131r d\u00fczenlenen t\u00f6renle Cilveg\u00f6z\u00fc\u2019ne u\u011furland\u0131.<\/p>\n<p>Antalya\u2019daki hay\u0131rseverlerin T\u00fcrk K\u0131z\u0131lay\u0131\u2019na deste\u011fi s\u00fcr\u00fcyor. Bu kapsamda bir ila\u00e7 deposu sahibi taraf\u0131ndan T\u00fcrkiye\u2019nin g\u00fcney s\u0131n\u0131r\u0131na bir t\u0131r dolusu insani yard\u0131m malzemesi g\u00f6nderildi. Bir ila\u00e7 dolusu t\u0131r Cilveg\u00f6z\u00fc S\u0131n\u0131r Kap\u0131s\u0131\u2019nda yine T\u00fcrk K\u0131z\u0131lay\u0131 ekiplerince kar\u015f\u0131lanmak \u00fczere yola \u00e7\u0131kt\u0131.<\/p>\n<p>U\u011furlama t\u00f6renine kat\u0131lan T\u00fcrk K\u0131z\u0131lay\u0131 Antalya \u015eube Ba\u015fkan\u0131 Esra \u00d6zko\u00e7, Ecza Deposu Sahibi Mehmet Zeki Ta\u015f\u00e7\u0131\u2019n\u0131n eskiden beri T\u00fcrk K\u0131z\u0131lay\u0131\u2019na destek verdi\u011fini belirtti. 95 bin kutu ila\u00e7 malzemesi g\u00f6nderildi\u011fini aktaran \u00d6zko\u00e7, &#8220;T\u0131r\u0131m\u0131z dualarla y\u0131la \u00e7\u0131kacak in\u015fallah. Hatay Cilveg\u00f6z\u00fc S\u0131n\u0131r Kap\u0131s\u0131nda da K\u0131z\u0131lay yetkililerimiz kar\u015f\u0131layacaklar ve de\u011fi\u015fik hastanelere yard\u0131m\u0131 ula\u015ft\u0131racaklar&#8221; \u015feklinde konu\u015ftu.<\/p>\n<p>\u00d6zko\u00e7, sadece bayramlarda de\u011fil ve sadece insan\u0131 malzeme yard\u0131m\u0131 olarak de\u011fil kan, k\u00f6k h\u00fccre gibi ba\u011f\u0131\u015flar\u0131n da yap\u0131lmas\u0131 mesaj\u0131n\u0131 verdi.<\/p>\n<p>&#8220;Yeti\u015fkin ve \u00e7ocuklara y\u00f6nelik ila\u00e7lar&#8221;<\/p>\n<p>Ecza Deposu Sahibi Mehmet Zeki Ta\u015f\u00e7\u0131 ise T\u00fcrk K\u0131z\u0131lay\u0131\u2019na s\u0131k s\u0131k insan\u0131 yard\u0131m malzemesi g\u00f6nderdi\u011fini ifade ederek, &#8220;Yine s\u0131n\u0131r boyundaki, \u0130dlib olsun, Azez ve Afrin gibi di\u011fer b\u00f6lgelere, hatta Kerk\u00fck\u2019teki Bay\u0131r Bucak T\u00fcrkmenlerimize kadar giden bir ila\u00e7 yard\u0131m\u0131. Bunu bir sosyal sorumluluk projesi \u00e7er\u00e7evesinde yap\u0131yoruz, bundan da b\u00fcy\u00fck bir mutluluk duyuyoruz&#8221; diye konu\u015ftu.<\/p>\n<p>Ta\u015f\u00e7\u0131, t\u0131r kapsam\u0131nda yeti\u015fkin ve \u00e7ocuklara y\u00f6nelik \u00f6ks\u00fcr\u00fck \u015furubu, a\u011fr\u0131 kesici, ate\u015f d\u00fc\u015f\u00fcr\u00fcc\u00fc, alerji ila\u00e7lar\u0131 g\u00f6nderildi\u011fini belirtti. Y\u00fcklemesi tamamlanan t\u0131r, kap\u0131lar\u0131 kapat\u0131l\u0131p m\u00fch\u00fcr tak\u0131larak, dualar e\u015fli\u011finde Cilveg\u00f6z\u00fc\u2019ne u\u011furland\u0131.<\/p>\n","protected":false},"excerpt":{"rendered":"<p>T\u00dcRK\u0130YE&#8217;N\u0130N G\u00dcNEY SINIRINDAK\u0130 SUR\u0130YEL\u0130, T\u00dcRKMEN VE D\u0130\u011eER \u0130HT\u0130YA\u00c7 SAH\u0130PLER\u0130N\u0130N \u0130HT\u0130YA\u00c7LARININ KAR\u015eILANMASI \u0130\u00c7\u0130N B\u0130R \u0130LA\u00c7 DEPOSU SAH\u0130B\u0130 DESTE\u011e\u0130YLE HAZIRLANAN TIR D\u00dcZENLENEN T\u00d6RENLE C\u0130LVEG\u00d6Z\u00dc&#8217;NE U\u011eURLANDI.<\/p>\n","protected":false},"author":1,"featured_media":0,"comment_status":"closed","ping_status":"open","sticky":false,"template":"","format":"standard","meta":{"jetpack_post_was_ever_published":false,"_jetpack_newsletter_access":"","_jetpack_dont_email_post_to_subs":false,"_jetpack_newsletter_tier_id":0,"_jetpack_memberships_contains_paywalled_content":false,"_jetpack_memberships_contains_paid_content":false,"footnotes":"","jetpack_publicize_message":"","jetpack_publicize_feature_enabled":true,"jetpack_social_post_already_shared":true,"jetpack_social_options":{"image_generator_settings":{"template":"highway","default_image_id":0,"font":"","enabled":false},"version":2}},"categories":[1],"tags":[22881,9963,4009,3596,853,2708,1736],"class_list":["post-170137","post","type-post","status-publish","format-standard","hentry","category-genel","tag-antalyadan","tag-dolusu","tag-insani","tag-malzemesi","tag-suriyeye","tag-tir","tag-yardim"],"jetpack_publicize_connections":[],"jetpack_featured_media_url":"","jetpack_sharing_enabled":true,"jetpack_shortlink":"https:\/\/wp.me\/paKIfm-Ig9","_links":{"self":[{"href":"http:\/\/www.tvturk.com\/index.php\/wp-json\/wp\/v2\/posts\/170137","targetHints":{"allow":["GET"]}}],"collection":[{"href":"http:\/\/www.tvturk.com\/index.php\/wp-json\/wp\/v2\/posts"}],"about":[{"href":"http:\/\/www.tvturk.com\/index.php\/wp-json\/wp\/v2\/types\/post"}],"author":[{"embeddable":true,"href":"http:\/\/www.tvturk.com\/index.php\/wp-json\/wp\/v2\/users\/1"}],"replies":[{"embeddable":true,"href":"http:\/\/www.tvturk.com\/index.php\/wp-json\/wp\/v2\/comments?post=170137"}],"version-history":[{"count":0,"href":"http:\/\/www.tvturk.com\/index.php\/wp-json\/wp\/v2\/posts\/170137\/revisions"}],"wp:attachment":[{"href":"http:\/\/www.tvturk.com\/index.php\/wp-json\/wp\/v2\/media?parent=170137"}],"wp:term":[{"taxonomy":"category","embeddable":true,"href":"http:\/\/www.tvturk.com\/index.php\/wp-json\/wp\/v2\/categories?post=170137"},{"taxonomy":"post_tag","embeddable":true,"href":"http:\/\/www.tvturk.com\/index.php\/wp-json\/wp\/v2\/tags?post=170137"}],"curies":[{"name":"wp","href":"https:\/\/api.w.org\/{rel}","templated":true}]}}