{"id":170143,"date":"2019-06-16T11:14:31","date_gmt":"2019-06-16T08:14:31","guid":{"rendered":"http:\/\/www.tvturk.com\/index.php\/uluslararasi-istanbul-opera-festivali-basliyor\/"},"modified":"2019-06-16T11:14:31","modified_gmt":"2019-06-16T08:14:31","slug":"uluslararasi-istanbul-opera-festivali-basliyor","status":"publish","type":"post","link":"http:\/\/www.tvturk.com\/index.php\/uluslararasi-istanbul-opera-festivali-basliyor\/","title":{"rendered":"Uluslararas\u0131 \u0130stanbul Opera Festivali ba\u015fl\u0131yor"},"content":{"rendered":"<p>D\u00fcnyada \u00f6nemli bir yere sahip olan Uluslararas\u0131 \u0130stanbul Opera Festivali, 2 Temmuz\u2019da sanatseverlerle bulu\u015facak.<\/p>\n<p>Eskileri hat\u0131rlatacak eserlerle bu y\u0131l 10\u2019uncu y\u0131l\u0131n\u0131 kutlayan \u0130stanbul Opera Festivali, \u0130stanbul Zorlu Performans Sanatlar\u0131 Merkezi\u2019nde 14 Temmuz\u2019a kadar s\u00fcrecek. K\u00fclt\u00fcr ve Turizm Bakanl\u0131\u011f\u0131 Devlet Opera ve Balesi Genel M\u00fcd\u00fcrl\u00fc\u011f\u00fc taraf\u0131ndan \u0130NGBank\u2019\u0131n ana sponsorlu\u011funda d\u00fczenlenecek festivale iki gala konseri ile \u2018Bol\u015foy Tiyatrosu\u2019 da ilk kez kat\u0131lacak. Ankara Devlet Opera ve Balesi\u2019nin 2-3 Temmuz tarihlerinde sahneleyece\u011fi Turandot Operas\u0131 ile ba\u015flayacak festivalde seslendirilecek oratoryo ile do\u011fumunun 779\u2019uncu y\u0131l\u0131nda Yunus Emre de an\u0131lacak. Devlet Opera ve Balesi Genel Sanat Y\u00f6netmeni ve Genel M\u00fcd\u00fcr\u00fc \u00fcnl\u00fc ten\u00f6r Murat Karahan\u2019\u0131n sanat y\u00f6netmenli\u011finde olu\u015fturulan, opera ve balenin bir arada oldu\u011fu b\u00fcy\u00fck bir prod\u00fcksiyon olan Troya Epik Operas\u0131 ise 6-7 Temmuz\u2019da sanatseverlerle bulu\u015facak. \u00dcnl\u00fc \u0130talyan konuk rejis\u00f6r Vincenzo Grisostomi Travaglini\u2019nin sahneye koydu\u011fu eserin Turandot\u2019un ba\u015f rol\u00fcnde 2 Temmuz tarihinde \u00fcnl\u00fc Koreli solist sanat\u00e7\u0131 Lilla Lee, 3 Temmuz tarihinde de yine bir ba\u015fka \u00fcnl\u00fc isim olan Kazak solist Zhupar Gabdullina yer alacak.<\/p>\n<p>Yunus Emre\u2019nin dizeleri opera sahnesinde<\/p>\n<p>\u00dcnl\u00fc halk ozan\u0131 Yunus Emre\u2019nin \u015fiirleri e\u015fli\u011finde onun sevgi felsefesini opera sahnesine ta\u015f\u0131yacak olan Ahmet Adnan Saygun\u2019un bestesi Yunus Emre Oratoryosu da 10 Temmuz\u2019da \u0130stanbul Devlet Opera ve Balesi taraf\u0131ndan sahnelenecek. Sanatseverlerin orkestra, koro ve dans\u00e7\u0131lar\u0131 sahnede birlikte izleyebilecekleri eserin librettosu U\u011fur Seyrek ve I\u015f\u0131k Noyan\u2019a ait. Ahmet Adnan Saygun\u2019un ara\u015ft\u0131rmalar\u0131 sonras\u0131nda derledi\u011fi Yunus Emre dizelerinin \u00fczerine besteledi\u011fi ilk yerli T\u00fcrk oratoryosu, festivalde U\u011fur Seyrek\u2019in koreografisi ile ilk kez dans e\u015fli\u011finde sahnelenecek.<\/p>\n<p>Bol\u015foy Tiyatrosu Rus r\u00fczgar\u0131 estirecek<\/p>\n<p>Rus r\u00fczgar\u0131 estirecek Bol\u015foy Tiyatrosu solistlerinin 13-14 Temmuz tarihlerinde seslendirece\u011fi \u2018Bol\u015foy Solistleri Gala Konseri\u2019 festivalin son iki g\u00fcn\u00fcnde zengin bir repertuvarla sanatseverlere muhte\u015fem bir m\u00fczik ziyafeti sunacak. En zor rolleri ba\u015far\u0131yla seslendiren, alanlar\u0131nda uluslararas\u0131 bir\u00e7ok \u00f6d\u00fcl\u00fcn sahibi Bol\u015foy Tiyatrosu solistleri soprano Anna Nechaeva, mezzo soprano Yulia Mazurova, tenor Fyodor Ataskevich ve bariton Pavel Yankovsky festivalde sevilen ve bilinen \u00fcnl\u00fc operalardan aryalar, d\u00fcetler seslendirecek. Konserde seslendirilecek operalar aras\u0131nda Sevil Berberi, Il Trovatore, Carmen, Maskeli Balo, La Forza del Destino, Samson ve Dalila, Manon Lescaut, Don Carlo, Don Giovanni, Hoffman\u2019\u0131n Masallar\u0131, Turandot ve La Traviata da yer al\u0131yor.<\/p>\n","protected":false},"excerpt":{"rendered":"<p>D\u00dcNYA&#8217;DA \u00d6NEML\u0130 B\u0130R YERE SAH\u0130P OLAN VE \u0130STANBUL&#8217;U SE\u00c7K\u0130N SANAT \u015eEH\u0130RLER\u0130 ARASINDA G\u00d6STEREN ULUSLARARASI \u0130STANBUL OPERA FEST\u0130VAL\u0130 2 TEMMUZ\u2019DA SANATSEVERLERLE BULU\u015eACAK.<\/p>\n","protected":false},"author":1,"featured_media":0,"comment_status":"closed","ping_status":"open","sticky":false,"template":"","format":"standard","meta":{"jetpack_post_was_ever_published":false,"_jetpack_newsletter_access":"","_jetpack_dont_email_post_to_subs":false,"_jetpack_newsletter_tier_id":0,"_jetpack_memberships_contains_paywalled_content":false,"_jetpack_memberships_contains_paid_content":false,"footnotes":"","jetpack_publicize_message":"","jetpack_publicize_feature_enabled":true,"jetpack_social_post_already_shared":true,"jetpack_social_options":{"image_generator_settings":{"template":"highway","default_image_id":0,"font":"","enabled":false},"version":2}},"categories":[656],"tags":[4839,1647,3400,730,23302],"class_list":["post-170143","post","type-post","status-publish","format-standard","hentry","category-kultur-sanat","tag-uluslararasi","tag-basliyor","tag-festivali","tag-istanbul","tag-opera"],"jetpack_publicize_connections":[],"jetpack_featured_media_url":"","jetpack_sharing_enabled":true,"jetpack_shortlink":"https:\/\/wp.me\/paKIfm-Igf","_links":{"self":[{"href":"http:\/\/www.tvturk.com\/index.php\/wp-json\/wp\/v2\/posts\/170143","targetHints":{"allow":["GET"]}}],"collection":[{"href":"http:\/\/www.tvturk.com\/index.php\/wp-json\/wp\/v2\/posts"}],"about":[{"href":"http:\/\/www.tvturk.com\/index.php\/wp-json\/wp\/v2\/types\/post"}],"author":[{"embeddable":true,"href":"http:\/\/www.tvturk.com\/index.php\/wp-json\/wp\/v2\/users\/1"}],"replies":[{"embeddable":true,"href":"http:\/\/www.tvturk.com\/index.php\/wp-json\/wp\/v2\/comments?post=170143"}],"version-history":[{"count":0,"href":"http:\/\/www.tvturk.com\/index.php\/wp-json\/wp\/v2\/posts\/170143\/revisions"}],"wp:attachment":[{"href":"http:\/\/www.tvturk.com\/index.php\/wp-json\/wp\/v2\/media?parent=170143"}],"wp:term":[{"taxonomy":"category","embeddable":true,"href":"http:\/\/www.tvturk.com\/index.php\/wp-json\/wp\/v2\/categories?post=170143"},{"taxonomy":"post_tag","embeddable":true,"href":"http:\/\/www.tvturk.com\/index.php\/wp-json\/wp\/v2\/tags?post=170143"}],"curies":[{"name":"wp","href":"https:\/\/api.w.org\/{rel}","templated":true}]}}