{"id":170145,"date":"2019-06-16T11:21:19","date_gmt":"2019-06-16T08:21:19","guid":{"rendered":"http:\/\/www.tvturk.com\/index.php\/baskan-tasdelen-cankaya-muhtarlariyla-bulustu\/"},"modified":"2019-06-16T11:21:19","modified_gmt":"2019-06-16T08:21:19","slug":"baskan-tasdelen-cankaya-muhtarlariyla-bulustu","status":"publish","type":"post","link":"http:\/\/www.tvturk.com\/index.php\/baskan-tasdelen-cankaya-muhtarlariyla-bulustu\/","title":{"rendered":"Ba\u015fkan Ta\u015fdelen, \u00c7ankaya muhtarlar\u0131yla bulu\u015ftu"},"content":{"rendered":"<p>\u00c7ankaya Belediye Ba\u015fkan\u0131 Alper Ta\u015fdelen, Z\u00fcbeyde Han\u0131m Sosyal Tesisinde d\u00fczenledi\u011fi kahvalt\u0131da \u00c7ankaya muhtarlar\u0131yla bir araya geldi. Ta\u015fdelen, &#8220;Son be\u015f y\u0131lda birlikte yapt\u0131\u011f\u0131m\u0131z \u00e7al\u0131\u015fmalarla \u00c7ankaya\u2019y\u0131 yepyeni bir noktaya ta\u015f\u0131d\u0131k. \u00c7ankaya\u2019y\u0131 T\u00fcrkiye\u2019nin \u00f6rnek ald\u0131\u011f\u0131 bir il\u00e7e haline getirdik&#8221; dedi.<\/p>\n<p>\u00c7ankaya Belediye Ba\u015fkan\u0131 Alper Ta\u015fdelen, Z\u00fcbeyde Han\u0131m Sosyal Tesisi\u2019nde d\u00fczenledi\u011fi kahvalt\u0131da 31 Mart se\u00e7imleriyle g\u00f6reve ba\u015flayan \u00c7ankaya muhtarlar\u0131yla bulu\u015ftu. Yeni d\u00f6nemde \u00c7ankaya Belediyesinin yol haritas\u0131n\u0131 muhtarlara aktaran Ta\u015fdelen, &#8220;Son be\u015f y\u0131lda birlikte yapt\u0131\u011f\u0131m\u0131z \u00e7al\u0131\u015fmalarla \u00c7ankaya\u2019y\u0131 yepyeni bir noktaya ta\u015f\u0131d\u0131k. \u00c7ankaya\u2019y\u0131 T\u00fcrkiye\u2019nin \u00f6rnek ald\u0131\u011f\u0131 bir il\u00e7e haline getirdik. Hepinize tek tek te\u015fekk\u00fcr ediyor, yeni d\u00f6nemde ba\u015far\u0131lar diliyorum&#8221; diye konu\u015ftu.<\/p>\n<p>CHP \u00c7ankaya \u0130l\u00e7e Ba\u015fkan\u0131 Fahri Y\u0131ld\u0131r\u0131m, \u00c7ankaya Belediyesi Meclis \u00fcyeleri ve ba\u015fkan yard\u0131mc\u0131lar\u0131n\u0131n da kat\u0131ld\u0131\u011f\u0131 toplant\u0131da konu\u015fan Ta\u015fdelen, 31 Mart yerel se\u00e7imlerinin ard\u0131ndan y\u00fczde 74 gibi rekor bir oy alarak yeni d\u00f6neme ba\u015flaman\u0131n mutlulu\u011funu ve heyecan\u0131n\u0131 ya\u015fad\u0131\u011f\u0131 s\u00f6yledi. Yeni d\u00f6nemde de tutkuyla, heyecanla hi\u00e7 yorulmadan \u00e7al\u0131\u015fmaya devam edeceklerini kaydeden Ta\u015fdelen, &#8220;Sizlere ve \u00c7ankayal\u0131lara iki \u015feyin s\u00f6z\u00fcn\u00fc vermi\u015ftim. Birincisi \u00c7ankaya\u2019n\u0131n t\u00fcm eksiklerini tamamlayaca\u011f\u0131z, yap\u0131lmayan\u0131 yapacak, hizmeti en \u00fcst noktaya ta\u015f\u0131yaca\u011f\u0131z. Hayata ge\u00e7irdi\u011fimiz proje ve \u00e7al\u0131\u015fmalarla T\u00fcrkiye\u2019ye \u00f6rnek olaca\u011f\u0131z, belediyecilikte y\u0131ld\u0131z olaca\u011f\u0131z demi\u015ftim bunu ger\u00e7ekle\u015ftirdik. \u0130kinci olarak belediyenin etraf\u0131ndaki duvarlar\u0131 y\u0131kaca\u011f\u0131m, bu belediye halk\u0131n belediyesi olacak  demi\u015ftim, herkesin belediyesi olacak demi\u015ftim, herkes bu belediye benim belediyem diyecek demi\u015ftim i\u015fte bunu da ger\u00e7ekle\u015ftirdik. Bu iki s\u00f6z\u00fcn ard\u0131ndan da y\u00fczde 74 gibi tarihi bir rekorla yeniden g\u00f6revimizin ba\u015f\u0131na ge\u00e7tik&#8221; ifadelerini kulland\u0131.<\/p>\n<p>Kad\u0131n muhtar say\u0131m\u0131z T\u00fcrkiye\u2019nin yeni rekoru<\/p>\n<p>Yeni d\u00f6nemde de \u00c7ankaya\u2019n\u0131n t\u00fcm muhtarlar\u0131 ile birlikte hi\u00e7 durmadan, yorulmadan \u00e7al\u0131\u015fmaya devam edeceklerini dile getiren Alper Ta\u015fdelen, ge\u00e7ti\u011fimiz d\u00f6nemden de fazla \u00e7al\u0131\u015fan, aktif ve t\u00fcm T\u00fcrkiye\u2019ye \u00f6rnek olan belediyecili\u011fi muhtarlarla birlikte devam ettireceklerini belirtti.<\/p>\n<p>Yerel se\u00e7imlerin ard\u0131ndan yeni se\u00e7ilen muhtarlar\u0131 da kutlayan Ba\u015fkan Ta\u015fdelen, yeni se\u00e7ilen 40 muhtar\u0131n 37\u2019sinin de &#8220;kad\u0131n&#8221; olmas\u0131ndan ayr\u0131ca gurur duydu\u011funu s\u00f6yledi. 123 mahallesi bulunan \u00c7ankaya\u2019n\u0131n 47 mahallesinin muhtar\u0131n\u0131n kad\u0131n oldu\u011funa dikkat \u00e7eken Ta\u015fdelen, &#8220;T\u00fcm T\u00fcrkiye\u2019ye kad\u0131n yerel y\u00f6neticilerimizle de \u00f6rnek olduk, \u00c7ankaya bir rekora daha imza atarak kad\u0131n muhtarlar\u0131yla da \u00f6rnek bir yerel y\u00f6netim olmu\u015ftur&#8221; diye konu\u015ftu.<\/p>\n<p>\u00c7ankaya\u2019n\u0131n muhtarlar\u0131yla birlikte \u00e7al\u0131\u015fmaktan, il\u00e7enin her soka\u011f\u0131na, her mahallesine hizmet g\u00f6t\u00fcrmekten gurur duydu\u011funu ifade eden Ta\u015fdelen \u015funlar\u0131 kaydetti:<\/p>\n<p>&#8220;Yeni d\u00f6nemde de ne yapacaksak birlikte yapaca\u011f\u0131z. Ben \u00c7ankaya\u2019n\u0131n muhtarlar\u0131yla gurur duyuyorum. \u00c7\u00fcnk\u00fc muhtarlar\u0131m\u0131z birlikte \u00e7al\u0131\u015ft\u0131\u011f\u0131m\u0131z son be\u015f y\u0131l i\u00e7erisinde asla kendi ki\u015fisel beklentileri, kendi i\u015fi i\u00e7in belediyemize veya bana gelmedi. Her zaman halk\u0131n istekleri, mahallesinin sorunlar\u0131, kamunun yarar\u0131 i\u00e7in geldi. \u0130\u015fte ben de bu y\u00fczden \u00e7ok \u015fansl\u0131 bir belediye ba\u015fkan\u0131y\u0131m. Hepinize te\u015fekk\u00fcr ediyorum.&#8221;<\/p>\n<p>Konu\u015fmas\u0131n\u0131n ard\u0131ndan \u00c7ankaya\u2019n\u0131n yeni muhtarlar\u0131n\u0131 k\u00fcrs\u00fcye davet eden Ta\u015fdelen, yeni se\u00e7ilen t\u00fcm muhtarlarla aile foto\u011fraf\u0131 \u00e7ektirdi. Etkinli\u011fin ard\u0131ndan uzun s\u00fcre muhtarlarla sohbet eden Ta\u015fdelen, yeni d\u00f6nemde hayata ge\u00e7irecekleri \u00e7al\u0131\u015fmalar\u0131 da muhtarlara aktard\u0131.<\/p>\n","protected":false},"excerpt":{"rendered":"<p>\u00c7ANKAYA BELED\u0130YE BA\u015eKANI ALPER TA\u015eDELEN, Z\u00dcBEYDE HANIM SOSYAL TES\u0130S\u0130NDE D\u00dcZENLED\u0130\u011e\u0130 KAHVALTIDA \u00c7ANKAYA MUHTARLARIYLA B\u0130R ARAYA GELD\u0130. TA\u015eDELEN, &#8220;SON BE\u015e YILDA B\u0130RL\u0130KTE YAPTI\u011eIMIZ \u00c7ALI\u015eMALARLA \u00c7ANKAYA&#8217;YI YEPYEN\u0130 B\u0130R NOKTAYA TA\u015eIDIK. \u00c7ANKAYA&#8217;YI T\u00dcRK\u0130YE&#8217;N\u0130N \u00d6RNEK ALDI\u011eI B\u0130R \u0130L\u00c7E HAL\u0130NE GET\u0130RD\u0130K&#8221; DED\u0130.<\/p>\n","protected":false},"author":1,"featured_media":0,"comment_status":"closed","ping_status":"open","sticky":false,"template":"","format":"standard","meta":{"jetpack_post_was_ever_published":false,"_jetpack_newsletter_access":"","_jetpack_dont_email_post_to_subs":false,"_jetpack_newsletter_tier_id":0,"_jetpack_memberships_contains_paywalled_content":false,"_jetpack_memberships_contains_paid_content":false,"footnotes":"","jetpack_publicize_message":"","jetpack_publicize_feature_enabled":true,"jetpack_social_post_already_shared":true,"jetpack_social_options":{"image_generator_settings":{"template":"highway","default_image_id":0,"font":"","enabled":false},"version":2}},"categories":[1],"tags":[100,389,2042,1529,2043],"class_list":["post-170145","post","type-post","status-publish","format-standard","hentry","category-genel","tag-baskan","tag-bulustu","tag-cankaya","tag-muhtarlariyla","tag-tasdelen"],"jetpack_publicize_connections":[],"jetpack_featured_media_url":"","jetpack_sharing_enabled":true,"jetpack_shortlink":"https:\/\/wp.me\/paKIfm-Igh","_links":{"self":[{"href":"http:\/\/www.tvturk.com\/index.php\/wp-json\/wp\/v2\/posts\/170145","targetHints":{"allow":["GET"]}}],"collection":[{"href":"http:\/\/www.tvturk.com\/index.php\/wp-json\/wp\/v2\/posts"}],"about":[{"href":"http:\/\/www.tvturk.com\/index.php\/wp-json\/wp\/v2\/types\/post"}],"author":[{"embeddable":true,"href":"http:\/\/www.tvturk.com\/index.php\/wp-json\/wp\/v2\/users\/1"}],"replies":[{"embeddable":true,"href":"http:\/\/www.tvturk.com\/index.php\/wp-json\/wp\/v2\/comments?post=170145"}],"version-history":[{"count":0,"href":"http:\/\/www.tvturk.com\/index.php\/wp-json\/wp\/v2\/posts\/170145\/revisions"}],"wp:attachment":[{"href":"http:\/\/www.tvturk.com\/index.php\/wp-json\/wp\/v2\/media?parent=170145"}],"wp:term":[{"taxonomy":"category","embeddable":true,"href":"http:\/\/www.tvturk.com\/index.php\/wp-json\/wp\/v2\/categories?post=170145"},{"taxonomy":"post_tag","embeddable":true,"href":"http:\/\/www.tvturk.com\/index.php\/wp-json\/wp\/v2\/tags?post=170145"}],"curies":[{"name":"wp","href":"https:\/\/api.w.org\/{rel}","templated":true}]}}