{"id":170153,"date":"2019-06-16T11:34:04","date_gmt":"2019-06-16T08:34:04","guid":{"rendered":"http:\/\/www.tvturk.com\/index.php\/elazigda-yilanlarin-dansi-goruntulendi\/"},"modified":"2019-06-16T11:34:04","modified_gmt":"2019-06-16T08:34:04","slug":"elazigda-yilanlarin-dansi-goruntulendi","status":"publish","type":"post","link":"http:\/\/www.tvturk.com\/index.php\/elazigda-yilanlarin-dansi-goruntulendi\/","title":{"rendered":"Elaz\u0131\u011f\u2019da y\u0131lanlar\u0131n dans\u0131 g\u00f6r\u00fcnt\u00fclendi"},"content":{"rendered":"<p>Elaz\u0131\u011f\u2019da bir k\u00f6yde y\u0131lanlar\u0131n dans\u0131 g\u00f6r\u00fcnt\u00fclendi.<\/p>\n<p>Merkeze ba\u011fl\u0131 Elmap\u0131nar\u0131 k\u00f6y\u00fcnde bir tarlada 2 y\u0131lan\u0131n dans\u0131 g\u00f6r\u00fcnt\u00fclere yans\u0131d\u0131. Birbirine kenetlenen y\u0131lanlar, uzun s\u00fcre birbirine dolanarak dans edercesine hareket etti. O an\u0131 g\u00f6ren vatanda\u015flardan biri cep telefonu ile y\u0131lanlar\u0131n dans\u0131n\u0131 kaydetti. Y\u0131lanlar bir s\u00fcre sonra ekinlerin aras\u0131nda kayboldu.<\/p>\n<p>Y\u0131lanlar\u0131n bu hareketinin \u00e7iftle\u015fme dans\u0131 olarak yorumland\u0131\u011f\u0131 \u00f6\u011frenildi.<\/p>\n","protected":false},"excerpt":{"rendered":"<p>ELAZI\u011e\u2019IN MERKEZE BA\u011eLI ELMAPINARI K\u00d6Y\u00dcNDE YILANLARIN \u00c7\u0130FTLE\u015eME DANSI G\u00d6RENLER\u0130 \u015eA\u015eIRTTI.<\/p>\n","protected":false},"author":1,"featured_media":0,"comment_status":"closed","ping_status":"open","sticky":false,"template":"","format":"standard","meta":{"jetpack_post_was_ever_published":false,"_jetpack_newsletter_access":"","_jetpack_dont_email_post_to_subs":false,"_jetpack_newsletter_tier_id":0,"_jetpack_memberships_contains_paywalled_content":false,"_jetpack_memberships_contains_paid_content":false,"footnotes":"","jetpack_publicize_message":"","jetpack_publicize_feature_enabled":true,"jetpack_social_post_already_shared":true,"jetpack_social_options":{"image_generator_settings":{"template":"highway","default_image_id":0,"font":"","enabled":false},"version":2}},"categories":[1],"tags":[1548,2479,3388,36219],"class_list":["post-170153","post","type-post","status-publish","format-standard","hentry","category-genel","tag-dansi","tag-elazigda","tag-goruntulendi","tag-yilanlarin"],"jetpack_publicize_connections":[],"jetpack_featured_media_url":"","jetpack_sharing_enabled":true,"jetpack_shortlink":"https:\/\/wp.me\/paKIfm-Igp","_links":{"self":[{"href":"http:\/\/www.tvturk.com\/index.php\/wp-json\/wp\/v2\/posts\/170153","targetHints":{"allow":["GET"]}}],"collection":[{"href":"http:\/\/www.tvturk.com\/index.php\/wp-json\/wp\/v2\/posts"}],"about":[{"href":"http:\/\/www.tvturk.com\/index.php\/wp-json\/wp\/v2\/types\/post"}],"author":[{"embeddable":true,"href":"http:\/\/www.tvturk.com\/index.php\/wp-json\/wp\/v2\/users\/1"}],"replies":[{"embeddable":true,"href":"http:\/\/www.tvturk.com\/index.php\/wp-json\/wp\/v2\/comments?post=170153"}],"version-history":[{"count":0,"href":"http:\/\/www.tvturk.com\/index.php\/wp-json\/wp\/v2\/posts\/170153\/revisions"}],"wp:attachment":[{"href":"http:\/\/www.tvturk.com\/index.php\/wp-json\/wp\/v2\/media?parent=170153"}],"wp:term":[{"taxonomy":"category","embeddable":true,"href":"http:\/\/www.tvturk.com\/index.php\/wp-json\/wp\/v2\/categories?post=170153"},{"taxonomy":"post_tag","embeddable":true,"href":"http:\/\/www.tvturk.com\/index.php\/wp-json\/wp\/v2\/tags?post=170153"}],"curies":[{"name":"wp","href":"https:\/\/api.w.org\/{rel}","templated":true}]}}