{"id":170155,"date":"2019-06-16T11:35:10","date_gmt":"2019-06-16T08:35:10","guid":{"rendered":"http:\/\/www.tvturk.com\/index.php\/kan-vererek-222-kisinin-hayatini-kurtardi\/"},"modified":"2019-06-16T11:35:10","modified_gmt":"2019-06-16T08:35:10","slug":"kan-vererek-222-kisinin-hayatini-kurtardi","status":"publish","type":"post","link":"http:\/\/www.tvturk.com\/index.php\/kan-vererek-222-kisinin-hayatini-kurtardi\/","title":{"rendered":"Kan vererek 222 ki\u015finin hayat\u0131n\u0131 kurtard\u0131"},"content":{"rendered":"<p>Verilen bir \u00fcnite kanla \u00fc\u00e7 hayat kurtar\u0131l\u0131rken, Manisa Vali Yard\u0131mc\u0131s\u0131 Hayri Sand\u0131k\u00e7\u0131 kay\u0131tlara ge\u00e7en 74\u2019\u00fcnc\u00fc kan ba\u011f\u0131\u015f\u0131n\u0131 ger\u00e7ekle\u015ftirerek bir rekora imza att\u0131. T\u00fcm toplumu kan ba\u011f\u0131\u015f\u0131na davet eden 61 ya\u015f\u0131ndaki Sand\u0131k\u00e7\u0131, ihtiya\u00e7 halinde kan bulabilmek i\u00e7in herkesin sa\u011fl\u0131kl\u0131yken kan vermesi gerekti\u011fini s\u00f6yledi.<\/p>\n<p>K\u0131z\u0131lay\u2019\u0131n kurulu\u015funun 152. y\u0131l\u0131nda K\u0131z\u0131lay Manisa Kan Merkezi\u2019ni ziyaret eden Manisa Vali Yard\u0131mc\u0131s\u0131 Hayri Sand\u0131k\u00e7\u0131, beraberinde Manisa \u0130l \u0130dare Kurulu M\u00fcd\u00fcr\u00fc Cihangir Deniz ile birlikte kan ba\u011f\u0131\u015f\u0131nda bulunmay\u0131 da ihmal etmedi. \u00d6zellikle yaz aylar\u0131nda kan ba\u011f\u0131\u015f\u0131n\u0131n d\u00fc\u015ft\u00fc\u011f\u00fcne dikkat \u00e7eken K\u0131z\u0131lay Kan Merkezi yetkilileri ise toplum liderlerinin ve idarecilerinin kan ba\u011f\u0131\u015f\u0131nda bulunmas\u0131n\u0131n \u00f6rnek te\u015fkil etti\u011fini belirtti. Kay\u0131tlara ge\u00e7en 74 kan ba\u011f\u0131\u015f\u0131yla \u00f6rnek olan 61 ya\u015f\u0131ndaki Vali Yard\u0131mc\u0131s\u0131 Hayri Sand\u0131k\u00e7\u0131, &#8220;Bildi\u011finiz gibi kan \u00e7ok \u00f6nemli. \u00dcretilemeyen, yapay olarak bulunamayan hayati bir madde. Bu nedenle kazalarda, hastal\u0131klarda, sava\u015flarda, bir\u00e7ok afette insanlar yo\u011fun bir \u015fekilde kana ihtiya\u00e7 duymakta. Dolay\u0131s\u0131yla bu kan\u0131 normal zamanda sa\u011fl\u0131kl\u0131 insanlar\u0131n vererek temin etmesi gerekiyor. Bu bir sorumluluk meselesi. Topluma kar\u015f\u0131 olan sorumlulu\u011fumuz. Sa\u011fl\u0131\u011f\u0131 olan herkesin kan vermesi gerekti\u011fine inan\u0131yorum. Hepimiz yar\u0131n kana ihtiya\u00e7 duyabiliriz. \u0130htiya\u00e7 duydu\u011fumuzda kan\u0131 bulabilmek i\u00e7in de sa\u011fl\u0131kl\u0131yken kan vermemiz gerekir diye d\u00fc\u015f\u00fcn\u00fcyorum. Toplum olarak bir\u00e7ok konuda kana ihtiya\u00e7 duydu\u011fumuz halde maalesef genel olarak son y\u0131llardaki art\u0131\u015fa ra\u011fmen kan\u0131 tam olarak kar\u015f\u0131layam\u0131yoruz. Zaman zaman d\u0131\u015far\u0131dan kan almak durumunda kal\u0131yoruz. Bu bizim i\u00e7in, toplum i\u00e7in bir sak\u0131nca. Yani yeteri kadar kan ba\u011f\u0131\u015f\u0131nda bulunmam\u0131z gerekir. Yaln\u0131z kan de\u011fil, k\u00f6k h\u00fccre ve di\u011fer organ ba\u011f\u0131\u015f\u0131 konusunda da duyarl\u0131 olup insanlar\u0131m\u0131za yard\u0131mc\u0131 olmam\u0131z gerekir, hayat vermemiz  gerekir. \u00c7\u00fcnk\u00fc bir\u00e7ok \u00e7ocu\u011fumuz \u00f6zellikle l\u00f6semide bir\u00e7ok \u00e7ocu\u011fumuz k\u00f6k h\u00fccre bekleyerek maalesef uygun k\u00f6k h\u00fccre bulunamad\u0131\u011f\u0131 i\u00e7in hayat\u0131n\u0131 kaybetmektedir. Bu toplum olarak hepimizi \u00fczmektedir. Bu nedenle b\u00fct\u00fcn insanlar\u0131m\u0131z\u0131 kan ba\u011f\u0131\u015f\u0131na, k\u00f6k h\u00fccre ba\u011f\u0131\u015f\u0131na ve organ ba\u011f\u0131\u015f\u0131na davet ediyorum. Ben de bunu idareci olarak bulundu\u011fum yerlerde te\u015fvik olmas\u0131 nedeniyle, insanlara \u00f6rnek olmam\u0131z nedeniyle kan veriyorum ve bu t\u00fcr kampanyalar\u0131 da destekliyorum. Kayda ge\u00e7en 74\u2019\u00fcnc\u00fc kan ba\u011f\u0131\u015f\u0131nda bulunuyorum. Kayda ge\u00e7meyen 20\u2019in \u00fczerinde bir ba\u011f\u0131\u015f\u0131m daha var. Dolay\u0131s\u0131yla bu konuda topluma \u00f6rnek olabiliyorsam ne mutlu bana&#8221; dedi.<\/p>\n<p>&#8220;Takdire \u015fayan bir davran\u0131\u015f&#8221;<\/p>\n<p>Yaz\u0131n kan ba\u011f\u0131\u015f\u0131 oranlar\u0131n\u0131n d\u00fc\u015ft\u00fc\u011f\u00fcne dikkat \u00e7eken Manisa K\u0131z\u0131lay Kan \u0130stasyonu M\u00fcd\u00fcr\u00fc Dr. \u0130smet Nardal, &#8220;Yaz\u0131n vatanda\u015flar araziye gidiyor ve kan ba\u011f\u0131\u015f\u0131nda bir azalma oluyor. Ramazan geliyor, yine bir azalma oluyor. Bizler buna g\u00f6re programlar\u0131m\u0131z\u0131 yap\u0131yoruz. Yaz g\u00fcn\u00fc geldi\u011fi zaman il\u00e7e, kasaba ve k\u00f6ylerimize gidiyoruz, k\u0131\u015f\u0131n da ova k\u00f6ylerimize gidiyoruz. Dolay\u0131s\u0131yla Manisa\u2019daki kan stoklar\u0131m\u0131z\u0131 azami derecede tutuyoruz. Toplum lideri olan, bir idarenin ba\u015f\u0131nda olan  y\u00f6neticilerimizin kan vermesi, alt\u0131ndaki personeli de motive ediyor. Dolay\u0131s\u0131yla \u015fuanda say\u0131n valimizin ziyareti vilayetteki personeli de, di\u011fer personeli de olumlu y\u00f6nde etkiliyor. T\u00fcm vatanda\u015flar\u0131m\u0131z\u0131 kan ba\u011f\u0131\u015f\u0131na davet ediyorum. Kan vermenin sa\u011fl\u0131k a\u00e7\u0131s\u0131ndan hi\u00e7bir zarar\u0131 yok yeter ki sa\u011fl\u0131kl\u0131 olsun. G\u00f6n\u00fcll\u00fc kahramanlara \u00e7ok ihtiyac\u0131m\u0131z var. Say\u0131n valimizin rekor seviyede bir kan ba\u011f\u0131\u015f\u0131 var. Bu kolay kolay elde edilmez ama demek ki bu ba\u011f\u0131\u015f\u0131 verdi, kendisinde herhangi bir s\u0131k\u0131nt\u0131 olmad\u0131 ve mutlu oluyor. Verdi\u011fi her kan 3 ki\u015fiye hayat veriyor. Kay\u0131tlara ge\u00e7mi\u015f 74 kan ba\u011f\u0131\u015f\u0131 var. Bu takdire \u015fayan bir davran\u0131\u015ft\u0131r. G\u00f6n\u00fcll\u00fc ve \u00f6rnek bir don\u00f6r\u00fcm\u00fcz. \u015euanda rekor seviyede kan ba\u011f\u0131\u015f\u0131 yapm\u0131\u015f&#8221; diye konu\u015ftu.<\/p>\n<p>Manisa\u2019da ge\u00e7en y\u0131l t\u00fcm hastaneleri 57 bin 800 \u00fcnite kan kulland\u0131\u011f\u0131n\u0131 kaydeden Nardal, Manisa\u2019da ge\u00e7en y\u0131l 66 bin 93 \u00fcnite kan topland\u0131\u011f\u0131n\u0131 ve Manisa\u2019daki ihtiyac\u0131 kar\u015f\u0131lad\u0131klar\u0131 gibi Ege B\u00f6lgesi ve di\u011fer b\u00f6lgelere de kan g\u00f6nderdiklerini belirtti. Y\u0131llard\u0131r kan istasyonunda kan ba\u011f\u0131\u015flar\u0131n\u0131 alan Hem\u015fire G\u00fclen Obal\u0131 ise, \u00f6zelikle trombosit ba\u011f\u0131\u015f\u0131nda bulunmas\u0131 \u00e7a\u011fr\u0131s\u0131nda bulunarak \u015funlar\u0131 s\u00f6yledi:<\/p>\n<p>&#8220;Biz hasta yak\u0131nlar\u0131yla bazen \u00e7ok i\u00e7 i\u00e7e olabiliyoruz. Onlar\u0131n \u00e7aresizliklerini g\u00f6rebiliyoruz. Onlar g\u00f6rm\u00fcyor olabilirler. Evet burada kan ba\u011f\u0131\u015f\u0131nda bir saatimizi ay\u0131rmam\u0131z gerekiyor. \u00c7ok fazla kendimizden bir \u015feyler veriyormu\u015f gibi olabilir ama bir saat burada bir \u00e7ocu\u011fun veya bir kanser hastas\u0131n\u0131n 3 g\u00fcn\u00fc 5 g\u00fcn\u00fc. O y\u00fczden \u00f6zellikle trombosit ba\u011f\u0131\u015f\u0131na bekliyoruz \u00f6zellikle. Ben bunun \u00f6zellikle \u00fczerine basa basa s\u00f6ylemek istiyorum.&#8221;<\/p>\n<p>Manisa kan ba\u011f\u0131\u015f\u0131nda \u00f6nde gelen illerden<\/p>\n<p>Kan ba\u011f\u0131\u015f\u0131 konusunda \u00f6nde gelen illerden biri olan Manisa\u2019da kan ba\u011f\u0131\u015flayan g\u00f6n\u00fcll\u00fc ba\u011f\u0131\u015f\u00e7\u0131lardan Vedat Do\u011fan ise, bug\u00fcne kadar 41 kez kan ba\u011f\u0131\u015flad\u0131\u011f\u0131n\u0131 belirterek, &#8220;Kan ba\u011f\u0131\u015f\u0131na 5-6 y\u0131ld\u0131r devam etmekteyim. 41. ba\u011f\u0131\u015f\u0131m\u0131 yap\u0131yorum. Uzun soluklu olarak devam etmeyi d\u00fc\u015f\u00fcn\u00fcyorum. Dar\u0131s\u0131 buraya gelen di\u011fer karde\u015flerimizin ba\u015f\u0131na. Herkesi kan ba\u011f\u0131\u015flamaya davet ediyoruz. \u0130htiya\u00e7 var g\u00f6n\u00fclden desteklemek gerekiyor. B\u00fcy\u00fcklerimizin kan ba\u011f\u0131\u015f\u0131na \u00f6nc\u00fc olmalar\u0131 ve bunun akabinde kan ba\u011f\u0131\u015f\u0131nda bulunmak isteyenlere destek olduklar\u0131 i\u00e7in te\u015fekk\u00fcr ediyorum&#8221; dedi.<\/p>\n<p>39 kez kan ba\u011f\u0131\u015f\u0131nda bulunan Nadir Darca isimli vatanda\u015f da, &#8220;Hayat kurtarmak i\u00e7in herkesin kan ba\u011f\u0131\u015f\u0131nda bulunmas\u0131n\u0131 istiyorum. 1 \u00fcnite kan \u00fc\u00e7 hayat\u0131 kurtar\u0131yor&#8221; diye konu\u015ftu.<\/p>\n<p>K\u0131z\u0131lay Kan Merkezi\u2019nde 9. kez kan ba\u011f\u0131\u015f\u0131nda bulunan Manisa \u0130l \u0130dare Kurulu M\u00fcd\u00fcr\u00fc Cihangir Deniz ise \u015funlar\u0131 s\u00f6yledi:<\/p>\n<p>&#8220;Bu benim 9. kan ba\u011f\u0131\u015f\u0131m. Kan ba\u011f\u0131\u015flamakta her zaman gurur duydum. Bir insan\u0131n hayat\u0131n\u0131 kurtarmak gurur verici bir olayd\u0131r.&#8221;<\/p>\n","protected":false},"excerpt":{"rendered":"<p>MAN\u0130SA&#8217;DA GE\u00c7EN YIL T\u00dcM HASTANELER\u0130 57 B\u0130N 800 \u00dcN\u0130TE KAN KULLANDI\u011eINI KAYDEDEN MAN\u0130SA KIZILAY KAN MERKEZ\u0130 M\u00dcD\u00dcR\u00dc DR. \u0130SMET NARDAL (SOLDAN 1.) MAN\u0130SA&#8217;DA GE\u00c7EN YIL 66 B\u0130N 93 \u00dcN\u0130TE KAN TOPLANDI\u011eINI VE MAN\u0130SA&#8217;DAK\u0130 \u0130HT\u0130YACI KAR\u015eILADIKLARI G\u0130B\u0130 EGE B\u00d6LGES\u0130 VE D\u0130\u011eER B\u00d6LGELERE DE KAN G\u00d6NDERD\u0130KLER\u0130N\u0130 BEL\u0130RTT\u0130.<\/p>\n","protected":false},"author":1,"featured_media":0,"comment_status":"closed","ping_status":"open","sticky":false,"template":"","format":"standard","meta":{"jetpack_post_was_ever_published":false,"_jetpack_newsletter_access":"","_jetpack_dont_email_post_to_subs":false,"_jetpack_newsletter_tier_id":0,"_jetpack_memberships_contains_paywalled_content":false,"_jetpack_memberships_contains_paid_content":false,"footnotes":"","jetpack_publicize_message":"","jetpack_publicize_feature_enabled":true,"jetpack_social_post_already_shared":true,"jetpack_social_options":{"image_generator_settings":{"template":"highway","default_image_id":0,"font":"","enabled":false},"version":2}},"categories":[1],"tags":[34294,848,202,6893,477,6112],"class_list":["post-170155","post","type-post","status-publish","format-standard","hentry","category-genel","tag-34294","tag-hayatini","tag-kan","tag-kisinin","tag-kurtardi","tag-vererek"],"jetpack_publicize_connections":[],"jetpack_featured_media_url":"","jetpack_sharing_enabled":true,"jetpack_shortlink":"https:\/\/wp.me\/paKIfm-Igr","_links":{"self":[{"href":"http:\/\/www.tvturk.com\/index.php\/wp-json\/wp\/v2\/posts\/170155","targetHints":{"allow":["GET"]}}],"collection":[{"href":"http:\/\/www.tvturk.com\/index.php\/wp-json\/wp\/v2\/posts"}],"about":[{"href":"http:\/\/www.tvturk.com\/index.php\/wp-json\/wp\/v2\/types\/post"}],"author":[{"embeddable":true,"href":"http:\/\/www.tvturk.com\/index.php\/wp-json\/wp\/v2\/users\/1"}],"replies":[{"embeddable":true,"href":"http:\/\/www.tvturk.com\/index.php\/wp-json\/wp\/v2\/comments?post=170155"}],"version-history":[{"count":0,"href":"http:\/\/www.tvturk.com\/index.php\/wp-json\/wp\/v2\/posts\/170155\/revisions"}],"wp:attachment":[{"href":"http:\/\/www.tvturk.com\/index.php\/wp-json\/wp\/v2\/media?parent=170155"}],"wp:term":[{"taxonomy":"category","embeddable":true,"href":"http:\/\/www.tvturk.com\/index.php\/wp-json\/wp\/v2\/categories?post=170155"},{"taxonomy":"post_tag","embeddable":true,"href":"http:\/\/www.tvturk.com\/index.php\/wp-json\/wp\/v2\/tags?post=170155"}],"curies":[{"name":"wp","href":"https:\/\/api.w.org\/{rel}","templated":true}]}}