{"id":170220,"date":"2019-06-16T12:52:49","date_gmt":"2019-06-16T09:52:49","guid":{"rendered":"http:\/\/www.tvturk.com\/index.php\/kasta-meis-acik-deniz-yuzme-yarisi-yapildi\/"},"modified":"2019-06-16T12:52:49","modified_gmt":"2019-06-16T09:52:49","slug":"kasta-meis-acik-deniz-yuzme-yarisi-yapildi","status":"publish","type":"post","link":"http:\/\/www.tvturk.com\/index.php\/kasta-meis-acik-deniz-yuzme-yarisi-yapildi\/","title":{"rendered":"Ka\u015f\u2019ta Meis A\u00e7\u0131k Deniz Y\u00fczme Yar\u0131\u015f\u0131 yap\u0131ld\u0131"},"content":{"rendered":"<p>22. Uluslararas\u0131 Ka\u015f Likya K\u00fclt\u00fcr ve Sanat Festivali kapsam\u0131nda d\u00fczenlenen Meis Ka\u015f A\u00e7\u0131k Deniz Y\u00fczme Yar\u0131\u015f\u0131 yap\u0131ld\u0131.<\/p>\n<p>Bu y\u0131l Ka\u015f Belediyesi taraf\u0131ndan 15.\u2019si d\u00fczenlenen Meis Ka\u015f Y\u00fczme Yar\u0131\u015f\u0131\u2019na 10 \u00fclkeden toplamda 180 sporcu kat\u0131ld\u0131. Yunanistan\u2019\u0131n T\u00fcrkiye\u2019ye en yak\u0131n kara par\u00e7as\u0131 olan Meis Adas\u0131\u2019nda ba\u015flayan yar\u0131\u015f, d\u00fcnyan\u0131n en g\u00f6zde tatil beldelerinden biri Ka\u015f\u2019ta sona erdi. Yar\u0131\u015fa kat\u0131lan sporcular sabah saatlerinde teknelerle Ka\u015f\u2019tan yar\u0131\u015f\u0131n ba\u015flama noktas\u0131 Meis Adas\u0131\u2019na g\u00f6t\u00fcr\u00fcld\u00fc. Buradaki haz\u0131rl\u0131klar\u0131n ard\u0131ndan Ka\u015f Belediye Ba\u015fkan\u0131 Mutlu Uluta\u015f ve Meis Adas\u0131\u2019n\u0131n temsilcileri yar\u0131\u015f\u0131n start\u0131n\u0131 verdi. 7.1 kilometre uzunlu\u011fundaki zorlu ve keyifli a\u00e7\u0131k su y\u00fczme yar\u0131\u015f\u0131nda sporcular dostlu\u011fa kula\u00e7 att\u0131. Yar\u0131\u015f\u0131n 18-24 ya\u015f kategorisinde 1 saat 32 dakikal\u0131k derecesiyle Nilay Erkal birinci oldu. 50-54 ya\u015f kategorisinde Bekir Emrah Gemicio\u011flu, 1 saat 40 dakikal\u0131k derecesiyle birincili\u011fi elde etti. Yar\u0131\u015f\u0131n 18-24 ya\u015f kategorisi birincisi Nilay Erkal, \u201cBu yar\u0131\u015fa 4 . kez kat\u0131l\u0131yorum. \u00c7ok mutluyum. Organizasyon i\u00e7in herkese te\u015fekk\u00fcr ederim&#8221; dedi.<\/p>\n<p>Yar\u0131\u015fa 18 ya\u015f alt\u0131 kategorisinde kat\u0131lan en gen\u00e7 sporcu 15 ya\u015f\u0131ndaki Mustafa \u00c7a\u011flar Co\u015fkun ise,  \u201cYedi seneden beri y\u00fczme sporuyla u\u011fra\u015f\u0131yorum. Ge\u00e7en sene de bu yar\u0131\u015fa kat\u0131ld\u0131m ve yedinci oldum. Bu sene 1 saat 45 dakika ile \u00fc\u00e7\u00fcnc\u00fc oldum. Mutluyum. \u0130n\u015fallah seneye daha iyi olaca\u011f\u0131m\u201d diye konu\u015ftu.<\/p>\n<p>Belediye Ba\u015fkan\u0131 Mutlu Uluta\u015f, Meis Ka\u015f Y\u00fczme Yar\u0131\u015f\u0131\u2019nda at\u0131lan kula\u00e7lar\u0131n dostlu\u011fa, bar\u0131\u015fa ve karde\u015fli\u011fe hizmet etti\u011fini ifade ederek, organizasyonlar\u0131n art\u0131r\u0131larak devam edece\u011fini belirtti.<\/p>\n","protected":false},"excerpt":{"rendered":"<p>22. ULUSLARARASI KA\u015e L\u0130KYA K\u00dcLT\u00dcR VE SANAT FEST\u0130VAL\u0130 KAPSAMINDA D\u00dcZENLENEN ME\u0130S KA\u015e A\u00c7IK DEN\u0130Z Y\u00dcZME YARI\u015eI YAPILDI.<\/p>\n","protected":false},"author":1,"featured_media":0,"comment_status":"closed","ping_status":"open","sticky":false,"template":"","format":"standard","meta":{"jetpack_post_was_ever_published":false,"_jetpack_newsletter_access":"","_jetpack_dont_email_post_to_subs":false,"_jetpack_newsletter_tier_id":0,"_jetpack_memberships_contains_paywalled_content":false,"_jetpack_memberships_contains_paid_content":false,"footnotes":"","jetpack_publicize_message":"","jetpack_publicize_feature_enabled":true,"jetpack_social_post_already_shared":true,"jetpack_social_options":{"image_generator_settings":{"template":"highway","default_image_id":0,"font":"","enabled":false},"version":2}},"categories":[657],"tags":[9804,1471,896,40985,117,1729,4292],"class_list":["post-170220","post","type-post","status-publish","format-standard","hentry","category-spor","tag-acik","tag-deniz","tag-kasta","tag-meis","tag-yapildi","tag-yarisi","tag-yuzme"],"jetpack_publicize_connections":[],"jetpack_featured_media_url":"","jetpack_sharing_enabled":true,"jetpack_shortlink":"https:\/\/wp.me\/paKIfm-Ihu","_links":{"self":[{"href":"http:\/\/www.tvturk.com\/index.php\/wp-json\/wp\/v2\/posts\/170220","targetHints":{"allow":["GET"]}}],"collection":[{"href":"http:\/\/www.tvturk.com\/index.php\/wp-json\/wp\/v2\/posts"}],"about":[{"href":"http:\/\/www.tvturk.com\/index.php\/wp-json\/wp\/v2\/types\/post"}],"author":[{"embeddable":true,"href":"http:\/\/www.tvturk.com\/index.php\/wp-json\/wp\/v2\/users\/1"}],"replies":[{"embeddable":true,"href":"http:\/\/www.tvturk.com\/index.php\/wp-json\/wp\/v2\/comments?post=170220"}],"version-history":[{"count":0,"href":"http:\/\/www.tvturk.com\/index.php\/wp-json\/wp\/v2\/posts\/170220\/revisions"}],"wp:attachment":[{"href":"http:\/\/www.tvturk.com\/index.php\/wp-json\/wp\/v2\/media?parent=170220"}],"wp:term":[{"taxonomy":"category","embeddable":true,"href":"http:\/\/www.tvturk.com\/index.php\/wp-json\/wp\/v2\/categories?post=170220"},{"taxonomy":"post_tag","embeddable":true,"href":"http:\/\/www.tvturk.com\/index.php\/wp-json\/wp\/v2\/tags?post=170220"}],"curies":[{"name":"wp","href":"https:\/\/api.w.org\/{rel}","templated":true}]}}