{"id":170224,"date":"2019-06-16T12:56:20","date_gmt":"2019-06-16T09:56:20","guid":{"rendered":"http:\/\/www.tvturk.com\/index.php\/camlica-kulesinde-test-calismalari-yil-sonunca-basliyor\/"},"modified":"2019-06-16T12:56:20","modified_gmt":"2019-06-16T09:56:20","slug":"camlica-kulesinde-test-calismalari-yil-sonunca-basliyor","status":"publish","type":"post","link":"http:\/\/www.tvturk.com\/index.php\/camlica-kulesinde-test-calismalari-yil-sonunca-basliyor\/","title":{"rendered":"\u00c7aml\u0131ca Kulesi\u2019nde test \u00e7al\u0131\u015fmalar\u0131 y\u0131l sonunca ba\u015fl\u0131yor"},"content":{"rendered":"<p>Ula\u015ft\u0131rma ve Altyap\u0131 Bakan\u0131 Cahit Turhan, \u00c7aml\u0131ca Kulesi in\u015faat\u0131nda incelemelerde bulundu. Projenin y\u00fczde 85 oran\u0131nda tamamland\u0131\u011f\u0131n\u0131 a\u00e7\u0131klayan Bakan Turhan, y\u0131l sonunda kuledeki test \u00e7al\u0131\u015fmalar\u0131na ba\u015flanaca\u011f\u0131n\u0131; 2020 y\u0131l\u0131 ortalar\u0131nda ise \u00c7aml\u0131ca Tepesi\u2019nde g\u00f6r\u00fcnt\u00fc kirlili\u011fi olu\u015fturan antenlerin b\u00fcy\u00fck oranda kald\u0131r\u0131laca\u011f\u0131n\u0131 s\u00f6yledi.<\/p>\n<p>Ula\u015ft\u0131rma ve Altyap\u0131 Bakan\u0131 Cahit Turhan, yap\u0131m\u0131 devam eden \u00c7aml\u0131ca Radyo &#8211; Televizyon Kulesi\u2019nin in\u015faat\u0131nda incelemelerde bulundu. Kulenin in\u015faat alan\u0131ndaki incelemeleri \u00f6ncesinde bas\u0131n mensuplar\u0131na a\u00e7\u0131klama yapan Bakan Turhan, \u201cBug\u00fcn Babalar G\u00fcn\u00fc. T\u00fcm babalar\u0131n, babalar\u0131m\u0131z\u0131n g\u00fcn\u00fc kutlu olsun. Ahirete intikal edenlere de rahmet diliyorum. Yine bug\u00fcn \u00fclkemizde YKS s\u0131nav\u0131 var. Bu s\u0131navda \u015fu anda ter d\u00f6ken evlatlar\u0131m\u0131za da ba\u015far\u0131lar diliyorum. Radyo ve televizyon insanlar\u0131n en pop\u00fcler ileti\u015fim, bilgilendirme ve e\u011flence arac\u0131. Bili\u015fim \u00e7a\u011f\u0131nda halen, toplumun t\u00fcm kesimlerine ula\u015fan en etkin ileti\u015fim ara\u00e7lar\u0131. Bu ileti\u015fim ara\u00e7lar\u0131, teknolojik geli\u015fmeler sonucu \u00f6nemli de\u011fi\u015fimler ge\u00e7irdi. \u00c7aml\u0131ca Kulesi ise bu noktada \u00e7ok \u00f6nemli bir projedir. \u00d6ncelikli olarak radyo televizyon yay\u0131nc\u0131l\u0131\u011f\u0131 i\u00e7in gerekli olan antenlerin, \u0130stanbul\u2019un siluetini kirletmesinin \u00f6n\u00fcne ge\u00e7mesi bak\u0131m\u0131ndan da \u00f6nemlidir. \u00c7\u00fcnk\u00fc \u00fclkemizde \u00f6teden beri s\u00fcregelen yay\u0131nc\u0131l\u0131k alan\u0131nda her televizyon ve radyo kurulu\u015fu kendine ait bir radyo televizyon kulesi kurmu\u015f ve \u00c7aml\u0131ca Tepesi metal  bir ormana d\u00f6nm\u00fc\u015f durumda. \u00c7\u00fcnk\u00fc bu vericiler son derece \u00e7irkin bir g\u00f6r\u00fcnt\u00fc olu\u015fturuyor. \u0130\u015fte \u00c7aml\u0131ca Televizyon Kulesi ile burada bulunan, \u00f6ncelikli olarak radyo vericileri olmak \u00fczere, zaman i\u00e7erisinde televizyon vericileri de dahil b\u00fcy\u00fck bir b\u00f6l\u00fcm\u00fc kald\u0131r\u0131larak tek bir kule \u00fczerinde toplanacak. Bunun da \u00f6tesinde, bu kule 369 metre yap\u0131sal y\u00fcksekli\u011fiyle yeni bir kule olmaktan ziyade, \u0130stanbul i\u00e7in simge bir yap\u0131 niteli\u011fi de ta\u015f\u0131yacak. 10 bin metrekarelik alana in\u015fa edilen ve deniz seviyesinden 578 metre y\u00fckseklikle olan bu kule, \u0130stanbul\u2019un yeni turizm merkezlerinden biri haline gelecek. Kulede kullan\u0131lacak panoramik asans\u00f6rler 180 metre boyunca bir yandan tarihi yar\u0131madaya, di\u011fer yandan Karadeniz\u2019e bakacak \u015fekilde yerle\u015ftirilecek. Seyir katlar\u0131 ve restoranlar\u0131 da hizmete girdi\u011finde her y\u0131l ortalama 4 bu\u00e7uk milyon ki\u015fiye hizmet verecek. Bug\u00fcn itibar\u0131 ile 45 kat\u0131n 30 kat\u0131, yani 202 metre kotuyla, 72 bu\u00e7uk metre kotlar\u0131 aras\u0131ndaki 130 metrelik d\u0131\u015f kat ve cephe imalatlar\u0131 tamamland\u0131. Yak\u0131n zamanda da a\u011f\u0131r imalatlar\u0131 bitirilerek, yay\u0131nc\u0131l\u0131k altyap\u0131s\u0131 \u00e7al\u0131\u015fmalar\u0131na h\u0131z verece\u011fiz. Bu kapsamda ilgili katlar olan 36, 37, 42 ve 43. katlara birle\u015ftirici, verici, so\u011futucu gibi ekipmanlar\u0131 Temmuz ay\u0131 i\u00e7erisinde yerle\u015ftirmeyi planl\u0131yoruz. \u015eu ana kadar y\u00fczde 85\u2019lik bir ilerleme sa\u011flam\u0131\u015f bulunuyoruz. Hedefimiz, bu y\u0131l sonunda \u00c7aml\u0131ca Televizyon Kulesi\u2019nde test \u00e7al\u0131\u015fmalar\u0131na ba\u015flamak. Bununla birlikte, 2020 y\u0131l\u0131 ba\u015f\u0131ndan ilk yar\u0131s\u0131na kadar \u00c7aml\u0131ca Kulesi\u2019nde g\u00f6r\u00fcnt\u00fc kirlili\u011fi olu\u015fturan antenlerin \u00f6nemli bir k\u0131sm\u0131 etap etap temizlenecek. Biz \u00fclkemize ve tabi ki \u0130stanbul\u2019a yat\u0131r\u0131mlar yaparken tek bir \u015feyi d\u00fc\u015f\u00fcn\u00fcyoruz; insan\u0131m\u0131z\u0131. Bunun i\u00e7in de a\u015fkla ve \u015fevkle \u00e7al\u0131\u015f\u0131yoruz. D\u00fcnyan\u0131n en b\u00fcy\u00fck projelerinden 5\u2019ini \u0130stanbul i\u00e7in yapt\u0131k. Yeni projelerimizi de bir bir hizmete veriyoruz\u201d dedi.<\/p>\n<p>A\u00e7\u0131klamas\u0131n\u0131n ard\u0131ndan Bakan Turhan\u2019a, \u00c7aml\u0131ca Kulesi in\u015faat\u0131nda \u00e7al\u0131\u015fan i\u015f\u00e7iler ad\u0131na Babalar G\u00fcn\u00fc dolay\u0131s\u0131 ile \u00e7i\u00e7ek takdim edildi. Daha sonra Bakan Turhan in\u015faat alan\u0131na ge\u00e7erek incelemelerde bulundu.<\/p>\n","protected":false},"excerpt":{"rendered":"<p>ULA\u015eTIRMA VE ALTYAPI BAKANI CAH\u0130T TURHAN, \u00c7AMLICA KULES\u0130 \u0130N\u015eAATINDA \u0130NCELEMELERDE BULUNDU.<\/p>\n","protected":false},"author":1,"featured_media":0,"comment_status":"closed","ping_status":"open","sticky":false,"template":"","format":"standard","meta":{"jetpack_post_was_ever_published":false,"_jetpack_newsletter_access":"","_jetpack_dont_email_post_to_subs":false,"_jetpack_newsletter_tier_id":0,"_jetpack_memberships_contains_paywalled_content":false,"_jetpack_memberships_contains_paid_content":false,"footnotes":"","jetpack_publicize_message":"","jetpack_publicize_feature_enabled":true,"jetpack_social_post_already_shared":true,"jetpack_social_options":{"image_generator_settings":{"template":"highway","default_image_id":0,"font":"","enabled":false},"version":2}},"categories":[1],"tags":[1647,310,21827,39857,40986,8384,231],"class_list":["post-170224","post","type-post","status-publish","format-standard","hentry","category-genel","tag-basliyor","tag-calismalari","tag-camlica","tag-kulesinde","tag-sonunca","tag-test","tag-yil"],"jetpack_publicize_connections":[],"jetpack_featured_media_url":"","jetpack_sharing_enabled":true,"jetpack_shortlink":"https:\/\/wp.me\/paKIfm-Ihy","_links":{"self":[{"href":"http:\/\/www.tvturk.com\/index.php\/wp-json\/wp\/v2\/posts\/170224","targetHints":{"allow":["GET"]}}],"collection":[{"href":"http:\/\/www.tvturk.com\/index.php\/wp-json\/wp\/v2\/posts"}],"about":[{"href":"http:\/\/www.tvturk.com\/index.php\/wp-json\/wp\/v2\/types\/post"}],"author":[{"embeddable":true,"href":"http:\/\/www.tvturk.com\/index.php\/wp-json\/wp\/v2\/users\/1"}],"replies":[{"embeddable":true,"href":"http:\/\/www.tvturk.com\/index.php\/wp-json\/wp\/v2\/comments?post=170224"}],"version-history":[{"count":0,"href":"http:\/\/www.tvturk.com\/index.php\/wp-json\/wp\/v2\/posts\/170224\/revisions"}],"wp:attachment":[{"href":"http:\/\/www.tvturk.com\/index.php\/wp-json\/wp\/v2\/media?parent=170224"}],"wp:term":[{"taxonomy":"category","embeddable":true,"href":"http:\/\/www.tvturk.com\/index.php\/wp-json\/wp\/v2\/categories?post=170224"},{"taxonomy":"post_tag","embeddable":true,"href":"http:\/\/www.tvturk.com\/index.php\/wp-json\/wp\/v2\/tags?post=170224"}],"curies":[{"name":"wp","href":"https:\/\/api.w.org\/{rel}","templated":true}]}}