{"id":170228,"date":"2019-06-16T13:02:06","date_gmt":"2019-06-16T10:02:06","guid":{"rendered":"http:\/\/www.tvturk.com\/index.php\/evkur-yeni-malatyaspor-kamp-calismalarina-14-kisilik-kadrosuyla-baslayacak\/"},"modified":"2019-06-16T13:02:06","modified_gmt":"2019-06-16T10:02:06","slug":"evkur-yeni-malatyaspor-kamp-calismalarina-14-kisilik-kadrosuyla-baslayacak","status":"publish","type":"post","link":"http:\/\/www.tvturk.com\/index.php\/evkur-yeni-malatyaspor-kamp-calismalarina-14-kisilik-kadrosuyla-baslayacak\/","title":{"rendered":"Evkur Yeni Malatyaspor kamp \u00e7al\u0131\u015fmalar\u0131na 14 ki\u015filik kadrosuyla ba\u015flayacak"},"content":{"rendered":"<p>Evkur Yeni Malatyaspor\u2019un kamp program\u0131 a\u00e7\u0131kland\u0131. Sar\u0131-k\u0131rm\u0131z\u0131l\u0131lar, 25 Haziran Sal\u0131 g\u00fcn\u00fc Malatya\u2019da toplanarak yeni sezon haz\u0131rl\u0131klar\u0131na ba\u015flayacak.<\/p>\n<p>Teknik adaml\u0131k g\u00f6revine Sergen Yal\u00e7\u0131n\u2019\u0131n geldi\u011fi Evkur Yeni Malatyaspor\u2019da Avrupa kupas\u0131 ma\u00e7lar\u0131ndan dolay\u0131 yeni sezon haz\u0131rl\u0131klar\u0131 erken ba\u015flayacak. Transfer g\u00f6r\u00fc\u015fmelerini yo\u011funla\u015ft\u0131ran Malatya temsilcisi, ilk etap kamp program\u0131n\u0131 da kamuoyuyla payla\u015ft\u0131.<\/p>\n<p>Sar\u0131-k\u0131rm\u0131z\u0131l\u0131lar, 25 Haziran Sal\u0131 g\u00fcn\u00fc Malatya\u2019da toplanarak sa\u011fl\u0131k kontrol\u00fcnden ge\u00e7ecek. 5 g\u00fcn boyunca Malatya\u2019da \u00e7e\u015fitli sa\u011fl\u0131k testlerinden ge\u00e7ece\u011fi a\u00e7\u0131klanan S\u00fcper Lig ekibi, daha sonra ikinci etap kamp \u00e7al\u0131\u015fmalar\u0131 i\u00e7in \u015fehirden ayr\u0131lacak.<\/p>\n<p>Evkur Yeni Malatyaspor\u2019un mevcut kadrosunda Abdulsamed Damlu, Chebake, Mina, Mustafa Akba\u015f, B\u00fclent Cevahir, Erkan Ka\u015f, Ahmet Ild\u0131z, Donald, Eren Tozlu, Rahman Bu\u011fra, Berk Y\u0131ld\u0131z, G\u00f6khan Akkan, Mustafa Eskihella\u00e7 ve Danijel Aleksic bulunuyor.<\/p>\n","protected":false},"excerpt":{"rendered":"<p>EVKUR YEN\u0130 MALATYASPOR KAMP \u00c7ALI\u015eMALARINA 14 K\u0130\u015e\u0130L\u0130K KADROSUYLA BA\u015eLAYACAK<\/p>\n","protected":false},"author":1,"featured_media":0,"comment_status":"closed","ping_status":"open","sticky":false,"template":"","format":"standard","meta":{"jetpack_post_was_ever_published":false,"_jetpack_newsletter_access":"","_jetpack_dont_email_post_to_subs":false,"_jetpack_newsletter_tier_id":0,"_jetpack_memberships_contains_paywalled_content":false,"_jetpack_memberships_contains_paid_content":false,"footnotes":"","jetpack_publicize_message":"","jetpack_publicize_feature_enabled":true,"jetpack_social_post_already_shared":true,"jetpack_social_options":{"image_generator_settings":{"template":"highway","default_image_id":0,"font":"","enabled":false},"version":2}},"categories":[657],"tags":[4413,58,14168,40987,1101,566,528,87],"class_list":["post-170228","post","type-post","status-publish","format-standard","hentry","category-spor","tag-baslayacak","tag-calismalarina","tag-evkur","tag-kadrosuyla","tag-kamp","tag-kisilik","tag-malatyaspor","tag-yeni"],"jetpack_publicize_connections":[],"jetpack_featured_media_url":"","jetpack_sharing_enabled":true,"jetpack_shortlink":"https:\/\/wp.me\/paKIfm-IhC","_links":{"self":[{"href":"http:\/\/www.tvturk.com\/index.php\/wp-json\/wp\/v2\/posts\/170228","targetHints":{"allow":["GET"]}}],"collection":[{"href":"http:\/\/www.tvturk.com\/index.php\/wp-json\/wp\/v2\/posts"}],"about":[{"href":"http:\/\/www.tvturk.com\/index.php\/wp-json\/wp\/v2\/types\/post"}],"author":[{"embeddable":true,"href":"http:\/\/www.tvturk.com\/index.php\/wp-json\/wp\/v2\/users\/1"}],"replies":[{"embeddable":true,"href":"http:\/\/www.tvturk.com\/index.php\/wp-json\/wp\/v2\/comments?post=170228"}],"version-history":[{"count":0,"href":"http:\/\/www.tvturk.com\/index.php\/wp-json\/wp\/v2\/posts\/170228\/revisions"}],"wp:attachment":[{"href":"http:\/\/www.tvturk.com\/index.php\/wp-json\/wp\/v2\/media?parent=170228"}],"wp:term":[{"taxonomy":"category","embeddable":true,"href":"http:\/\/www.tvturk.com\/index.php\/wp-json\/wp\/v2\/categories?post=170228"},{"taxonomy":"post_tag","embeddable":true,"href":"http:\/\/www.tvturk.com\/index.php\/wp-json\/wp\/v2\/tags?post=170228"}],"curies":[{"name":"wp","href":"https:\/\/api.w.org\/{rel}","templated":true}]}}