{"id":170251,"date":"2019-06-16T13:51:09","date_gmt":"2019-06-16T10:51:09","guid":{"rendered":"http:\/\/www.tvturk.com\/index.php\/sara-netanyahu-sucunu-kabul-etti-para-cezasi-ile-kurtuldu\/"},"modified":"2019-06-16T13:51:09","modified_gmt":"2019-06-16T10:51:09","slug":"sara-netanyahu-sucunu-kabul-etti-para-cezasi-ile-kurtuldu","status":"publish","type":"post","link":"http:\/\/www.tvturk.com\/index.php\/sara-netanyahu-sucunu-kabul-etti-para-cezasi-ile-kurtuldu\/","title":{"rendered":"Sara Netanyahu su\u00e7unu kabul etti, para cezas\u0131 ile kurtuldu"},"content":{"rendered":"<p>\u0130srail\u2019de Ba\u015fbakanl\u0131k rezidans\u0131nda devletin resmi a\u015f\u00e7\u0131s\u0131 bulunmas\u0131na ra\u011fmen illegal olarak bir catering firmas\u0131ndan yemek \u0131smarlayarak devleti zarara u\u011fratmakla su\u00e7lanan Ba\u015fbakan Netanyahu\u2019nun e\u015fi Sara Netanyahu, duru\u015fmada hata yapt\u0131\u011f\u0131n\u0131 kabul etti. Su\u00e7unu kabul etti\u011fi i\u00e7in daha az bir para cezas\u0131 ile kurtulan Sara Netanyahu hakk\u0131ndaki dava d\u00fc\u015ft\u00fc.<\/p>\n<p>\u0130srail Ba\u015fbakan\u0131 Netanyahu\u2019nun e\u015fi Sara Netanyahu ve Ba\u015fbakanl\u0131k rezidans\u0131ndaki kahya Ezra Saidoff hakk\u0131nda bir y\u0131l \u00f6nce g\u00fcveni k\u00f6t\u00fcye kullanarak rezidansta g\u00f6revli a\u015f\u00e7\u0131 bulunmas\u0131na ra\u011fmen bir catering firmas\u0131ndan yemek \u0131smarlayarak devleti 100 bin dolar zarara u\u011fratmaktan dava a\u00e7\u0131lm\u0131\u015ft\u0131. Ge\u00e7ti\u011fimiz \u00c7ar\u015famba g\u00fcn\u00fc Sara Netanyahu\u2019nun hata yapt\u0131\u011f\u0131n\u0131 kabul eden uzla\u015fma metnine imza atmas\u0131n\u0131n ard\u0131ndan hakk\u0131ndaki doland\u0131r\u0131c\u0131l\u0131k su\u00e7lamas\u0131 d\u00fc\u015ft\u00fc. Su\u00e7laman\u0131n de\u011fi\u015fmesiyle Sara Netanyahu\u2019nun 50 bin dolar olan para cezas\u0131 bug\u00fcn Kud\u00fcs Sulh Mahkemesi taraf\u0131ndan g\u00f6r\u00fclen duru\u015fmada 12 bin 500 dolara d\u00fc\u015ft\u00fc.<\/p>\n<p>\u0130srail Devlet Savc\u0131s\u0131 Erez Padan \u201cSan\u0131k, de\u011fi\u015ftirilen su\u00e7lamada kendisine y\u00f6neltilen su\u00e7lamay\u0131 itiraf etti\u011fi i\u00e7in herhangi bir duru\u015fmaya gerek duyulmadan sorumlulu\u011fu \u00fcst\u00fcne almay\u0131 garanti ediyor\u201d dedi.<\/p>\n<p>Sara Netanyahu\u2019nun avukat\u0131 Yossi Cohen ise, Sara Netanyahu\u2019ya kar\u015f\u0131 e\u015fi Ba\u015fbakan Binyamin Netanyahu\u2019yu y\u0131pratmak ve h\u00fck\u00fcmeti d\u00fc\u015f\u00fcrmek i\u00e7in bir kampanya ba\u015flat\u0131ld\u0131\u011f\u0131n\u0131 savundu. Cohen, \u201cBu benim tan\u0131d\u0131\u011f\u0131m bir kimsenin ald\u0131\u011f\u0131 en yaralay\u0131c\u0131 ciddi bir cezad\u0131r. Bu bir y\u0131ll\u0131k \u00e7irkin, yanl\u0131, karalay\u0131c\u0131, m\u00fcvekkilimin kan\u0131n\u0131 ak\u0131tan bir iftirad\u0131r. Onun bir anne ve e\u015f oldu\u011funu unuttular. Tabii ki kimse Bayan Netanyahu\u2019yu incitmek istemedi. As\u0131l hedef onun e\u015fini rahats\u0131z etmek ve h\u00fck\u00fcmeti d\u00fc\u015f\u00fcrmek\u201d dedi.<\/p>\n<p>Ba\u015fbakanl\u0131k rezidans\u0131n\u0131n eski kahyas\u0131 Saidoff\u2018un da bu hafta sonu Sara Netanyahu gibi su\u00e7lamay\u0131 kabul eden bir anla\u015fma imzalayarak devlete 2 bin 765 dolar \u00f6deyece\u011fi ve cezan\u0131n ask\u0131ya al\u0131naca\u011f\u0131 belirtildi.<\/p>\n<p>\u0130srail Ba\u015fsavc\u0131s\u0131 Avichai Mandelblit\u2019in olay\u0131n uzla\u015fma teklifi ile \u00e7\u00f6z\u00fclmesi taraftar\u0131 oldu\u011fu kaydedildi. Sara Netanyahu hakk\u0131ndaki davan\u0131n ise Ba\u015fbakan Binyamin Netanyahu\u2019ya y\u00f6neltilen bas\u0131nda kendi lehine haberler yap\u0131lmas\u0131 i\u00e7in yasa d\u0131\u015f\u0131 hediye ve r\u00fc\u015fvet alma su\u00e7lamalar\u0131ndan ayr\u0131 oldu\u011fu belirtildi.<\/p>\n","protected":false},"excerpt":{"rendered":"<p>SARA NETANYAHU, MAHKEMEDE SU\u00c7UNU KABUL ETT\u0130<\/p>\n","protected":false},"author":1,"featured_media":0,"comment_status":"closed","ping_status":"open","sticky":false,"template":"","format":"standard","meta":{"jetpack_post_was_ever_published":false,"_jetpack_newsletter_access":"","_jetpack_dont_email_post_to_subs":false,"_jetpack_newsletter_tier_id":0,"_jetpack_memberships_contains_paywalled_content":false,"_jetpack_memberships_contains_paid_content":false,"footnotes":"","jetpack_publicize_message":"","jetpack_publicize_feature_enabled":true,"jetpack_social_post_already_shared":true,"jetpack_social_options":{"image_generator_settings":{"template":"highway","default_image_id":0,"font":"","enabled":false},"version":2}},"categories":[10],"tags":[1205,207,192,654,6583,4169,865,11632,6751],"class_list":["post-170251","post","type-post","status-publish","format-standard","hentry","category-dunya","tag-cezasi","tag-etti","tag-ile","tag-kabul","tag-kurtuldu","tag-netanyahu","tag-para","tag-sara","tag-sucunu"],"jetpack_publicize_connections":[],"jetpack_featured_media_url":"","jetpack_sharing_enabled":true,"jetpack_shortlink":"https:\/\/wp.me\/paKIfm-IhZ","_links":{"self":[{"href":"http:\/\/www.tvturk.com\/index.php\/wp-json\/wp\/v2\/posts\/170251","targetHints":{"allow":["GET"]}}],"collection":[{"href":"http:\/\/www.tvturk.com\/index.php\/wp-json\/wp\/v2\/posts"}],"about":[{"href":"http:\/\/www.tvturk.com\/index.php\/wp-json\/wp\/v2\/types\/post"}],"author":[{"embeddable":true,"href":"http:\/\/www.tvturk.com\/index.php\/wp-json\/wp\/v2\/users\/1"}],"replies":[{"embeddable":true,"href":"http:\/\/www.tvturk.com\/index.php\/wp-json\/wp\/v2\/comments?post=170251"}],"version-history":[{"count":0,"href":"http:\/\/www.tvturk.com\/index.php\/wp-json\/wp\/v2\/posts\/170251\/revisions"}],"wp:attachment":[{"href":"http:\/\/www.tvturk.com\/index.php\/wp-json\/wp\/v2\/media?parent=170251"}],"wp:term":[{"taxonomy":"category","embeddable":true,"href":"http:\/\/www.tvturk.com\/index.php\/wp-json\/wp\/v2\/categories?post=170251"},{"taxonomy":"post_tag","embeddable":true,"href":"http:\/\/www.tvturk.com\/index.php\/wp-json\/wp\/v2\/tags?post=170251"}],"curies":[{"name":"wp","href":"https:\/\/api.w.org\/{rel}","templated":true}]}}