{"id":170343,"date":"2019-06-16T17:40:19","date_gmt":"2019-06-16T14:40:19","guid":{"rendered":"http:\/\/www.tvturk.com\/index.php\/halime-elcibey-nahcivanda-son-yolculuguna-ugurlandi\/"},"modified":"2019-06-16T17:40:19","modified_gmt":"2019-06-16T14:40:19","slug":"halime-elcibey-nahcivanda-son-yolculuguna-ugurlandi","status":"publish","type":"post","link":"http:\/\/www.tvturk.com\/index.php\/halime-elcibey-nahcivanda-son-yolculuguna-ugurlandi\/","title":{"rendered":"Halime El\u00e7ibey Nah\u00e7\u0131van\u2019da son yolculu\u011funa u\u011furland\u0131"},"content":{"rendered":"<p>Azerbaycan\u2019\u0131n eski Cumhurba\u015fkan\u0131 Eb\u00fclfez El\u00e7ibey\u2019in e\u015fi Halime El\u00e7ibey, Nah\u00e7\u0131van\u2019da d\u00fczenlenen t\u00f6renle son yolculu\u011funa u\u011furland\u0131. T\u00f6rene kat\u0131lan MHP I\u011fd\u0131r Milletvekili Ya\u015far Karada\u011f, MHP Genel Ba\u015fkan\u0131 Devlet Bah\u00e7eli\u2019nin taziye dileklerini iletti.<\/p>\n<p>MHP I\u011fd\u0131r Milletvekili Ya\u015far Karada\u011f, eski Azerbaycan Cumhurba\u015fkan\u0131 Eb\u00fclfez El\u00e7ibey\u2019in vefat eden e\u015fi Halime El\u00e7ibey\u2019in cenaze t\u00f6renine kat\u0131ld\u0131. Nah\u00e7\u0131van\u2019\u0131n Keleki k\u00f6y\u00fcnde d\u00fczenlenen t\u00f6rene milletvekillerinin yan\u0131 s\u0131ra \u00e7ok say\u0131da partili kat\u0131ld\u0131. Halime El\u00e7ibey\u2019in yak\u0131nlar\u0131na MHP Genel Ba\u015fkan\u0131 Devlet Bah\u00e7eli\u2019nin taziyelerini ileten Karada\u011f, &#8220;Azerbaycan\u2019\u0131n ba\u011f\u0131ms\u0131zl\u0131\u011f\u0131 i\u00e7in m\u00fccadeleler vermi\u015f b\u00fcy\u00fck T\u00fcrk milliyet\u00e7isi, Ba\u015fbu\u011fumuz Alparslan T\u00fcrke\u015f\u2019in kadim dostu Eb\u00fclfez El\u00e7ibey\u2019in de\u011ferli evde\u015fi Halime Han\u0131mefendi\u2019nin vefat\u0131ndan dolay\u0131 b\u00fcy\u00fck \u00fcz\u00fcnt\u00fc i\u00e7erisindeyiz. T\u00fcrk d\u00fcnyas\u0131n\u0131n ba\u015f\u0131 sa\u011f olsun&#8221; diye konu\u015ftu.<\/p>\n<p>Ayr\u0131ca merhum Eb\u00fclfez El\u00e7ibey\u2019in evini ziyaret ederek an\u0131 defterini imzalayan Karada\u011f, deftere \u015funlar\u0131 yazd\u0131:<\/p>\n<p>&#8220;Beyim, liderimiz, Genel Ba\u015fkan\u0131m\u0131z Say\u0131n Dr. Devlet Bah\u00e7eli\u2019nin talimat\u0131yla bug\u00fcn sana ba\u015f sa\u011fl\u0131\u011f\u0131na geldim. Beyim, siz ki bizler gibi t\u00fcm T\u00fcrk d\u00fcnyas\u0131na idealler, \u00fclk\u00fcler a\u015f\u0131lay\u0131p ruh verdiniz. Ruhunuz \u015fad olsun. K\u0131ymetli hayat arkada\u015f\u0131n\u0131z Halime Han\u0131m ile cennetin en g\u00fczel yerinde ve t\u00fcm T\u00fcrk d\u00fcnyas\u0131n\u0131n kalbindesiniz.&#8221;<\/p>\n","protected":false},"excerpt":{"rendered":"<p>EB\u00dcLFEZ EL\u00c7\u0130BEY&#8217;\u0130N E\u015e\u0130 HAL\u0130ME HANIM&#8217;IN CENAZE T\u00d6REN\u0130 NAH\u00c7IVAN&#8217;DA D\u00dcZENLEND\u0130.<\/p>\n","protected":false},"author":1,"featured_media":0,"comment_status":"closed","ping_status":"open","sticky":false,"template":"","format":"standard","meta":{"jetpack_post_was_ever_published":false,"_jetpack_newsletter_access":"","_jetpack_dont_email_post_to_subs":false,"_jetpack_newsletter_tier_id":0,"_jetpack_memberships_contains_paywalled_content":false,"_jetpack_memberships_contains_paid_content":false,"footnotes":"","jetpack_publicize_message":"","jetpack_publicize_feature_enabled":true,"jetpack_social_post_already_shared":true,"jetpack_social_options":{"image_generator_settings":{"template":"highway","default_image_id":0,"font":"","enabled":false},"version":2}},"categories":[1],"tags":[29662,41036,41037,1240,2516,2515],"class_list":["post-170343","post","type-post","status-publish","format-standard","hentry","category-genel","tag-elcibey","tag-halime","tag-nahcivanda","tag-son","tag-ugurlandi","tag-yolculuguna"],"jetpack_publicize_connections":[],"jetpack_featured_media_url":"","jetpack_sharing_enabled":true,"jetpack_shortlink":"https:\/\/wp.me\/paKIfm-Ijt","_links":{"self":[{"href":"http:\/\/www.tvturk.com\/index.php\/wp-json\/wp\/v2\/posts\/170343","targetHints":{"allow":["GET"]}}],"collection":[{"href":"http:\/\/www.tvturk.com\/index.php\/wp-json\/wp\/v2\/posts"}],"about":[{"href":"http:\/\/www.tvturk.com\/index.php\/wp-json\/wp\/v2\/types\/post"}],"author":[{"embeddable":true,"href":"http:\/\/www.tvturk.com\/index.php\/wp-json\/wp\/v2\/users\/1"}],"replies":[{"embeddable":true,"href":"http:\/\/www.tvturk.com\/index.php\/wp-json\/wp\/v2\/comments?post=170343"}],"version-history":[{"count":0,"href":"http:\/\/www.tvturk.com\/index.php\/wp-json\/wp\/v2\/posts\/170343\/revisions"}],"wp:attachment":[{"href":"http:\/\/www.tvturk.com\/index.php\/wp-json\/wp\/v2\/media?parent=170343"}],"wp:term":[{"taxonomy":"category","embeddable":true,"href":"http:\/\/www.tvturk.com\/index.php\/wp-json\/wp\/v2\/categories?post=170343"},{"taxonomy":"post_tag","embeddable":true,"href":"http:\/\/www.tvturk.com\/index.php\/wp-json\/wp\/v2\/tags?post=170343"}],"curies":[{"name":"wp","href":"https:\/\/api.w.org\/{rel}","templated":true}]}}