{"id":170369,"date":"2019-06-16T19:53:31","date_gmt":"2019-06-16T16:53:31","guid":{"rendered":"http:\/\/www.tvturk.com\/index.php\/sakaryada-yagmur-hayati-olumsuz-etkiledi\/"},"modified":"2019-06-16T19:53:31","modified_gmt":"2019-06-16T16:53:31","slug":"sakaryada-yagmur-hayati-olumsuz-etkiledi","status":"publish","type":"post","link":"http:\/\/www.tvturk.com\/index.php\/sakaryada-yagmur-hayati-olumsuz-etkiledi\/","title":{"rendered":"Sakarya\u2019da ya\u011fmur hayat\u0131 olumsuz etkiledi"},"content":{"rendered":"<p>Sakarya genelinde etkisini s\u00fcrd\u00fcren sa\u011fanak ya\u011f\u0131\u015f hayat\u0131 olumsuz etkiledi. Onlarca ara\u00e7 g\u00f6le d\u00f6nen yollarda suya g\u00f6m\u00fcld\u00fc.<\/p>\n<p>Sakarya\u2019da belli aral\u0131klarla ba\u015flayan sa\u011fanak ya\u011f\u0131\u015f \u00f6\u011fleden sonra etkisini art\u0131rarak devam etti. Yo\u011fun ya\u011f\u0131\u015f hayat\u0131 olumsuz etkiledi. Su birikintilerinde mahsur kalan s\u00fcr\u00fcc\u00fcler ve yayalar zor anlar ya\u015fad\u0131. Su birikintilerinden ara\u00e7lar\u0131yla ge\u00e7meye \u00e7al\u0131\u015fan baz\u0131 s\u00fcr\u00fcc\u00fcler, otomobilleriyle su birikintilerinin i\u00e7erisinde mahsur kald\u0131.<\/p>\n<p>\u00d6te yandan ya\u011fmurun g\u00fcn i\u00e7erisinde devam etmesi beklenirken, yetkililer vatanda\u015flar\u0131 su bask\u0131nlar\u0131na kar\u015f\u0131 uyard\u0131.<\/p>\n","protected":false},"excerpt":{"rendered":"<p>SAKARYA GENEL\u0130NDE ETK\u0130S\u0130N\u0130 S\u00dcRD\u00dcREN SA\u011eANAK YA\u011eI\u015e HAYATI OLUMSUZ ETK\u0130LED\u0130. ONLARCA ARA\u00c7 G\u00d6LE D\u00d6NEN YOLLARDA SUYA G\u00d6M\u00dcLD\u00dc.<\/p>\n","protected":false},"author":1,"featured_media":0,"comment_status":"closed","ping_status":"open","sticky":false,"template":"","format":"standard","meta":{"jetpack_post_was_ever_published":false,"_jetpack_newsletter_access":"","_jetpack_dont_email_post_to_subs":false,"_jetpack_newsletter_tier_id":0,"_jetpack_memberships_contains_paywalled_content":false,"_jetpack_memberships_contains_paid_content":false,"footnotes":"","jetpack_publicize_message":"","jetpack_publicize_feature_enabled":true,"jetpack_social_post_already_shared":true,"jetpack_social_options":{"image_generator_settings":{"template":"highway","default_image_id":0,"font":"","enabled":false},"version":2}},"categories":[1],"tags":[993,991,992,2200,1366],"class_list":["post-170369","post","type-post","status-publish","format-standard","hentry","category-genel","tag-etkiledi","tag-hayati","tag-olumsuz","tag-sakaryada","tag-yagmur"],"jetpack_publicize_connections":[],"jetpack_featured_media_url":"","jetpack_sharing_enabled":true,"jetpack_shortlink":"https:\/\/wp.me\/paKIfm-IjT","_links":{"self":[{"href":"http:\/\/www.tvturk.com\/index.php\/wp-json\/wp\/v2\/posts\/170369","targetHints":{"allow":["GET"]}}],"collection":[{"href":"http:\/\/www.tvturk.com\/index.php\/wp-json\/wp\/v2\/posts"}],"about":[{"href":"http:\/\/www.tvturk.com\/index.php\/wp-json\/wp\/v2\/types\/post"}],"author":[{"embeddable":true,"href":"http:\/\/www.tvturk.com\/index.php\/wp-json\/wp\/v2\/users\/1"}],"replies":[{"embeddable":true,"href":"http:\/\/www.tvturk.com\/index.php\/wp-json\/wp\/v2\/comments?post=170369"}],"version-history":[{"count":0,"href":"http:\/\/www.tvturk.com\/index.php\/wp-json\/wp\/v2\/posts\/170369\/revisions"}],"wp:attachment":[{"href":"http:\/\/www.tvturk.com\/index.php\/wp-json\/wp\/v2\/media?parent=170369"}],"wp:term":[{"taxonomy":"category","embeddable":true,"href":"http:\/\/www.tvturk.com\/index.php\/wp-json\/wp\/v2\/categories?post=170369"},{"taxonomy":"post_tag","embeddable":true,"href":"http:\/\/www.tvturk.com\/index.php\/wp-json\/wp\/v2\/tags?post=170369"}],"curies":[{"name":"wp","href":"https:\/\/api.w.org\/{rel}","templated":true}]}}