{"id":170375,"date":"2019-06-16T20:23:23","date_gmt":"2019-06-16T17:23:23","guid":{"rendered":"http:\/\/www.tvturk.com\/index.php\/aydin-sele-teslim-oldu\/"},"modified":"2019-06-16T20:23:23","modified_gmt":"2019-06-16T17:23:23","slug":"aydin-sele-teslim-oldu","status":"publish","type":"post","link":"http:\/\/www.tvturk.com\/index.php\/aydin-sele-teslim-oldu\/","title":{"rendered":"Ayd\u0131n sele teslim oldu"},"content":{"rendered":"<p>Ayd\u0131n\u2019da ak\u015fam saatlerinde aniden bast\u0131ran sa\u011fanak ya\u011f\u0131\u015f cadde ve sokaklar\u0131 dereye d\u00f6nd\u00fcrd\u00fc. Ya\u011f\u0131\u015f nedeniyle semt pazar\u0131nda tezgahlar sular alt\u0131nda kal\u0131rken, ya\u011fmura haz\u0131rl\u0131ks\u0131z yakalanan vatanda\u015flar zor anlar ya\u015fad\u0131. Ya\u011f\u0131\u015f nedeniyle dereye d\u00f6nene Ayd\u0131n-\u0130zmir karayolunda ara\u00e7lar seyretmekte zorland\u0131. Devrilen a\u011fa\u00e7lar nedeniyle baz\u0131 b\u00f6lgelerde trafik durma noktas\u0131na geldi.<\/p>\n<p>G\u00fcne g\u00fcne\u015fli ve s\u0131cak bir hava ile ba\u015flayan Ayd\u0131n\u2019da ak\u015fam saatlerinde aniden ya\u011fmur ba\u015flad\u0131. Bir anda \u015fiddetini artt\u0131ran sa\u011fanak ya\u011f\u0131\u015f nedeniyle r\u00f6garlar yetersiz kal\u0131nca cadde ve sokaklar dereye d\u00f6nd\u00fc. Pazar pazar\u0131n\u0131n kuruldu\u011fu Kurtulu\u015f mahallesinde pazarc\u0131lar\u0131n tezgahlar\u0131 sular alt\u0131nda kald\u0131. Ya\u011fmurda mahsur kalan vatanda\u015flar zor anlar ya\u015fad\u0131. Baz\u0131 tezgahlardaki mallar\u0131 ya\u011fmur sular\u0131 al\u0131p g\u00f6t\u00fcrd\u00fc.<\/p>\n<p>\u00d6te yandan Ayd\u0131n-\u0130zmir karayolunun baz\u0131 b\u00f6lgelerinde karayolunda biriken sulardan ara\u00e7lar ge\u00e7mekte zorland\u0131. Ya\u011f\u0131\u015f nedeniyle karayolunda uzun ara\u00e7 kuyruklar\u0131 olu\u015furken, bir\u00e7ok b\u00f6lgede ya\u011fmurla birlikte ba\u015flayan f\u0131rt\u0131na nedeniyle a\u011fa\u00e7lar devrildi. Yakla\u015f\u0131k yar\u0131m saat devam eden ya\u011f\u0131\u015f \u015fehirde hayat\u0131 olumsuz etkiledi. Belediye ve polis ekiplerinin \u00e7al\u0131\u015fmalar\u0131 sonuncu ta\u015fk\u0131n ya\u015fanan b\u00f6lgelerdeki olumsuzluklar giderildi.<\/p>\n","protected":false},"excerpt":{"rendered":"<p>AYDIN\u2019DA AK\u015eAM SAATLER\u0130NDE AN\u0130DEN BASTIRAN SA\u011eNAK YA\u011eI\u015e CADDE VE SOKAKLARI DEREYE D\u00d6ND\u00dcRD\u00dc. YA\u011eI\u015e NEDEN\u0130YLE SEMT PAZARINDA TEZGAHLAR SULAR ALTINDA KALIRKEN, YA\u011eMURA HAZIRLIKSIZ YAKALANAN VATANDA\u015eLAR ZOR ANLAR YA\u015eADI. YA\u011eI\u015e NEDEN\u0130YLE DEREYE D\u00d6NENE AYDIN-\u0130ZM\u0130R KARAYOLUNDA ARA\u00c7LAR SEYRETMEKTE ZORLANDI. DEVR\u0130LEN A\u011eA\u00c7LAR NEDEN\u0130YLE BAZI B\u00d6LGELERDE TRAF\u0130K DURMA NOKTASINA GELD\u0130.<\/p>\n","protected":false},"author":1,"featured_media":0,"comment_status":"closed","ping_status":"open","sticky":false,"template":"","format":"standard","meta":{"jetpack_post_was_ever_published":false,"_jetpack_newsletter_access":"","_jetpack_dont_email_post_to_subs":false,"_jetpack_newsletter_tier_id":0,"_jetpack_memberships_contains_paywalled_content":false,"_jetpack_memberships_contains_paid_content":false,"footnotes":"","jetpack_publicize_message":"","jetpack_publicize_feature_enabled":true,"jetpack_social_post_already_shared":true,"jetpack_social_options":{"image_generator_settings":{"template":"highway","default_image_id":0,"font":"","enabled":false},"version":2}},"categories":[1],"tags":[426,77,8394,169],"class_list":["post-170375","post","type-post","status-publish","format-standard","hentry","category-genel","tag-aydin","tag-oldu","tag-sele","tag-teslim"],"jetpack_publicize_connections":[],"jetpack_featured_media_url":"","jetpack_sharing_enabled":true,"jetpack_shortlink":"https:\/\/wp.me\/paKIfm-IjZ","_links":{"self":[{"href":"http:\/\/www.tvturk.com\/index.php\/wp-json\/wp\/v2\/posts\/170375","targetHints":{"allow":["GET"]}}],"collection":[{"href":"http:\/\/www.tvturk.com\/index.php\/wp-json\/wp\/v2\/posts"}],"about":[{"href":"http:\/\/www.tvturk.com\/index.php\/wp-json\/wp\/v2\/types\/post"}],"author":[{"embeddable":true,"href":"http:\/\/www.tvturk.com\/index.php\/wp-json\/wp\/v2\/users\/1"}],"replies":[{"embeddable":true,"href":"http:\/\/www.tvturk.com\/index.php\/wp-json\/wp\/v2\/comments?post=170375"}],"version-history":[{"count":0,"href":"http:\/\/www.tvturk.com\/index.php\/wp-json\/wp\/v2\/posts\/170375\/revisions"}],"wp:attachment":[{"href":"http:\/\/www.tvturk.com\/index.php\/wp-json\/wp\/v2\/media?parent=170375"}],"wp:term":[{"taxonomy":"category","embeddable":true,"href":"http:\/\/www.tvturk.com\/index.php\/wp-json\/wp\/v2\/categories?post=170375"},{"taxonomy":"post_tag","embeddable":true,"href":"http:\/\/www.tvturk.com\/index.php\/wp-json\/wp\/v2\/tags?post=170375"}],"curies":[{"name":"wp","href":"https:\/\/api.w.org\/{rel}","templated":true}]}}