{"id":170389,"date":"2019-06-16T22:53:19","date_gmt":"2019-06-16T19:53:19","guid":{"rendered":"http:\/\/www.tvturk.com\/index.php\/tarihi-ortak-yayin-kahvehaneleri-doldurdu\/"},"modified":"2019-06-16T22:53:19","modified_gmt":"2019-06-16T19:53:19","slug":"tarihi-ortak-yayin-kahvehaneleri-doldurdu","status":"publish","type":"post","link":"http:\/\/www.tvturk.com\/index.php\/tarihi-ortak-yayin-kahvehaneleri-doldurdu\/","title":{"rendered":"Tarihi ortak yay\u0131n kahvehaneleri doldurdu"},"content":{"rendered":"<p>AK Parti \u0130stanbul B\u00fcy\u00fck\u015fehir Belediye Ba\u015fkan Aday\u0131 Binali Y\u0131ld\u0131r\u0131m ve CHP\u2019nin \u0130stanbul B\u00fcy\u00fck\u015fehir Belediye Ba\u015fkan Aday\u0131 Ekrem \u0130mamo\u011flu\u2019nun kat\u0131l\u0131m\u0131yla ger\u00e7ekle\u015ftirilen tarihi ortak yay\u0131n, kentteki kahvehaneleri doldurdu.<\/p>\n<p>AK Parti \u0130stanbul B\u00fcy\u00fck\u015fehir Belediye Ba\u015fkan Aday\u0131 Binali Y\u0131ld\u0131r\u0131m ile CHP\u2019nin \u0130stanbul B\u00fcy\u00fck\u015fehir Belediye Ba\u015fkan Aday\u0131 Ekrem \u0130mamo\u011flu\u2019nun L\u00fctfi K\u0131rdar Kongre ve Sergi Merkezinde ger\u00e7ekle\u015ftirdi\u011fi ortak yay\u0131n saat 21.00 itibariyle gazeteci \u0130smail K\u00fc\u00e7\u00fckkaya\u2019n\u0131n moderat\u00f6rl\u00fc\u011f\u00fcnde ba\u015flad\u0131. Ortak yay\u0131n\u0131 izlemek isteyen \u0130stanbullular\u0131n baz\u0131lar\u0131 evlerinde izlerken, d\u0131\u015far\u0131da olanlar ise kahvehaneleri doldurdu. Yay\u0131n s\u0131ras\u0131nda d\u0131\u015far\u0131da olan baz\u0131 vatanda\u015flar ise canl\u0131 yay\u0131n\u0131 cep telefonundan izledi. Ortak yay\u0131n\u0131 p\u00fcr dikkat izleyen vatanda\u015flar, iki aday\u0131n da konu\u015fmalar\u0131n\u0131 ve vaatlerini yak\u0131ndan takip etti.<\/p>\n","protected":false},"excerpt":{"rendered":"<p>AK PART\u0130 \u0130STANBUL B\u00dcY\u00dcK\u015eEH\u0130R BELED\u0130YE BA\u015eKAN ADAYI B\u0130NAL\u0130 YILDIRIM VE CHP\u2019N\u0130N \u0130STANBUL B\u00dcY\u00dcK\u015eEH\u0130R BELED\u0130YE BA\u015eKAN ADAYI EKREM \u0130MAMO\u011eLU\u2019NUN KATILIMIYLA GER\u00c7EKLE\u015eT\u0130R\u0130LEN TAR\u0130H\u0130 ORTAK YAYIN, KENTTEK\u0130 KAHVEHANELER\u0130 DOLDURDU.<\/p>\n","protected":false},"author":1,"featured_media":0,"comment_status":"closed","ping_status":"open","sticky":false,"template":"","format":"standard","meta":{"jetpack_post_was_ever_published":false,"_jetpack_newsletter_access":"","_jetpack_dont_email_post_to_subs":false,"_jetpack_newsletter_tier_id":0,"_jetpack_memberships_contains_paywalled_content":false,"_jetpack_memberships_contains_paid_content":false,"footnotes":"","jetpack_publicize_message":"","jetpack_publicize_feature_enabled":true,"jetpack_social_post_already_shared":true,"jetpack_social_options":{"image_generator_settings":{"template":"highway","default_image_id":0,"font":"","enabled":false},"version":2}},"categories":[1],"tags":[2602,41046,947,800,6149],"class_list":["post-170389","post","type-post","status-publish","format-standard","hentry","category-genel","tag-doldurdu","tag-kahvehaneleri","tag-ortak","tag-tarihi","tag-yayin"],"jetpack_publicize_connections":[],"jetpack_featured_media_url":"","jetpack_sharing_enabled":true,"jetpack_shortlink":"https:\/\/wp.me\/paKIfm-Ikd","_links":{"self":[{"href":"http:\/\/www.tvturk.com\/index.php\/wp-json\/wp\/v2\/posts\/170389","targetHints":{"allow":["GET"]}}],"collection":[{"href":"http:\/\/www.tvturk.com\/index.php\/wp-json\/wp\/v2\/posts"}],"about":[{"href":"http:\/\/www.tvturk.com\/index.php\/wp-json\/wp\/v2\/types\/post"}],"author":[{"embeddable":true,"href":"http:\/\/www.tvturk.com\/index.php\/wp-json\/wp\/v2\/users\/1"}],"replies":[{"embeddable":true,"href":"http:\/\/www.tvturk.com\/index.php\/wp-json\/wp\/v2\/comments?post=170389"}],"version-history":[{"count":0,"href":"http:\/\/www.tvturk.com\/index.php\/wp-json\/wp\/v2\/posts\/170389\/revisions"}],"wp:attachment":[{"href":"http:\/\/www.tvturk.com\/index.php\/wp-json\/wp\/v2\/media?parent=170389"}],"wp:term":[{"taxonomy":"category","embeddable":true,"href":"http:\/\/www.tvturk.com\/index.php\/wp-json\/wp\/v2\/categories?post=170389"},{"taxonomy":"post_tag","embeddable":true,"href":"http:\/\/www.tvturk.com\/index.php\/wp-json\/wp\/v2\/tags?post=170389"}],"curies":[{"name":"wp","href":"https:\/\/api.w.org\/{rel}","templated":true}]}}