{"id":170405,"date":"2019-06-17T08:56:05","date_gmt":"2019-06-17T05:56:05","guid":{"rendered":"http:\/\/www.tvturk.com\/index.php\/yitik-lale-gurbetten-silaya-dondu\/"},"modified":"2019-06-17T08:56:05","modified_gmt":"2019-06-17T05:56:05","slug":"yitik-lale-gurbetten-silaya-dondu","status":"publish","type":"post","link":"http:\/\/www.tvturk.com\/index.php\/yitik-lale-gurbetten-silaya-dondu\/","title":{"rendered":"Yitik lale gurbetten s\u0131laya d\u00f6nd\u00fc"},"content":{"rendered":"<p>T\u00fcrkiye\u2019ye \u00f6zg\u00fc bir t\u00fcr olan ve do\u011fada kaybolan \u2018yitik lale\u2019 123 y\u0131l aradan sonra anayurdu olan Amasya\u2019n\u0131n Merzifon il\u00e7esine geri getirilerek ekildi.<\/p>\n<p>Bilimsel ad\u0131 \u2018tulipa sprengeri baker\u2019 olan \u2018yitik lale\u2019 ilk kez 1892\u2019de Alman bir bah\u00e7\u0131van taraf\u0131ndan Amasya\u2019n\u0131n Merzifon il\u00e7esinde ke\u015ffedildi. Bilim d\u00fcnyas\u0131na tan\u0131t\u0131ld\u0131ktan sonra son kez 1896\u2019da do\u011fada g\u00f6r\u00fclen yitik lalenin nesli t\u00fckendi. Bir\u00e7ok yerli ve yabanc\u0131 ara\u015ft\u0131rmac\u0131 yitik laleyi bulmak i\u00e7in \u00e7al\u0131\u015fma yapt\u0131. Ancak 123 y\u0131ll\u0131k s\u00fcre\u00e7te b\u00fct\u00fcn \u00e7abalar sonu\u00e7suz kal\u0131nca T\u00fcrkiye\u2019ye \u00f6zg\u00fc bu endemik t\u00fcr\u00fcn do\u011fadaki varl\u0131\u011f\u0131n\u0131n sona erdi\u011fi rapor edildi. Yitik lale T\u00fcrkiye\u2019de yok olsa da Avrupa\u2019da az say\u0131da bah\u00e7ede varl\u0131\u011f\u0131n\u0131 s\u00fcrd\u00fcrd\u00fc\u011f\u00fc \u00f6\u011frenildi.<\/p>\n<p>\u201cYitik Lale Gurbetten S\u0131laya D\u00f6n\u00fcyor\u201d<\/p>\n<p>\u0130stanbul Nezahat G\u00f6kyi\u011fit Botanik Bah\u00e7esi, lalenin T\u00fcrkiye\u2019ye geri getirilmesi i\u00e7in 2016\u2019da, \u201cYitik Lale Gurbetten S\u0131laya D\u00f6n\u00fcyor\u201d adl\u0131 bir proje ba\u015flatt\u0131, so\u011fan ve tohumlar\u0131 \u0130ngiltere\u2019den ana vatan\u0131 Amasya\u2019ya getirildi. Amasya\u2019ya g\u00f6nderilen yitik lale so\u011fanlar\u0131 ge\u00e7ti\u011fimiz sene TEMA\u2019n\u0131n Amasya\u2019n\u0131n Merzifon\u2019daki 35 d\u00f6n\u00fcml\u00fck 5 bin \u00e7e\u015fitten fazla a\u011fac\u0131n bulundu\u011fu bah\u00e7esine ekildi.<\/p>\n<p>TEMA Merzifon Temsilcisi Kadir Acar konuyla ilgili yapt\u0131\u011f\u0131 a\u00e7\u0131klamada, \u201cGiresun \u00dcniversitesinden hocalar geldiler ve bu sahada \u00f6\u011frencilerle hem \u00e7evreyi tan\u0131d\u0131lar, resimlerini \u00e7izdiler ve sonu\u00e7ta bize bir tane de bro\u015f\u00fcr b\u0131rakarak gittiler. Bro\u015f\u00fcr\u00fc inceledik, bro\u015f\u00fcrde bu y\u00f6rede yeti\u015fen bir lale oldu\u011fu \u00f6zellikle vurgulan\u0131yordu, Merzifon lalesi ve Amasya lalesi. Biz Amasya lalesinin Amasya\u2019da bulundu\u011funu biliyorduk. Fakat Merzifon\u2019da yeti\u015fen ve Merzifon endemik olan Merzifon lalesi y\u0131llard\u0131r bulunamam\u0131\u015ft\u0131, biz de ara\u015ft\u0131rmaya ba\u015flad\u0131k. Da\u011flara \u00e7\u0131kt\u0131k, ovalara bakt\u0131k, bah\u00e7eleri gezdik. Fakat o 2016\u2019dan beri biz de bulamad\u0131k. Bir g\u00fcn Giresun\u2019daki \u00dcniversite hocalar\u0131 dediler ki bu lalenin iki tane veya birka\u00e7 tane so\u011fan\u0131 Nezahat G\u00f6kyi\u011fit botanik bah\u00e7esinde varm\u0131\u015f. Biz bu kopyay\u0131 ald\u0131ktan sonra bu so\u011fanlar\u0131n pe\u015fine d\u00fc\u015ft\u00fck ve Nihat G\u00f6kyi\u011fit hocam\u0131zdan iki tane so\u011fan vermesi i\u00e7in s\u00f6z ald\u0131k ve defalarca giderek, iki so\u011fan\u0131 onlardan kopard\u0131k. So\u011fanlar\u0131 onlar\u0131n tarif etti\u011fi \u015fekilde, onlar\u0131n tariflerine uygun olarak saham\u0131za diktik ve her g\u00fcn onlar\u0131n tarif etti\u011fi \u015fekilde bak\u0131mlar\u0131n\u0131 yapt\u0131k. Bu sene a\u00e7malar\u0131n\u0131 bekliyorduk ve sonu\u00e7ta 123 sene sonra Merzifon\u2019da o lalenin \u00e7i\u00e7ek a\u00e7t\u0131\u011f\u0131na \u015fahit olduk. Bizde sevindik, mutlaka \u00e7i\u00e7e\u011fimiz, lalemizde mutlaka \u00e7ok mutlu olmu\u015ftur diye d\u00fc\u015f\u00fcnd\u00fck. Lalemiz bu sene \u00e7i\u00e7ek a\u00e7t\u0131, Merzifon\u2019a merhaba dedi ve bundan sonra da \u0130ngiltere\u2019den gelece\u011fini bildi\u011fimiz tohumlarla bu y\u00f6rede yayg\u0131nla\u015ft\u0131raca\u011f\u0131z&#8221; dedi.<\/p>\n<p>Acar, Merzifon\u2019daki TEMA\u2019n\u0131n bah\u00e7esine diktikleri \u201cyitik lale\u2019ye\u201d g\u00f6z\u00fc gibi bak\u0131yor, g\u00fcnl\u00fck ilgileniyor.<\/p>\n<p>Daha \u00f6nce Ondokuz May\u0131s \u00dcniversitesi, Orta Karadeniz Kalk\u0131nma Ajans\u0131 ve Amasya \u00dcniversitesi \u201cyitik lalenin\u201d bulunmas\u0131na y\u00f6nelik \u00e7al\u0131\u015fmalar yapm\u0131\u015ft\u0131.<\/p>\n","protected":false},"excerpt":{"rendered":"<p>T\u00dcRK\u0130YE&#8217;YE \u00d6ZG\u00dc B\u0130R T\u00dcR OLAN VE DO\u011eADA KAYBOLAN \u2018Y\u0130T\u0130K LALE\u2019 123 YIL ARADAN SONRA ANAYURDU OLAN AMASYA\u2019NIN MERZ\u0130FON \u0130L\u00c7ES\u0130NE GER\u0130 GET\u0130R\u0130LEREK, EK\u0130LD\u0130.<\/p>\n","protected":false},"author":1,"featured_media":0,"comment_status":"closed","ping_status":"open","sticky":false,"template":"","format":"standard","meta":{"jetpack_post_was_ever_published":false,"_jetpack_newsletter_access":"","_jetpack_dont_email_post_to_subs":false,"_jetpack_newsletter_tier_id":0,"_jetpack_memberships_contains_paywalled_content":false,"_jetpack_memberships_contains_paid_content":false,"footnotes":"","jetpack_publicize_message":"","jetpack_publicize_feature_enabled":true,"jetpack_social_post_already_shared":true,"jetpack_social_options":{"image_generator_settings":{"template":"highway","default_image_id":0,"font":"","enabled":false},"version":2}},"categories":[1],"tags":[30920,990,41055,3126,34870],"class_list":["post-170405","post","type-post","status-publish","format-standard","hentry","category-genel","tag-yitik","tag-dondu","tag-gurbetten","tag-lale","tag-silaya"],"jetpack_publicize_connections":[],"jetpack_featured_media_url":"","jetpack_sharing_enabled":true,"jetpack_shortlink":"https:\/\/wp.me\/paKIfm-Ikt","_links":{"self":[{"href":"http:\/\/www.tvturk.com\/index.php\/wp-json\/wp\/v2\/posts\/170405","targetHints":{"allow":["GET"]}}],"collection":[{"href":"http:\/\/www.tvturk.com\/index.php\/wp-json\/wp\/v2\/posts"}],"about":[{"href":"http:\/\/www.tvturk.com\/index.php\/wp-json\/wp\/v2\/types\/post"}],"author":[{"embeddable":true,"href":"http:\/\/www.tvturk.com\/index.php\/wp-json\/wp\/v2\/users\/1"}],"replies":[{"embeddable":true,"href":"http:\/\/www.tvturk.com\/index.php\/wp-json\/wp\/v2\/comments?post=170405"}],"version-history":[{"count":0,"href":"http:\/\/www.tvturk.com\/index.php\/wp-json\/wp\/v2\/posts\/170405\/revisions"}],"wp:attachment":[{"href":"http:\/\/www.tvturk.com\/index.php\/wp-json\/wp\/v2\/media?parent=170405"}],"wp:term":[{"taxonomy":"category","embeddable":true,"href":"http:\/\/www.tvturk.com\/index.php\/wp-json\/wp\/v2\/categories?post=170405"},{"taxonomy":"post_tag","embeddable":true,"href":"http:\/\/www.tvturk.com\/index.php\/wp-json\/wp\/v2\/tags?post=170405"}],"curies":[{"name":"wp","href":"https:\/\/api.w.org\/{rel}","templated":true}]}}