{"id":170429,"date":"2019-06-17T09:44:09","date_gmt":"2019-06-17T06:44:09","guid":{"rendered":"http:\/\/www.tvturk.com\/index.php\/ozel-guneydoguda-dam-palas-sezonu-basladi\/"},"modified":"2019-06-17T09:44:09","modified_gmt":"2019-06-17T06:44:09","slug":"ozel-guneydoguda-dam-palas-sezonu-basladi","status":"publish","type":"post","link":"http:\/\/www.tvturk.com\/index.php\/ozel-guneydoguda-dam-palas-sezonu-basladi\/","title":{"rendered":"(\u00d6zel) G\u00fcneydo\u011fu\u2019da \u2019Dam Palas\u2019 sezonu ba\u015flad\u0131"},"content":{"rendered":"<p>Havalar\u0131n iyice \u0131s\u0131nmas\u0131yla birlikte G\u00fcneydo\u011fu Anadolu B\u00f6lgesinde her sene oldu\u011fu gibi bu sene de \u2019Dam Palas\u2019 d\u00f6nemi ba\u015flad\u0131. \u00d6zellikle b\u00f6lgenin en s\u0131cak illeri aras\u0131nda bulunan \u015eanl\u0131urfa\u2019da gece kapal\u0131 alanlarda uyuyamayan vatanda\u015flar, teraslarda ve balkonlarda yapt\u0131rd\u0131klar\u0131 \u2019dam palas\u2019 ad\u0131 verilen yataklarda yat\u0131yor. Dam Palaslar\u0131 olmayan vatanda\u015flar ise tahta ve demirden yap\u0131lan yataklar i\u00e7in marangozlara ak\u0131n ediyor.<\/p>\n<p>Hava s\u0131cakl\u0131\u011f\u0131n\u0131n 40 dereceyi a\u015ft\u0131\u011f\u0131 G\u00fcneydo\u011fu Anadolu B\u00f6lgesinde s\u0131cak yaz d\u00f6nemlerinde kapal\u0131 alanlarda yatamayan vatanda\u015flar evlerinin teras, balkon ve damlar\u0131nda yat\u0131yor. Teknolojik serinleme y\u00f6ntemlerinin pahal\u0131 ya da yetersiz olmas\u0131 nedeniyle vatanda\u015flar y\u00fczy\u0131llard\u0131r devam eden geleneksel y\u00f6ntemlere ba\u015fvurup, daha ucuz olan y\u00f6ntemleri tercih ediyor. Ak\u015fam g\u00fcne\u015f batar batmaz evdeki i\u015flerini tamamlayan kad\u0131nlar, terasa \u00e7\u0131kard\u0131klar\u0131 yataklar\u0131 haz\u0131rlanan \u2019Dam Palaslara\u2019 sererken, misafirler de \u00e7o\u011fu zaman burada a\u011f\u0131rlan\u0131yor. Maliyeti olduk\u00e7a d\u00fc\u015f\u00fck olan yataklar, ailelerin serin ortamda uyumalar\u0131na olanak sa\u011flaman\u0131n yan\u0131nda y\u00fczy\u0131llard\u0131r s\u00fcren bir gelene\u011fi de devam ettiriyor.<\/p>\n<p>Sipari\u015fleri yeti\u015ftiremiyorlar<\/p>\n<p>Dam Palaslara ilginin yo\u011fun oldu\u011funu belirten marangoz ve demirciler ise sipari\u015fleri yeti\u015ftirmekte g\u00fc\u00e7l\u00fck \u00e7ekiyor. \u015eanl\u0131urfa\u2019n\u0131n Viran\u015fehir il\u00e7esindeki sanayi sitesinde marangozluk yapan Halil Bilen, yaz s\u0131caklar\u0131n\u0131n ba\u015flamas\u0131yla Dam Palaslara ilginin yo\u011fun oldu\u011funu, bu y\u00fczden sat\u0131\u015flar\u0131n\u0131n \u00f6nceki y\u0131llara g\u00f6re artt\u0131\u011f\u0131n\u0131 s\u00f6yledi.<\/p>\n<p>Mesle\u011fi babas\u0131ndan \u00f6\u011frendi\u011fini belirten Bilen, \u201cYakla\u015f\u0131k 25-30 senedir marangozluk yap\u0131yorum. Yaz aylar\u0131n\u0131n gelmesiyle halk damlarda yatmaya ba\u015fl\u0131yor. Yani Dam Palas sezonu ba\u015fl\u0131yor. Biz de Dam Palaslar\u0131n i\u00e7indeki tahtlar\u0131 yap\u0131yoruz. Demirciler ise demirlerini yap\u0131yor. Eskiden Dam Palaslar\u0131n t\u00fcm\u00fc tahtadan yap\u0131l\u0131yordu ama \u0131sland\u0131klar\u0131nda tahta iskelet ilk \u00f6nce \u00e7atl\u0131yor, daha sonra ise \u00e7\u00fcr\u00fcyordu. \u00d6mr\u00fc k\u0131sa oldu\u011fu i\u00e7in sonradan iskeleti demirden yap\u0131lmaya ba\u015fland\u0131. Demir iskelet daha dayan\u0131kl\u0131 oluyor. Biz de tahtalar\u0131 \u00e7\u00fcr\u00fcyen ya da kendine yeni Dam Palas yapanlar\u0131n tahtlar\u0131n\u0131 yap\u0131yoruz. \u00c7ok fazla yo\u011funluk var. \u015eu an sipari\u015fleri yeti\u015ftiremiyoruz. \u0130n\u015faatlarda kullan\u0131lan kal\u0131p tahtalar\u0131n\u0131 kullan\u0131yoruz. Kal\u0131nl\u0131\u011f\u0131 2 santimetredir. Kal\u0131n ve dar tahtalar hem daha dayan\u0131kl\u0131 oluyor hem de zamanla kambur olmuyor ve \u00e7atlam\u0131yor. Geni\u015f ve ince olan tahtalar zamanla hem \u00e7atl\u0131yor hem de kamburla\u015f\u0131yor\u201d dedi.<\/p>\n<p>G\u00fcnde ortalama iki Dam Palas haz\u0131rlad\u0131klar\u0131n\u0131 kaydeden Metin Bilen, \u201cYapt\u0131\u011f\u0131m\u0131z Dam Palaslar 2, 3 ve 4 metreden olu\u015fuyor. Bir bu\u00e7uk santimetre kal\u0131nl\u0131\u011f\u0131ndaki tahtalar\u0131n metrekaresini 70 T\u00fcrk Liras\u0131ndan, 2 santim kal\u0131nl\u0131\u011f\u0131ndaki tahtalar\u0131 ise metrekaresini 75 T\u00fcrk Liras\u0131\u2019ndan yap\u0131yoruz. Her bir metrekare bir yatak kapasitesidir. Yani 4 metrelik bir Dam Palasta \u00e7ocuk haricinde 4 yeti\u015fkin yatabiliyor\u201d \u015feklinde konu\u015ftu.<\/p>\n<p>Do\u011fal ortam, temiz hava<\/p>\n<p>Teras ve balkonda yatman\u0131n kendileri i\u00e7in art\u0131k bir k\u00fclt\u00fcr haline geldi\u011fini anlatan Abdullah \u00c7elik isimli vatanda\u015f ise, &#8220;Y\u0131llard\u0131r damda yat\u0131yoruz. Evde klimam\u0131z var fakat damda uyumak bize daha do\u011fal geliyor. Ak\u015fam hava karar\u0131nca dama \u00e7\u0131k\u0131yoruz. Sabah ise ku\u015flar\u0131n, horozlar\u0131n sesleriyle uyan\u0131yoruz. Herkese damda uyumay\u0131 tavsiye ediyorum. Damda yatmalar t\u00fcm \u015eanl\u0131urfa ve civar\u0131ndaki illerde yayg\u0131nd\u0131r. Do\u011fal bir g\u00fczellik, do\u011fal bir ortam, temiz bir hava var. Hatta geceleri uyurken y\u0131ld\u0131zlar\u0131 seyrederek uyuyoruz. Bu bizim Dam Palas\u0131m\u0131zd\u0131r\u201c diye konu\u015ftu.<\/p>\n<p>Abdullah \u00c7elik, d\u0131\u015far\u0131da uyuman\u0131n rahatl\u0131\u011f\u0131yla beraber tehlikeli oldu\u011funu da belirterek, ge\u00e7en y\u0131l terastan d\u00fc\u015ferek yaralananlar\u0131n say\u0131s\u0131n\u0131n olduk\u00e7a fazla oldu\u011funa dikkat \u00e7ekti.<\/p>\n<p>\u2019Dam Palas\u2019 ismiyle tan\u0131nd\u0131<\/p>\n<p>B\u00f6lgede Dam Palas olarak bilinen Dam Palaslar s\u0131cak bir iklime sahip olmalar\u0131ndan dolay\u0131 b\u00f6lgenin genelinde ilgi g\u00f6r\u00fcyor.<\/p>\n","protected":false},"excerpt":{"rendered":"<p>HAVALARIN \u0130Y\u0130CE ISINMASIYLA B\u0130RL\u0130KTE G\u00dcNEYDO\u011eU ANADOLU B\u00d6LGES\u0130NDE HER SENE OLDU\u011eU G\u0130B\u0130 BU SENE DE &#8216;DAM PALAS&#8217; D\u00d6NEM\u0130 BA\u015eLADI. \u00d6ZELL\u0130KLE B\u00d6LGEN\u0130N EN SICAK \u0130LLER\u0130 ARASINDA BULUNAN \u015eANLIURFA\u2019DA GECE KAPALI ALANLARDA UYUYAMAYAN VATANDA\u015eLAR, TERASLARDA VE BALKONLARDA YAPTIRDIKLARI &#8216;DAM PALAS&#8217; ADI VER\u0130LEN YATAKLARDA YATIYOR.<\/p>\n","protected":false},"author":1,"featured_media":0,"comment_status":"closed","ping_status":"open","sticky":false,"template":"","format":"standard","meta":{"jetpack_post_was_ever_published":false,"_jetpack_newsletter_access":"","_jetpack_dont_email_post_to_subs":false,"_jetpack_newsletter_tier_id":0,"_jetpack_memberships_contains_paywalled_content":false,"_jetpack_memberships_contains_paid_content":false,"footnotes":"","jetpack_publicize_message":"","jetpack_publicize_feature_enabled":true,"jetpack_social_post_already_shared":true,"jetpack_social_options":{"image_generator_settings":{"template":"highway","default_image_id":0,"font":"","enabled":false},"version":2}},"categories":[1],"tags":[41061,1073,55,28944,29454,6296],"class_list":["post-170429","post","type-post","status-publish","format-standard","hentry","category-genel","tag-dam","tag-ozel","tag-basladi","tag-guneydoguda","tag-palas","tag-sezonu"],"jetpack_publicize_connections":[],"jetpack_featured_media_url":"","jetpack_sharing_enabled":true,"jetpack_shortlink":"https:\/\/wp.me\/paKIfm-IkR","_links":{"self":[{"href":"http:\/\/www.tvturk.com\/index.php\/wp-json\/wp\/v2\/posts\/170429","targetHints":{"allow":["GET"]}}],"collection":[{"href":"http:\/\/www.tvturk.com\/index.php\/wp-json\/wp\/v2\/posts"}],"about":[{"href":"http:\/\/www.tvturk.com\/index.php\/wp-json\/wp\/v2\/types\/post"}],"author":[{"embeddable":true,"href":"http:\/\/www.tvturk.com\/index.php\/wp-json\/wp\/v2\/users\/1"}],"replies":[{"embeddable":true,"href":"http:\/\/www.tvturk.com\/index.php\/wp-json\/wp\/v2\/comments?post=170429"}],"version-history":[{"count":0,"href":"http:\/\/www.tvturk.com\/index.php\/wp-json\/wp\/v2\/posts\/170429\/revisions"}],"wp:attachment":[{"href":"http:\/\/www.tvturk.com\/index.php\/wp-json\/wp\/v2\/media?parent=170429"}],"wp:term":[{"taxonomy":"category","embeddable":true,"href":"http:\/\/www.tvturk.com\/index.php\/wp-json\/wp\/v2\/categories?post=170429"},{"taxonomy":"post_tag","embeddable":true,"href":"http:\/\/www.tvturk.com\/index.php\/wp-json\/wp\/v2\/tags?post=170429"}],"curies":[{"name":"wp","href":"https:\/\/api.w.org\/{rel}","templated":true}]}}