{"id":170439,"date":"2019-06-17T09:52:13","date_gmt":"2019-06-17T06:52:13","guid":{"rendered":"http:\/\/www.tvturk.com\/index.php\/13-yasindaki-suriyeli-halitin-yurek-burkan-hikayesi\/"},"modified":"2019-06-17T09:52:13","modified_gmt":"2019-06-17T06:52:13","slug":"13-yasindaki-suriyeli-halitin-yurek-burkan-hikayesi","status":"publish","type":"post","link":"http:\/\/www.tvturk.com\/index.php\/13-yasindaki-suriyeli-halitin-yurek-burkan-hikayesi\/","title":{"rendered":"13 ya\u015f\u0131ndaki Suriyeli Halit\u2019in y\u00fcrek burkan hikayesi"},"content":{"rendered":"<p>5 y\u0131l \u00f6nce \u00fclkesindeki i\u00e7 sava\u015ftan ailesiyle birlikte ka\u00e7arak Malatya\u2019ya s\u0131\u011f\u0131nmak zorunda kalan 13 ya\u015f\u0131ndaki Suriyeli Halit El Mu\u015fail\u2019in hayat hikayesi sava\u015f\u0131n \u00e7ocuklar \u00fczerindeki karanl\u0131k y\u00fcz\u00fcn\u00fc bir kez daha ortaya seriyor.<\/p>\n<p>13 ya\u015f\u0131ndaki Suriyeli Halit El Mu\u015fail, 5 y\u0131l \u00f6nce, do\u011fup b\u00fcy\u00fcd\u00fc\u011f\u00fc ve vatan diye bildi\u011fi topraklar\u0131 iktidar, para ve g\u00fc\u00e7 h\u0131rs\u0131 olanlar y\u00fcz\u00fcnden terk etmek zorunda kald\u0131. Halit sadece vatan\u0131n\u0131 de\u011fil, okulunu, arkada\u015flar\u0131n\u0131 hayallerini ve \u00e7ocuklu\u011funu da geride b\u0131rakarak T\u00fcrkiye\u2019ye s\u0131\u011f\u0131nd\u0131.<\/p>\n<p>Memleketinde top pe\u015finde ko\u015fan, arkada\u015flar\u0131yla birlikte misket yuvarlayan Halit\u2019in yeni hayat\u0131 daha ilk anlardan itibaren s\u0131rt\u0131na binen a\u011f\u0131r y\u00fcklerle ba\u015flad\u0131. \u0130\u00e7 sava\u015f ve ard\u0131ndan olu\u015fan \u015fartlar milyonlarca Suriyeli \u00e7ocuk gibi Halit\u2019i de kocaman bir adam yapt\u0131.<\/p>\n<p>Malatya\u2019ya ayak basar basmak bir ayakkab\u0131c\u0131 d\u00fckkan\u0131nda i\u015fe ba\u015flayan Halit, \u015fimdi bir yandan buradaki okuluna devam ederken bir yandan da para kazan\u0131p ailesini bakmaya \u00e7al\u0131\u015f\u0131yor. \u00c7al\u0131\u015ft\u0131\u011f\u0131 i\u015f yerinde g\u00f6sterdi\u011fi sadakat ve ahlakl\u0131 duru\u015fla patronlar\u0131n\u0131n takdirini ve g\u00fcvenini kazanan k\u00fc\u00e7\u00fck Halit, i\u015f yerinin en k\u0131demli \u00e7al\u0131\u015fan\u0131 haline geldi.<\/p>\n<p>5 y\u0131l \u00f6nce Halep\u2019ten ailesi ile birlikte ka\u00e7mak zorunda kald\u0131\u011f\u0131n\u0131 ifade eden Halit, \u201cBizden \u00f6nce amcalar\u0131m gelmi\u015fti. Sava\u015f k\u00f6t\u00fc olunca ve Esed\u2019in adamlar\u0131 bizim k\u00f6y\u00fcm\u00fcze sald\u0131r\u0131nca biz de mecburiyetten ka\u00e7t\u0131k ve buraya s\u0131\u011f\u0131nd\u0131k\u201d dedi.<\/p>\n<p>Sava\u015fta bir\u00e7ok yak\u0131n\u0131n\u0131 kaybetti\u011fini dile getiren Halit, katil Esed\u2019in okulunu da bombalad\u0131\u011f\u0131n\u0131 ve bu sald\u0131r\u0131 sonucu bir \u00f6\u011fretmenini de kaybetti\u011fini belirtti. \u0130\u015fini \u00f6\u011frendi\u011fini ve severek yapt\u0131\u011f\u0131n\u0131 kaydeden Halit, hedefinin ileride iyi bir esnaf olmak oldu\u011funu s\u00f6yledi.<\/p>\n<p>\u201cT\u00fcrkiye\u2019ye te\u015fekk\u00fcr ederim\u201d<\/p>\n<p>Kendilerine kucak a\u00e7an T\u00fcrkiye\u2019ye te\u015fekk\u00fcr eden Halit, sava\u015f bitmesi halinde Suriye\u2019ye d\u00f6nmek istediklerini de s\u00f6zlerine ekledi.<\/p>\n<p>\u201cHalit \u00e7ok zeki bir \u00e7ocuk\u201d<\/p>\n<p>Halit\u2019le \u00e7ok iyi anla\u015ft\u0131klar\u0131n\u0131 vurgulayan i\u015f yeri sahibi Furkan Bozda\u011f ise Halit\u2019in art\u0131k bu i\u015fte usta oldu\u011funu belirtti. Halit\u2019in ya\u015f\u0131tlar\u0131na g\u00f6re \u00e7ok zeki oldu\u011funu ifade eden Bozda\u011f, k\u00fc\u00e7\u00fck Halit\u2019in bu i\u015fi yapabilecek donan\u0131mda oldu\u011funu kaydetti.<\/p>\n","protected":false},"excerpt":{"rendered":"<p>5 YIL \u00d6NCE \u00dcLKES\u0130NDEK\u0130 \u0130\u00c7 SAVA\u015eTAN A\u0130LES\u0130 \u0130LE B\u0130RL\u0130KTE KA\u00c7ARAK MALATYA\u2019YA SI\u011eINMAK ZORUNDA KALAN 13 YA\u015eINDAK\u0130 SUR\u0130YEL\u0130 HAL\u0130T EL MU\u015eA\u0130L\u2019\u0130N HAYAT H\u0130KAYES\u0130 SAVA\u015eIN \u00c7OCUKLAR \u00dcZER\u0130NDEK\u0130 KARANLIK Y\u00dcZ\u00dcN\u00dc B\u0130R KEZ DAHA ORTAYA SER\u0130YOR.<\/p>\n","protected":false},"author":1,"featured_media":0,"comment_status":"closed","ping_status":"open","sticky":false,"template":"","format":"standard","meta":{"jetpack_post_was_ever_published":false,"_jetpack_newsletter_access":"","_jetpack_dont_email_post_to_subs":false,"_jetpack_newsletter_tier_id":0,"_jetpack_memberships_contains_paywalled_content":false,"_jetpack_memberships_contains_paid_content":false,"footnotes":"","jetpack_publicize_message":"","jetpack_publicize_feature_enabled":true,"jetpack_social_post_already_shared":true,"jetpack_social_options":{"image_generator_settings":{"template":"highway","default_image_id":0,"font":"","enabled":false},"version":2}},"categories":[1],"tags":[6472,41064,1634,1036,1063,367],"class_list":["post-170439","post","type-post","status-publish","format-standard","hentry","category-genel","tag-burkan","tag-halitin","tag-hikayesi","tag-suriyeli","tag-yasindaki","tag-yurek"],"jetpack_publicize_connections":[],"jetpack_featured_media_url":"","jetpack_sharing_enabled":true,"jetpack_shortlink":"https:\/\/wp.me\/paKIfm-Il1","_links":{"self":[{"href":"http:\/\/www.tvturk.com\/index.php\/wp-json\/wp\/v2\/posts\/170439","targetHints":{"allow":["GET"]}}],"collection":[{"href":"http:\/\/www.tvturk.com\/index.php\/wp-json\/wp\/v2\/posts"}],"about":[{"href":"http:\/\/www.tvturk.com\/index.php\/wp-json\/wp\/v2\/types\/post"}],"author":[{"embeddable":true,"href":"http:\/\/www.tvturk.com\/index.php\/wp-json\/wp\/v2\/users\/1"}],"replies":[{"embeddable":true,"href":"http:\/\/www.tvturk.com\/index.php\/wp-json\/wp\/v2\/comments?post=170439"}],"version-history":[{"count":0,"href":"http:\/\/www.tvturk.com\/index.php\/wp-json\/wp\/v2\/posts\/170439\/revisions"}],"wp:attachment":[{"href":"http:\/\/www.tvturk.com\/index.php\/wp-json\/wp\/v2\/media?parent=170439"}],"wp:term":[{"taxonomy":"category","embeddable":true,"href":"http:\/\/www.tvturk.com\/index.php\/wp-json\/wp\/v2\/categories?post=170439"},{"taxonomy":"post_tag","embeddable":true,"href":"http:\/\/www.tvturk.com\/index.php\/wp-json\/wp\/v2\/tags?post=170439"}],"curies":[{"name":"wp","href":"https:\/\/api.w.org\/{rel}","templated":true}]}}