{"id":170445,"date":"2019-06-17T10:00:08","date_gmt":"2019-06-17T07:00:08","guid":{"rendered":"http:\/\/www.tvturk.com\/index.php\/ozel-ahmet-kaya-rolu-vanli-sanatciya\/"},"modified":"2019-06-17T10:00:08","modified_gmt":"2019-06-17T07:00:08","slug":"ozel-ahmet-kaya-rolu-vanli-sanatciya","status":"publish","type":"post","link":"http:\/\/www.tvturk.com\/index.php\/ozel-ahmet-kaya-rolu-vanli-sanatciya\/","title":{"rendered":"(\u00d6zel) Ahmet Kaya rol\u00fc Vanl\u0131 sanat\u00e7\u0131ya"},"content":{"rendered":"<p>\u00dcnl\u00fc sanat\u00e7\u0131 merhum Ahmet Kaya\u2019n\u0131n hayat\u0131n\u0131 anlatacak filmde ba\u015f rol\u00fcnde oynamas\u0131 beklenen Vanl\u0131 \u015eair \u0130smail Y\u0131lmaz, \u201cAhmet Kaya\u2019y\u0131 oynamak benim i\u00e7in \u015fereftir\u201d dedi.<\/p>\n<p>Van\u2019\u0131n Er\u00e7ek Mahallesi\u2019nde d\u00fcnyaya gelen eski milli boks\u00f6r ve \u015fimdilerin \u015fairi \u0130smail Y\u0131lmaz\u2019\u0131n rahmetli sanat\u00e7\u0131 Ahmet Kaya\u2019ya olan benzerli\u011fi herkesi \u015fa\u015f\u0131rt\u0131yor. Ge\u00e7ti\u011fimiz haftalarda bir \u015fiir alb\u00fcm\u00fc \u00e7\u0131karan ve alb\u00fcmde yer alan \u2018Vanl\u0131yam Can\u2019 \u015fiiri i\u00e7in do\u011fdu\u011fu memleketi Van\u2019a gelen \u015eair \u0130smail Y\u0131lmaz, Vanl\u0131 Y\u00f6netmen Orhan An ve Sanat\u00e7\u0131 F\u0131rat Ba\u015fkale\u2019nin destekleriyle klip \u00e7ekimlerine ba\u015flad\u0131. Van Kalesi\u2019nde ba\u015flayan \u00e7ekimlerle ilgili \u0130HA muhabirine konu\u015fan Y\u0131lmaz, \u00f6nemli a\u00e7\u0131klamalarda bulundu. Y\u0131llar y\u0131l\u0131 gurbette ya\u015fad\u0131\u011f\u0131n\u0131 ve Van\u2019a olan hasretini, \u00f6zlemini \u2018Vanl\u0131yam Can\u2019 \u015fiirinde anlatt\u0131\u011f\u0131n\u0131 ifade eden Y\u0131lmaz, \u201cGurbet hayat\u0131 ya\u015fayan bir sporcu ve bir \u015fair olarak, Van\u2019\u0131n \u00f6zlemini y\u0131llarca y\u00fcre\u011finde ta\u015f\u0131yan bir \u0130smail olarak \u2018Vanl\u0131yam Can\u2019 \u015fiirini gurbette yazm\u0131\u015ft\u0131m. \u015eiirimde Van y\u00f6resini, b\u00f6lgesini, sevgisini, hasretini, ad\u0131 g\u00f6l ama kendisi deniz olan g\u00f6l\u00fcn\u00fc anlatm\u0131\u015ft\u0131m. Kalesini, Erek Da\u011f\u0131\u2019n\u0131 ve insan\u0131n\u0131 anlatm\u0131\u015ft\u0131m. Vanl\u0131yam Can \u015fiirinin bendeki \u00f6zel yerinden dolay\u0131 klibi Van\u2019da \u00e7ekmeye karar verdim. Van\u2019\u0131n, Van insan\u0131n\u0131n g\u00fczelli\u011fini T\u00fcrkiye ve Avrupa\u2019ya tan\u0131tmak i\u00e7in g\u00fczel bir klip \u00e7ekmeye geldim. \u0130nan\u0131yorum ki Y\u00f6netmen Orhan An ile birlikte g\u00fczel bir klip \u00e7ekerek, halk\u0131m\u0131z\u0131n ve Avrupa halk\u0131n\u0131n Van\u2019\u0131 tan\u0131y\u0131p, sevecek \u015fekilde kar\u015f\u0131lar\u0131na \u00e7\u0131kaca\u011f\u0131z\u201d dedi.<\/p>\n<p>Klip \u00e7ekimlerinin Van\u2019\u0131n bir\u00e7ok yerinde ger\u00e7ekle\u015fece\u011fini dile getiren Y\u0131lmaz, \u201cVan Kalesi, \u0130skele, Erek Da\u011f\u0131, Van merkez, Akdamar Adas\u0131, Er\u00e7ek Mahallesi, Erci\u015f il\u00e7esi, Bal\u0131k Bendi, S\u00fcphan Da\u011f\u0131 ve Muradiye \u015eelalesi\u2019nde klibimizi \u00e7ekece\u011fiz. Bu kliple Van\u2019\u0131 k\u00fclt\u00fcrel ve co\u011frafi anlamda tan\u0131tmaya \u00e7al\u0131\u015faca\u011f\u0131z. Umut ederim ki ba\u015faraca\u011f\u0131z\u201d ifadelerini kulland\u0131.<\/p>\n<p>Ahmet Kaya rol\u00fcnde oynayaca\u011f\u0131 s\u00f6ylentilerine cevap veren Y\u0131lmaz, \u201cAhmet a\u011fabeyin sanat\u0131na, ki\u015fili\u011fine sayg\u0131 duydu\u011fum biriydi. Ge\u00e7en g\u00fcn merhum Ahmet Kaya\u2019n\u0131n e\u015fi G\u00fclten Kaya ile bir araya geldim. Kendisine, G\u00fclten abla, Ahmet a\u011fabeyle \u00e7ok \u00f6zde\u015fle\u015ftiriyorlar beni dedim. G\u00fclerek, \u2018Hi\u00e7 benzemiyorsun \u0130smail\u2019 dedi. Ama Ahmet Kaya abimdir. Onu dinlemekten zevk ald\u0131m, ona doymad\u0131m. \u015eark\u0131lar\u0131n\u0131 bazen bizlere, bazen da\u011flar\u0131na, bazen de \u00e7ocuklar\u0131na s\u00f6yl\u00fcyordu, ama bunun bedelini can\u0131yla \u00f6dedi. E\u015fini ve iki k\u0131z\u0131n\u0131 bize emanet b\u0131rakt\u0131. Ahmet Kaya\u2019ya benzetilmek benim i\u00e7in bir onurdur, bir mutluluktur ama ben \u015eair \u0130smail Y\u0131lmaz\u2019\u0131m. Ahmet abi \u015fark\u0131lar\u0131yla insanlar\u0131n duygular\u0131na, bense \u015fiirlerimle insanlar\u0131n kalbine hitap ediyorum. Ahmet abimle aramdaki ba\u011f da budur. Ahmet abinin hayat\u0131n\u0131 oynamak \u015fereftir. Ahmet abiyi ge\u00e7mi\u015fiyle, gelece\u011fiyle, s\u00fcrg\u00fcn hayat\u0131yla, ka\u015f\u0131kland\u0131\u011f\u0131, d\u00f6v\u00fcld\u00fc\u011f\u00fc, s\u00f6v\u00fcld\u00fc\u011f\u00fc geceyle, s\u00fcrg\u00fcne g\u00f6nderildi\u011fi geceyle oynamak, o psikoloji ve o ruh haline girmek, Ahmet\u2019i ya\u015famak ve ya\u015fatmak benim i\u00e7in \u015feref olur. Kesinlikle ben o filmi oynamaktan mutluluk ve \u015feref duyar\u0131m\u201d diye konu\u015ftu.<\/p>\n","protected":false},"excerpt":{"rendered":"<p>\u00dcNL\u00dc SANAT\u00c7I AHMET KAYA\u2019NIN HAYATINI ANLATACAK F\u0130LMDE BA\u015eROLDE OYNAMASI BEKLENEN VANLI \u015eA\u0130R \u0130SMA\u0130L YILMAZ, \u201cAHMET KAYA\u2019YI OYNAMAK BEN\u0130M \u0130\u00c7\u0130N \u015eEREFT\u0130R\u201d DED\u0130.<\/p>\n","protected":false},"author":1,"featured_media":0,"comment_status":"closed","ping_status":"open","sticky":false,"template":"","format":"standard","meta":{"jetpack_post_was_ever_published":false,"_jetpack_newsletter_access":"","_jetpack_dont_email_post_to_subs":false,"_jetpack_newsletter_tier_id":0,"_jetpack_memberships_contains_paywalled_content":false,"_jetpack_memberships_contains_paid_content":false,"footnotes":"","jetpack_publicize_message":"","jetpack_publicize_feature_enabled":true,"jetpack_social_post_already_shared":true,"jetpack_social_options":{"image_generator_settings":{"template":"highway","default_image_id":0,"font":"","enabled":false},"version":2}},"categories":[1],"tags":[1073,3634,4064,18270,34653,8823],"class_list":["post-170445","post","type-post","status-publish","format-standard","hentry","category-genel","tag-ozel","tag-ahmet","tag-kaya","tag-rolu","tag-sanatciya","tag-vanli"],"jetpack_publicize_connections":[],"jetpack_featured_media_url":"","jetpack_sharing_enabled":true,"jetpack_shortlink":"https:\/\/wp.me\/paKIfm-Il7","_links":{"self":[{"href":"http:\/\/www.tvturk.com\/index.php\/wp-json\/wp\/v2\/posts\/170445","targetHints":{"allow":["GET"]}}],"collection":[{"href":"http:\/\/www.tvturk.com\/index.php\/wp-json\/wp\/v2\/posts"}],"about":[{"href":"http:\/\/www.tvturk.com\/index.php\/wp-json\/wp\/v2\/types\/post"}],"author":[{"embeddable":true,"href":"http:\/\/www.tvturk.com\/index.php\/wp-json\/wp\/v2\/users\/1"}],"replies":[{"embeddable":true,"href":"http:\/\/www.tvturk.com\/index.php\/wp-json\/wp\/v2\/comments?post=170445"}],"version-history":[{"count":0,"href":"http:\/\/www.tvturk.com\/index.php\/wp-json\/wp\/v2\/posts\/170445\/revisions"}],"wp:attachment":[{"href":"http:\/\/www.tvturk.com\/index.php\/wp-json\/wp\/v2\/media?parent=170445"}],"wp:term":[{"taxonomy":"category","embeddable":true,"href":"http:\/\/www.tvturk.com\/index.php\/wp-json\/wp\/v2\/categories?post=170445"},{"taxonomy":"post_tag","embeddable":true,"href":"http:\/\/www.tvturk.com\/index.php\/wp-json\/wp\/v2\/tags?post=170445"}],"curies":[{"name":"wp","href":"https:\/\/api.w.org\/{rel}","templated":true}]}}