{"id":170457,"date":"2019-06-17T10:15:34","date_gmt":"2019-06-17T07:15:34","guid":{"rendered":"http:\/\/www.tvturk.com\/index.php\/turk-ve-suriyeli-ressamlardan-resim-sergisi\/"},"modified":"2019-06-17T10:15:34","modified_gmt":"2019-06-17T07:15:34","slug":"turk-ve-suriyeli-ressamlardan-resim-sergisi","status":"publish","type":"post","link":"http:\/\/www.tvturk.com\/index.php\/turk-ve-suriyeli-ressamlardan-resim-sergisi\/","title":{"rendered":"T\u00fcrk ve Suriyeli ressamlardan resim sergisi"},"content":{"rendered":"<p>T\u00fcrk ve Suriyeli sanat\u00e7\u0131lar\u0131 bulu\u015fturan \u201c\u0130ki K\u00fclt\u00fcr D\u00f6rt Renk\u201d Karma Resim Sergisi; 20-22 Haziran tarihleri aras\u0131nda Ayvansaray Plato Sanat \u0130stanbul\u2019da sanatseverleri a\u011f\u0131rlayacak.<\/p>\n<p>Damsco Group\u2019un ev sahipli\u011finde, Suriyeli sanat\u00e7\u0131lar Abdullatif Aljeemo, Khayyam Zedan ile T\u00fcrkiyeli sanat\u00e7\u0131lar Kadir Ablak ve Huri Kiri\u015f\u2019in eserlerinin yer alaca\u011f\u0131 karma sergiden elde edilecek gelirin bir b\u00f6l\u00fcm\u00fc ise T\u00fcrkiye Meme Vakf\u0131\u2019na ba\u011f\u0131\u015flanacak.<\/p>\n<p>Serginin k\u00fcrat\u00f6rl\u00fc\u011f\u00fcn\u00fc \u00fcstlenen Mehmet L\u00fctfi \u015een, \u201c\u0130ki K\u00fclt\u00fcr D\u00f6rt Renk sergisi bir uluslararas\u0131 sanat bulu\u015fmas\u0131 olarak \u00e7ok de\u011ferlidir. \u0130ki farkl\u0131 \u00fclkeden d\u00f6rt farkl\u0131 sanat\u00e7\u0131n\u0131n eserlerinin yer ald\u0131\u011f\u0131 sergi, ge\u00e7mi\u015fe ve bug\u00fcne dair imgelerin sanat\u00e7\u0131lar eliyle hem poetik hem de politik bir izlekten bak\u0131lmas\u0131na, bununla birlikte mek\u00e2n, \u015fehir, haf\u0131za, do\u011fa ve h\u0131z gibi bireyi \u00e7evreleyen unsurlar\u0131n farkl\u0131 yorumlamalarla izlenmesine imk\u00e2n haz\u0131rl\u0131yor&#8221; dedi.<\/p>\n<p>Soyut eserleri ile bilinen Suriyeli ressam  Khayyam Zedan, bulundu\u011fu co\u011frafyadaki zorlu ya\u015fam ko\u015fullar\u0131, kaos ve ac\u0131y\u0131 resmederken, gelece\u011fe dair umut \u0131\u015f\u0131\u011f\u0131n\u0131 da tuvallere yans\u0131t\u0131yor.<\/p>\n<p>Abdullatif Aljeemo ise eserlerinde d\u00fcnyan\u0131n neresinde olursa olsun her kim kayg\u0131, endi\u015fe ve ya\u015fama g\u00fc\u00e7l\u00fc\u011f\u00fc \u00e7ekerse, bu, t\u00fcm d\u00fcnyan\u0131n endi\u015fesi olmal\u0131d\u0131r diyor. Duygular\u0131n ortak olmas\u0131na dikkat \u00e7eken sanat\u00e7\u0131, eserlerinde co\u011frafi s\u0131n\u0131rlar\u0131 ortadan kald\u0131rarak insana ve insani duygulara odaklan\u0131yor.<\/p>\n<p>Sosyal ger\u00e7ek\u00e7ili\u011fi \u00e7a\u011fda\u015f bir bak\u0131\u015f a\u00e7\u0131s\u0131 ile yorumlayan Kadir Ablak, kentlerin anatomisini tuvallere yans\u0131t\u0131rken, kalabal\u0131klar i\u00e7erisinde yaln\u0131zla\u015fan insana dikkat \u00e7ekiyor. \u0130nsan\u0131n ya\u015fam alan\u0131 \u00fczerinden insani duygular\u0131 vurgulayan  sanat\u00e7\u0131, kent k\u00fclt\u00fcr\u00fcnde  bireyselle\u015fen hayatlar\u0131 ve yok olmaya ba\u015flayan insani duygulara f\u0131r\u00e7as\u0131yla hayat veriyor.<\/p>\n<p>Damsco Group Y\u00f6netim Kurulu Ba\u015fkan\u0131 Muhannad Almasri ise &#8220;Sanat hayat\u0131m\u0131zda her zaman \u00f6nemli bir unsur olmu\u015ftur ve her zaman inan\u00e7lar\u0131m\u0131zda ve fikirlerimizde iyimserlik ve ilerleme sa\u011flam\u0131\u015ft\u0131r. \u0130nsan; ba\u015flang\u0131c\u0131ndan bu yana, g\u00fczellikleri ve s\u00fcslemeleri \u00fcretmeye koyuldu ve yenilik olu\u015fturdu. B\u00f6ylece sanat duyumsal ve ruhsal fark\u0131ndal\u0131\u011f\u0131n geli\u015fmesinde \u00f6nemli bir rol \u00fcstlendi. Bunca h\u00fczn\u00fcn ve insan de\u011ferlerdeki y\u0131k\u0131m\u0131n ard\u0131ndan sanat\u0131n bize verdi\u011fi umuda ve iyimserlik ruhuna tutunmaktan ba\u015fka bir \u00e7aremiz yok. \u0130nsanl\u0131\u011f\u0131 bilahare s\u0131\u011f\u0131n\u0131lacak bir anne kuca\u011f\u0131 misali oldu\u011funu inanc\u0131m\u0131zla, bu projeye destek vermeye kara verdik. \u0130stanbul\u2019da T\u00fcrk ve Suriyeli sanat\u00e7\u0131lar\u0131 bir araya getiren, eserleriyle medeniyetimizi renklendiren ve insanl\u0131\u011f\u0131m\u0131za kol kanat geren bu sergiyi g\u00f6n\u00fclden destekledik&#8221; dedi.<\/p>\n","protected":false},"excerpt":{"rendered":"<p>T\u00dcRK VE SUR\u0130YEL\u0130 SANAT\u00c7ILARI BULU\u015eTURAN \u201c\u0130K\u0130 K\u00dcLT\u00dcR D\u00d6RT RENK\u201d KARMA RES\u0130M SERG\u0130S\u0130; 20-22 HAZ\u0130RAN TAR\u0130HLER\u0130 ARASINDA AYVANSARAY PLATO SANAT \u0130STANBUL\u2019DA SANATSEVERLER\u0130 A\u011eIRLAYACAK.<\/p>\n","protected":false},"author":1,"featured_media":0,"comment_status":"closed","ping_status":"open","sticky":false,"template":"","format":"standard","meta":{"jetpack_post_was_ever_published":false,"_jetpack_newsletter_access":"","_jetpack_dont_email_post_to_subs":false,"_jetpack_newsletter_tier_id":0,"_jetpack_memberships_contains_paywalled_content":false,"_jetpack_memberships_contains_paid_content":false,"footnotes":"","jetpack_publicize_message":"","jetpack_publicize_feature_enabled":true,"jetpack_social_post_already_shared":true,"jetpack_social_options":{"image_generator_settings":{"template":"highway","default_image_id":0,"font":"","enabled":false},"version":2}},"categories":[656],"tags":[4857,41075,1335,1036,957],"class_list":["post-170457","post","type-post","status-publish","format-standard","hentry","category-kultur-sanat","tag-resim","tag-ressamlardan","tag-sergisi","tag-suriyeli","tag-turk"],"jetpack_publicize_connections":[],"jetpack_featured_media_url":"","jetpack_sharing_enabled":true,"jetpack_shortlink":"https:\/\/wp.me\/paKIfm-Ilj","_links":{"self":[{"href":"http:\/\/www.tvturk.com\/index.php\/wp-json\/wp\/v2\/posts\/170457","targetHints":{"allow":["GET"]}}],"collection":[{"href":"http:\/\/www.tvturk.com\/index.php\/wp-json\/wp\/v2\/posts"}],"about":[{"href":"http:\/\/www.tvturk.com\/index.php\/wp-json\/wp\/v2\/types\/post"}],"author":[{"embeddable":true,"href":"http:\/\/www.tvturk.com\/index.php\/wp-json\/wp\/v2\/users\/1"}],"replies":[{"embeddable":true,"href":"http:\/\/www.tvturk.com\/index.php\/wp-json\/wp\/v2\/comments?post=170457"}],"version-history":[{"count":0,"href":"http:\/\/www.tvturk.com\/index.php\/wp-json\/wp\/v2\/posts\/170457\/revisions"}],"wp:attachment":[{"href":"http:\/\/www.tvturk.com\/index.php\/wp-json\/wp\/v2\/media?parent=170457"}],"wp:term":[{"taxonomy":"category","embeddable":true,"href":"http:\/\/www.tvturk.com\/index.php\/wp-json\/wp\/v2\/categories?post=170457"},{"taxonomy":"post_tag","embeddable":true,"href":"http:\/\/www.tvturk.com\/index.php\/wp-json\/wp\/v2\/tags?post=170457"}],"curies":[{"name":"wp","href":"https:\/\/api.w.org\/{rel}","templated":true}]}}