{"id":170459,"date":"2019-06-17T10:17:15","date_gmt":"2019-06-17T07:17:15","guid":{"rendered":"http:\/\/www.tvturk.com\/index.php\/tesk-genel-baskani-palandoken-afetten-zarar-goren-esnaf-ve-ciftcinin-yaralari-sarilmali\/"},"modified":"2019-06-17T10:17:15","modified_gmt":"2019-06-17T07:17:15","slug":"tesk-genel-baskani-palandoken-afetten-zarar-goren-esnaf-ve-ciftcinin-yaralari-sarilmali","status":"publish","type":"post","link":"http:\/\/www.tvturk.com\/index.php\/tesk-genel-baskani-palandoken-afetten-zarar-goren-esnaf-ve-ciftcinin-yaralari-sarilmali\/","title":{"rendered":"TESK Genel Ba\u015fkan\u0131 Paland\u00f6ken: \u201cAfetten zarar g\u00f6ren esnaf ve \u00e7ift\u00e7inin yaralar\u0131 sar\u0131lmal\u0131\u201d"},"content":{"rendered":"<p>T\u00fcrkiye Esnaf ve Sanatk\u00e2rlar Konfederasyonu (TESK) Genel Ba\u015fkan\u0131 Bendevi Paland\u00f6ken, \u201cAfetten zarar g\u00f6ren esnaf ve \u00e7ift\u00e7inin yaralar\u0131 sar\u0131lmal\u0131\u201d dedi.<\/p>\n<p>Ya\u015fanan do\u011fal afetlerden zarar g\u00f6ren esnaf ve \u00e7ift\u00e7inin yaralar\u0131n\u0131n sar\u0131lmas\u0131n\u0131 isteyen TESK Genel Ba\u015fkan\u0131 Bendevi Paland\u00f6ken, \u201cGe\u00e7ti\u011fimiz g\u00fcnlerde yurdun \u00e7e\u015fitli b\u00f6lgelerinde meydana gelen ya\u011fmur, dolu, sel ve hortum felaketleri, \u00e7ok say\u0131da esnaf\u0131m\u0131z\u0131 ve \u00e7ift\u00e7iyi zarara u\u011fratt\u0131. Do\u011fal afetlerden zarar g\u00f6ren esnaf ve \u00e7ift\u00e7inin \u00f6deyemedi\u011fi kredi bor\u00e7lar\u0131nda faizsiz yeni bir yap\u0131land\u0131rmaya gidilmeli. Gecikmi\u015f sigorta prim bor\u00e7lar\u0131 ile vergi bor\u00e7lar\u0131nda ise erteleme yap\u0131lmal\u0131\u201d diye konu\u015ftu.<\/p>\n<p>\u201cEsnaf\u0131m\u0131z do\u011fal afetlerle ba\u015f edecek g\u00fc\u00e7te de\u011fil\u201d<\/p>\n<p>Do\u011fal afetlerden b\u00fcy\u00fck zarar g\u00f6ren ve borcu olan esnaf ile \u00e7ift\u00e7inin ekonomik y\u00f6nden kolayl\u0131k bekledi\u011fini s\u00f6yleyen Paland\u00f6ken, \u201cSon g\u00fcnlerde ya\u015fanan ya\u011fmur, dolu ve sel felaketlerinden dolay\u0131 i\u015f yeri hasar g\u00f6ren esnaf\u0131m\u0131z ile \u00fcr\u00fcnleri zayi olan \u00e7ift\u00e7iler b\u00fcy\u00fck bir s\u0131k\u0131nt\u0131 ya\u015f\u0131yor. Esnaf ve sanatkarlar\u0131n ekmek teknesini \u00e7al\u0131\u015f\u0131r hale getirebilmesi, \u00e7ift\u00e7ilerin ise yeniden \u00fcretime ba\u015flayabilmesi i\u00e7in kolayl\u0131k tan\u0131nmal\u0131. Ekonomik dalgalanma sebebiyle istedi\u011fi verimi elde edemeyen  esnaf\u0131 bir de do\u011fal afetlerin verdi\u011fi zararla ba\u015f edecek g\u00fc\u00e7te de\u011fil. Belediyeler ve Valiliklerce yap\u0131lan incelemeler sonucu afetten zarar g\u00f6rd\u00fc\u011f\u00fc tespit edilen esnaf\u0131n \u00f6deyemedi\u011fi kredi bor\u00e7lar\u0131nda acilen bir kolayl\u0131k sa\u011flanmal\u0131.  \u00d6te yandan gecikmi\u015f SSK ve Ba\u011f-kur prim bor\u00e7lar\u0131 ile vergi bor\u00e7lar\u0131nda erteleme yap\u0131lmal\u0131\u201d \u015feklinde konu\u015ftu.<\/p>\n<p>\u201c\u00dclkemizdeki i\u015f yerlerinin yar\u0131s\u0131 sigortas\u0131z\u201d<\/p>\n<p>\u0130leride ya\u015fanabilecek do\u011fal afetlere kar\u015f\u0131 ise sigorta yapt\u0131r\u0131larak \u00f6nlem al\u0131nmas\u0131 gerekti\u011fine i\u015faret eden Paland\u00f6ken, \u201c\u0130klim de\u011fi\u015fikli\u011finin neden oldu\u011fu do\u011fal afetler, esnaf\u0131m\u0131z\u0131n y\u0131llarca verdi\u011fi eme\u011fi bir anda heba ediyor. Uzmanlara g\u00f6re, t\u00fcm d\u00fcnyada do\u011fal afet ya\u015fanma riski artarken bu afetlerin yol a\u00e7t\u0131\u011f\u0131 maddi ve manevi zararlar\u0131n boyutu y\u00fckseliyor. Ancak buna ra\u011fmen \u00fclkemizdeki i\u015f yerlerinin yar\u0131s\u0131 maalesef sigortas\u0131z. Esnaf ve sanatkarlar\u0131m\u0131z, ileride ya\u015fanmas\u0131 muhtemel do\u011fal afetlerden zarar g\u00f6rmemek i\u00e7in mutlaka i\u015f yeri sigortas\u0131 yapt\u0131rmal\u0131. Sigorta bilincinin artmas\u0131, hem esnaf\u0131n gelece\u011fi hem de \u00fclkemiz i\u00e7in b\u00fcy\u00fck \u00f6nem ta\u015f\u0131maktad\u0131r. Sonradan ke\u015fke dememek i\u00e7in, ya\u015fanacak do\u011fal afetler i\u00e7in \u015fimdiden sigorta \u00f6nlemi al\u0131nmal\u0131\u201d ifadelerini kulland\u0131.<\/p>\n","protected":false},"excerpt":{"rendered":"<p>T\u00dcRK\u0130YE ESNAF VE SANATK\u00c2RLAR KONFEDERASYONU (TESK) GENEL BA\u015eKANI BENDEV\u0130 PALAND\u00d6KEN, GE\u00c7T\u0130\u011e\u0130M\u0130Z G\u00dcNLERDE MEYDANA GELEN DO\u011eAL AFETLERN \u00c7\u0130FT\u00c7\u0130 VE ESNAFI ZARARA U\u011eRATTI\u011eINI VURGULAYARAK KONU HAKKINDA DE\u011eERLEND\u0130RMEDE BULUNDU.<\/p>\n","protected":false},"author":1,"featured_media":0,"comment_status":"closed","ping_status":"open","sticky":false,"template":"","format":"standard","meta":{"jetpack_post_was_ever_published":false,"_jetpack_newsletter_access":"","_jetpack_dont_email_post_to_subs":false,"_jetpack_newsletter_tier_id":0,"_jetpack_memberships_contains_paywalled_content":false,"_jetpack_memberships_contains_paid_content":false,"footnotes":"","jetpack_publicize_message":"","jetpack_publicize_feature_enabled":true,"jetpack_social_post_already_shared":true,"jetpack_social_options":{"image_generator_settings":{"template":"highway","default_image_id":0,"font":"","enabled":false},"version":2}},"categories":[1],"tags":[14189,216,3888,921,869,5493,8073,41076,12357,15607,900],"class_list":["post-170459","post","type-post","status-publish","format-standard","hentry","category-genel","tag-afetten","tag-baskani","tag-ciftcinin","tag-esnaf","tag-genel","tag-goren","tag-palandoken","tag-sarilmali","tag-tesk","tag-yaralari","tag-zarar"],"jetpack_publicize_connections":[],"jetpack_featured_media_url":"","jetpack_sharing_enabled":true,"jetpack_shortlink":"https:\/\/wp.me\/paKIfm-Ill","_links":{"self":[{"href":"http:\/\/www.tvturk.com\/index.php\/wp-json\/wp\/v2\/posts\/170459","targetHints":{"allow":["GET"]}}],"collection":[{"href":"http:\/\/www.tvturk.com\/index.php\/wp-json\/wp\/v2\/posts"}],"about":[{"href":"http:\/\/www.tvturk.com\/index.php\/wp-json\/wp\/v2\/types\/post"}],"author":[{"embeddable":true,"href":"http:\/\/www.tvturk.com\/index.php\/wp-json\/wp\/v2\/users\/1"}],"replies":[{"embeddable":true,"href":"http:\/\/www.tvturk.com\/index.php\/wp-json\/wp\/v2\/comments?post=170459"}],"version-history":[{"count":0,"href":"http:\/\/www.tvturk.com\/index.php\/wp-json\/wp\/v2\/posts\/170459\/revisions"}],"wp:attachment":[{"href":"http:\/\/www.tvturk.com\/index.php\/wp-json\/wp\/v2\/media?parent=170459"}],"wp:term":[{"taxonomy":"category","embeddable":true,"href":"http:\/\/www.tvturk.com\/index.php\/wp-json\/wp\/v2\/categories?post=170459"},{"taxonomy":"post_tag","embeddable":true,"href":"http:\/\/www.tvturk.com\/index.php\/wp-json\/wp\/v2\/tags?post=170459"}],"curies":[{"name":"wp","href":"https:\/\/api.w.org\/{rel}","templated":true}]}}