{"id":170467,"date":"2019-06-17T10:25:15","date_gmt":"2019-06-17T07:25:15","guid":{"rendered":"http:\/\/www.tvturk.com\/index.php\/danistaydan-milyonlarca-arac-sahibini-ilgilendiren-karar\/"},"modified":"2019-06-17T10:25:15","modified_gmt":"2019-06-17T07:25:15","slug":"danistaydan-milyonlarca-arac-sahibini-ilgilendiren-karar","status":"publish","type":"post","link":"http:\/\/www.tvturk.com\/index.php\/danistaydan-milyonlarca-arac-sahibini-ilgilendiren-karar\/","title":{"rendered":"Dan\u0131\u015ftay\u2019dan milyonlarca ara\u00e7 sahibini ilgilendiren karar"},"content":{"rendered":"<p>Sat\u0131n ald\u0131\u011f\u0131 trakt\u00f6r\u00fc 10 y\u0131l sonra \u00fczerine tescil etmek isteyen \u00e7ift\u00e7i, eski sahiplerinin y\u00fcz\u00fcnden trakt\u00f6r \u00fczerinde 27 ayr\u0131 haciz karar\u0131 oldu\u011funu \u00f6\u011frenince b\u00fcy\u00fck \u015fok ya\u015fad\u0131. Ma\u011fdur oldu\u011funu \u00f6ne s\u00fcren vatanda\u015f, emniyetin \u2019hacizli ara\u00e7 tescil edilemez\u2019 karar\u0131n\u0131 idare mahkemesine ta\u015f\u0131d\u0131. Mahkemenin geri \u00e7evirdi\u011fi Bursal\u0131 \u00e7ift\u00e7iye m\u00fcjdeli haber Dan\u0131\u015ftay\u2019dan geldi. Y\u00fcksek Mahkeme; hacizli bir arac\u0131n sat\u0131\u015f\u0131n\u0131n yasak olmad\u0131\u011f\u0131na, arac\u0131n hacizli olarak sat\u0131l\u0131p haciz \u015ferhleriyle birlikte tescil edilebilece\u011fine h\u00fckmetti.<\/p>\n<p>Bursa\u2019da \u00e7ift\u00e7ilik yapan bir vatanda\u015f, ba\u011f-bah\u00e7e i\u015flerinde kullanmak i\u00e7in 1993 y\u0131l\u0131nda noterden ara\u00e7 sat\u0131\u015f s\u00f6zle\u015fmesi ile 1977 model bir trakt\u00f6r sat\u0131n ald\u0131. Trakt\u00f6r\u00fc \u00fczerine tescil ettirme ihtiyac\u0131 duymayan \u00e7ift\u00e7i, 2013 y\u0131l\u0131nda Bursa Emniyet M\u00fcd\u00fcrl\u00fc\u011f\u00fc Trafik Tescil \u015eubesi\u2019nin kap\u0131s\u0131n\u0131 \u00e7al\u0131nca hayat\u0131n\u0131n \u015fokunu ya\u015fad\u0131. Yetkililer, \u00fczerinde 27 ayr\u0131 haciz karar\u0131 bulunan trakt\u00f6r\u00fcn ilgili haciz kararlar\u0131n\u0131 kald\u0131rmadan tescilin m\u00fcmk\u00fcn olmad\u0131\u011f\u0131n\u0131 bildirdi. \u00c7ift\u00e7i avukat\u0131 arac\u0131l\u0131\u011f\u0131yla konuyu yarg\u0131ya ta\u015f\u0131d\u0131. Bursa \u0130dare Mahkemesi, davac\u0131 \u00e7ift\u00e7iyi haks\u0131z buldu. Hukuk m\u00fccadelesini s\u00fcrd\u00fcren Bursal\u0131 \u00e7ift\u00e7i konuyu bu kez Dan\u0131\u015ftay\u2019a ta\u015f\u0131d\u0131. Dan\u0131\u015ftay 15. Dairesi emsal nitelikte bir karara imza att\u0131.<\/p>\n<p>Tescil talebinin reddi i\u015fleminin iptali i\u00e7in a\u00e7\u0131lan davada Dan\u0131\u015ftay, mevzuat h\u00fck\u00fcmlerine g\u00f6re hacizli bir arac\u0131n sat\u0131\u015f\u0131n\u0131n yasaklanmad\u0131\u011f\u0131n\u0131, ancak haciz koyduran alacakl\u0131lar\u0131n korunmas\u0131 amac\u0131yla arac\u0131n hacizli olarak sat\u0131l\u0131p haciz \u015ferhleriyle birlikte tescil edilebilece\u011fine h\u00fckmetti. Y\u0131llar s\u00fcren davada son noktay\u0131 koyan Dan\u0131\u015ftay, tarihi kararda \u015fu ifadelere yer verdi: &#8220;\u0130dare Mahkemesi\u2019nce; davac\u0131n\u0131n, arac\u0131 sat\u0131n ald\u0131\u011f\u0131 tarihte \u00fczerinde herhangi bir haciz bulunmad\u0131\u011f\u0131 ve Kanun\u2019dan do\u011fan y\u00fck\u00fcml\u00fcl\u00fc\u011f\u00fcn\u00fc yerine getirmeyerek s\u00fcresi i\u00e7inde tescil yapt\u0131rmad\u0131\u011f\u0131ndan sat\u0131c\u0131n\u0131n borcundan kaynakl\u0131 hacizler konuldu\u011funa dikkat \u00e7ekmi\u015ftir. Mahkeme; hacizli ara\u00e7lar\u0131n tesciline ili\u015fkin kurallara g\u00f6re i\u015flem tesis etmi\u015f olan idarenin kusurlu bir eyleminden s\u00f6z etme olana\u011f\u0131 bulunmad\u0131\u011f\u0131 gerek\u00e7esiyle davan\u0131n reddine karar vermi\u015ftir. Olayda; davac\u0131n\u0131n arac\u0131 noter sat\u0131\u015f s\u00f6zle\u015fmesi ile sat\u0131n ald\u0131ktan sonra 2004 say\u0131l\u0131 Kanun kapsam\u0131nda eski malikin bor\u00e7lar\u0131 nedeniyle haciz \u015ferhlerinin i\u015flendi\u011fi, idarece ara\u00e7 \u00fczerinde halihaz\u0131rda bulunan haciz \u015ferhleri nedeniyle arac\u0131n davac\u0131 ad\u0131na tescilinin yap\u0131lmad\u0131\u011f\u0131 g\u00f6r\u00fclmektedir. Hacizli bir arac\u0131n sat\u0131\u015f\u0131n\u0131n yasaklanmad\u0131\u011f\u0131, ancak haciz koyduran alacakl\u0131lar\u0131n korunmas\u0131 amac\u0131yla arac\u0131n hacizli olarak sat\u0131labilece\u011fi ve buna ba\u011fl\u0131 olarak haciz \u015ferhleriyle birlikte tescil edilebilece\u011fi anla\u015f\u0131lmaktad\u0131r. Dava konusu olayda da davac\u0131n\u0131n arac\u0131 ald\u0131\u011f\u0131 tarihten sonra ara\u00e7 \u00fczerine eski malik ad\u0131na i\u015flenen haciz \u015ferhlerinin tescile engel olmayaca\u011f\u0131, davac\u0131n\u0131n tescili talep etti\u011fi tarih itibariyle ara\u00e7 \u00fczerindeki hacizlerle birlikte trafik tescil kayd\u0131n\u0131n yap\u0131lmas\u0131 gerekti\u011fi sonucuna ula\u015f\u0131lm\u0131\u015ft\u0131r. Ayr\u0131ca ara\u00e7, ad\u0131na hacizli olarak tescil edilecek davac\u0131n\u0131n, s\u00f6z konusu ara\u00e7 \u00fczerindeki hacizlerin kald\u0131r\u0131lmas\u0131na ili\u015fkin taleplerini adli yarg\u0131 mercilerinde ileri s\u00fcrebilece\u011fi de a\u00e7\u0131kt\u0131r. Bu durumda; dava konusu i\u015flemin iptaline karar verilmesi gerekirken, davan\u0131n reddi yolunda verilen \u0130dare Mahkemesi karar\u0131nda hukuki isabet bulunmamaktad\u0131r. Mahkeme h\u00fckm\u00fcn\u00fcn bozulmas\u0131na karar verilmi\u015ftir&#8221;.<\/p>\n","protected":false},"excerpt":{"rendered":"<p>DANI\u015eTAY, HAC\u0130ZL\u0130 B\u0130R ARACIN SATI\u015eININ YASAK OLMADI\u011eINA, ARACIN HAC\u0130ZL\u0130 OLARAK SATILIP HAC\u0130Z \u015eERHLER\u0130YLE B\u0130RL\u0130KTE TESC\u0130L ED\u0130LEB\u0130LECE\u011e\u0130NE H\u00dcKMETT\u0130.<\/p>\n","protected":false},"author":1,"featured_media":0,"comment_status":"closed","ping_status":"open","sticky":false,"template":"","format":"standard","meta":{"jetpack_post_was_ever_published":false,"_jetpack_newsletter_access":"","_jetpack_dont_email_post_to_subs":false,"_jetpack_newsletter_tier_id":0,"_jetpack_memberships_contains_paywalled_content":false,"_jetpack_memberships_contains_paid_content":false,"footnotes":"","jetpack_publicize_message":"","jetpack_publicize_feature_enabled":true,"jetpack_social_post_already_shared":true,"jetpack_social_options":{"image_generator_settings":{"template":"highway","default_image_id":0,"font":"","enabled":false},"version":2}},"categories":[1],"tags":[1221,41086,15695,2110,18246,7928],"class_list":["post-170467","post","type-post","status-publish","format-standard","hentry","category-genel","tag-arac","tag-danistaydan","tag-ilgilendiren","tag-karar","tag-milyonlarca","tag-sahibini"],"jetpack_publicize_connections":[],"jetpack_featured_media_url":"","jetpack_sharing_enabled":true,"jetpack_shortlink":"https:\/\/wp.me\/paKIfm-Ilt","_links":{"self":[{"href":"http:\/\/www.tvturk.com\/index.php\/wp-json\/wp\/v2\/posts\/170467","targetHints":{"allow":["GET"]}}],"collection":[{"href":"http:\/\/www.tvturk.com\/index.php\/wp-json\/wp\/v2\/posts"}],"about":[{"href":"http:\/\/www.tvturk.com\/index.php\/wp-json\/wp\/v2\/types\/post"}],"author":[{"embeddable":true,"href":"http:\/\/www.tvturk.com\/index.php\/wp-json\/wp\/v2\/users\/1"}],"replies":[{"embeddable":true,"href":"http:\/\/www.tvturk.com\/index.php\/wp-json\/wp\/v2\/comments?post=170467"}],"version-history":[{"count":0,"href":"http:\/\/www.tvturk.com\/index.php\/wp-json\/wp\/v2\/posts\/170467\/revisions"}],"wp:attachment":[{"href":"http:\/\/www.tvturk.com\/index.php\/wp-json\/wp\/v2\/media?parent=170467"}],"wp:term":[{"taxonomy":"category","embeddable":true,"href":"http:\/\/www.tvturk.com\/index.php\/wp-json\/wp\/v2\/categories?post=170467"},{"taxonomy":"post_tag","embeddable":true,"href":"http:\/\/www.tvturk.com\/index.php\/wp-json\/wp\/v2\/tags?post=170467"}],"curies":[{"name":"wp","href":"https:\/\/api.w.org\/{rel}","templated":true}]}}