{"id":170493,"date":"2019-06-17T11:02:07","date_gmt":"2019-06-17T08:02:07","guid":{"rendered":"http:\/\/www.tvturk.com\/index.php\/ilica-yikiliyor\/"},"modified":"2019-06-17T11:02:07","modified_gmt":"2019-06-17T08:02:07","slug":"ilica-yikiliyor","status":"publish","type":"post","link":"http:\/\/www.tvturk.com\/index.php\/ilica-yikiliyor\/","title":{"rendered":"Il\u0131ca y\u0131k\u0131l\u0131yor"},"content":{"rendered":"<p>Aziziye Belediyesi\u2019nce Il\u0131ca b\u00f6lgesinde yap\u0131lan kentsel d\u00f6n\u00fc\u015f\u00fcm \u00e7al\u0131\u015fmalar\u0131na yeniden h\u0131z verildi.<\/p>\n<p>Termal kapl\u0131calar\u0131yla \u00f6nemli bir turizm potansiyeline sahip Il\u0131ca\u2019da ge\u00e7ti\u011fimiz y\u0131llarda ba\u015flat\u0131lan kentsel d\u00f6n\u00fc\u015f\u00fcm \u00e7al\u0131\u015fmalar\u0131 kapsam\u0131nda 340 konut ve 114 i\u015fyerinin yap\u0131m\u0131 tamamlanarak has sahiplerine teslim edildi.<\/p>\n<p>Aziziye Belediye ba\u015fkan\u0131 Muhammet Cevdet Orhan, Il\u0131ca\u2019da devam eden kentsel d\u00f6n\u00fc\u015f\u00fcm \u00e7al\u0131\u015fmalar\u0131 kapsam\u0131ndaki y\u0131k\u0131m \u00e7al\u0131\u015fmalar\u0131n\u0131 yerinde inceledi.  Ba\u015fkan Orhan burada yapt\u0131\u011f\u0131 a\u00e7\u0131klamada, \u201cYapm\u0131\u015f oldu\u011fumuz kentsel d\u00f6n\u00fc\u015f\u00fcm \u00e7al\u0131\u015fmalar\u0131ndan en \u00f6nemlilerinden bir tanesini Il\u0131ca\u2019da ger\u00e7ekle\u015ftiriyoruz. Ge\u00e7ti\u011fimiz y\u0131lda tamamlad\u0131\u011f\u0131m\u0131z 340 konut 114 i\u015f yerinin yap\u0131m\u0131 bitti. Hak sahipleri, kirac\u0131lara ve esnaf\u0131m\u0131za da\u011f\u0131t\u0131ld\u0131. Bundan sonraki s\u00fcre\u00e7te Il\u0131ca\u2019da y\u0131k\u0131m i\u015flemlerine ba\u015flad\u0131k, y\u0131k\u0131mla birlikte Il\u0131ca\u2019n\u0131n \u00e7evresi de de\u011fi\u015fmi\u015f olacak. Ana caddede bulunan eski yap\u0131lar\u0131n Il\u0131caya vermi\u015f oldu\u011fu k\u00f6t\u00fc g\u00f6r\u00fcn\u00fcmden kurtulaca\u011f\u0131z. Y\u0131k\u0131m sonras\u0131nda Il\u0131ca, termal cazibe merkezi, turizm merkezi olacak. Tamamlayaca\u011f\u0131m\u0131z yeni kentsel d\u00f6n\u00fc\u015f\u00fcm \u00e7al\u0131\u015fmalar\u0131yla Il\u0131ca\u2019ya termal turizm beldesi g\u00f6r\u00fcn\u00fcm\u00fcn\u00fc vermeyi ama\u00e7l\u0131yoruz. Il\u0131ca, faaliyete ge\u00e7irece\u011fimiz yeni \u00e7ar\u015f\u0131s\u0131yla, 114 i\u015f yeri ve 340 konutuyla, termal turizmi a\u00e7\u0131s\u0131ndan \u00f6nemli bir yere sahip olaca\u011f\u0131n\u0131 g\u00f6z \u00f6n\u00fcnde bulundurdu\u011fumuzda, de\u011fi\u015fim ve d\u00f6n\u00fc\u015f\u00fcm\u00fcn en \u00f6nemli merkezlerden biri olacak Il\u0131ca, Do\u011fu\u2019da termal denilince akla gelecek en \u00f6nemli noktalardan biri olacak\u201d diye konu\u015ftu.<\/p>\n","protected":false},"excerpt":{"rendered":"<p>AZ\u0130Z\u0130YE BELED\u0130YES\u0130\u2019NCE ILICA B\u00d6LGES\u0130NDE YAPILAN KENTSEL D\u00d6N\u00dc\u015e\u00dcM \u00c7ALI\u015eMALARINA YEN\u0130DEN HIZ VER\u0130LD\u0130.<\/p>\n","protected":false},"author":1,"featured_media":0,"comment_status":"closed","ping_status":"open","sticky":false,"template":"","format":"standard","meta":{"jetpack_post_was_ever_published":false,"_jetpack_newsletter_access":"","_jetpack_dont_email_post_to_subs":false,"_jetpack_newsletter_tier_id":0,"_jetpack_memberships_contains_paywalled_content":false,"_jetpack_memberships_contains_paid_content":false,"footnotes":"","jetpack_publicize_message":"","jetpack_publicize_feature_enabled":true,"jetpack_social_post_already_shared":true,"jetpack_social_options":{"image_generator_settings":{"template":"highway","default_image_id":0,"font":"","enabled":false},"version":2}},"categories":[1],"tags":[41093,1134],"class_list":["post-170493","post","type-post","status-publish","format-standard","hentry","category-genel","tag-ilica","tag-yikiliyor"],"jetpack_publicize_connections":[],"jetpack_featured_media_url":"","jetpack_sharing_enabled":true,"jetpack_shortlink":"https:\/\/wp.me\/paKIfm-IlT","_links":{"self":[{"href":"http:\/\/www.tvturk.com\/index.php\/wp-json\/wp\/v2\/posts\/170493","targetHints":{"allow":["GET"]}}],"collection":[{"href":"http:\/\/www.tvturk.com\/index.php\/wp-json\/wp\/v2\/posts"}],"about":[{"href":"http:\/\/www.tvturk.com\/index.php\/wp-json\/wp\/v2\/types\/post"}],"author":[{"embeddable":true,"href":"http:\/\/www.tvturk.com\/index.php\/wp-json\/wp\/v2\/users\/1"}],"replies":[{"embeddable":true,"href":"http:\/\/www.tvturk.com\/index.php\/wp-json\/wp\/v2\/comments?post=170493"}],"version-history":[{"count":0,"href":"http:\/\/www.tvturk.com\/index.php\/wp-json\/wp\/v2\/posts\/170493\/revisions"}],"wp:attachment":[{"href":"http:\/\/www.tvturk.com\/index.php\/wp-json\/wp\/v2\/media?parent=170493"}],"wp:term":[{"taxonomy":"category","embeddable":true,"href":"http:\/\/www.tvturk.com\/index.php\/wp-json\/wp\/v2\/categories?post=170493"},{"taxonomy":"post_tag","embeddable":true,"href":"http:\/\/www.tvturk.com\/index.php\/wp-json\/wp\/v2\/tags?post=170493"}],"curies":[{"name":"wp","href":"https:\/\/api.w.org\/{rel}","templated":true}]}}