{"id":170495,"date":"2019-06-17T11:03:40","date_gmt":"2019-06-17T08:03:40","guid":{"rendered":"http:\/\/www.tvturk.com\/index.php\/ucagimizin-adi-alasehir-olsun-kampanyasi\/"},"modified":"2019-06-17T11:03:40","modified_gmt":"2019-06-17T08:03:40","slug":"ucagimizin-adi-alasehir-olsun-kampanyasi","status":"publish","type":"post","link":"http:\/\/www.tvturk.com\/index.php\/ucagimizin-adi-alasehir-olsun-kampanyasi\/","title":{"rendered":"\u2019U\u00e7a\u011f\u0131m\u0131z\u0131n ad\u0131 Ala\u015fehir olsun\u2019 kampanyas\u0131"},"content":{"rendered":"<p>Kurtulu\u015f Sava\u015f\u0131 \u00f6ncesi Anadolu\u2019da ger\u00e7ekle\u015ftirilen \u00f6nemli kongrelerden biri olan Ala\u015fehir Kongresinin 100. y\u0131l\u0131nda Ala\u015fehirliler, T\u00fcrk Hava Yollar\u0131ndaki u\u00e7aklardan birinin ad\u0131n\u0131n Ala\u015fehir olmas\u0131 i\u00e7in sosyal medya \u00fczerinden kampanya ba\u015flatt\u0131.<\/p>\n<p>Ala\u015fehir Kongresi\u2019nin 100. y\u0131l\u0131nda, Ala\u015fehir Belediye Ba\u015fkan\u0131 Ahmet \u00d6k\u00fczc\u00fco\u011flu taraf\u0131ndan ba\u015flat\u0131lan \u2019U\u00e7a\u011f\u0131m\u0131z\u0131n ad\u0131 Ala\u015fehir olsun\u2019 kampanyas\u0131 destek bekliyor. Tarihi ge\u00e7mi\u015fi, \u00fcz\u00fcm\u00fc, s\u0131cak suyu, jeotermal enerejisi gibi bir \u00e7ok de\u011ferlerinden dolay\u0131 d\u00fcnya markas\u0131 haline gelen Ala\u015fehir\u2019de, d\u00fcnya markas\u0131 olan THY u\u00e7aklar\u0131ndan bir tanesinin ad\u0131n\u0131n \u2019Ala\u015fehir\u2019 olmas\u0131 i\u00e7in kampanya ba\u015flat\u0131ld\u0131. \u0130nternet \u00fczerinden #ucagimizinadialasehirolsun# ba\u015fl\u0131\u011f\u0131 ile ba\u015flat\u0131lan kampanyada Ala\u015fehir\u2019in tarihi, k\u00fclt\u00fcr\u00fc ve ekonomisi anlat\u0131ld\u0131.<\/p>\n<p>Ala\u015fehir Belediye Ba\u015fkan\u0131 Ahmet \u00d6k\u00fcz\u00fcco\u011flu, yapt\u0131\u011f\u0131 a\u00e7\u0131klamada, &#8220;Bu y\u0131l 16-25 A\u011fustos tarihleri aras\u0131nda T\u00fcrkiye Cumhuriyetimizin kurulmas\u0131nda b\u00fcy\u00fck rol\u00fc olan Ala\u015fehir Kongremizin 100. y\u0131l d\u00f6n\u00fcm\u00fcn\u00fc kutlayaca\u011f\u0131z. Ala\u015fehir Kongremizin Ala\u015fehir\u2019in markala\u015fmas\u0131na bir katk\u0131 da THY\u2019den olsun. Ge\u00e7mi\u015fi 2 bin y\u0131l \u00f6ncesine dayanan milli m\u00fccadelemizin ba\u015flad\u0131\u011f\u0131 ve vatan\u0131m\u0131z\u0131n kurtulmas\u0131nda, cumhuriyetimizin kurulmas\u0131nda bir ba\u015flang\u0131\u00e7, ilk ad\u0131m olan Ala\u015fehir Kongremizin 100. y\u0131l\u0131 ad\u0131na, verimli topraklar\u0131, 287 santigrat derece ile d\u00fcnyan\u0131n en s\u0131cak suyu s\u0131ralamas\u0131nda d\u00fcnyada yedinci, Avrupa\u2019da birinci olan yer alt\u0131 s\u0131cak su kaynaklar\u0131, sanayile\u015fmesi ve d\u00fcnyaca \u00fcnl\u00fc Sultaniye  \u00dcz\u00fcm\u00fcyle ger\u00e7ek bir de\u011ferdir. Ala\u015fehir\u2019e bir de\u011fer daha katmak ve tan\u0131n\u0131rl\u0131\u011f\u0131n\u0131 art\u0131rmak i\u00e7in yeni bir kampanya ba\u015flat\u0131yoruz ve T\u00fcrkiye\u2019nin d\u00f6rt bir taraf\u0131ndan desteklerinizi bekliyoruz. \u00dcz\u00fcm\u00fcn ba\u015fkenti Ala\u015fehir\u2019in ad\u0131n\u0131n, bir d\u00fcnya markas\u0131 olan T\u00fcrk Hava Yollar\u0131\u2019n\u0131n yeni u\u00e7aklardan birinin ad\u0131 olarak belirlenmesi arzusunday\u0131z. Bereketli topraklar\u0131m\u0131z\u0131n d\u00fcnya genelinde tan\u0131nmas\u0131 i\u00e7in Ala\u015fehir Belediyesi olarak, de\u011ferli THY y\u00f6neticilerinin \u00e7a\u011fr\u0131m\u0131za kulak vermesini rica ediyoruz. D\u00fcnyan\u0131n her yerine ula\u015fan geni\u015f a\u011f\u0131yla T\u00fcrk Hava Yollar\u0131, bu talebimizi dikkate ald\u0131\u011f\u0131nda Ala\u015fehir ad\u0131n\u0131 d\u00fcnyan\u0131n pek \u00e7ok noktas\u0131yla bulu\u015fturacak. THY bundan \u00f6nce de her yeni teslim ald\u0131\u011f\u0131 u\u00e7a\u011fa, \u00fclkemizdeki illerin, \u00f6nemli il\u00e7elerin, tarihi ve turistik b\u00f6lgelerin isimlerini verdi\u011fi bir sistem olu\u015fturmu\u015ftu. Marmaris, Alanya, G\u00f6reme, \u015ei\u015fli, Beykoz, \u00dcsk\u00fcdar, Ka\u011f\u0131thane gibi&#8230; Ala\u015fehir olarak biz de bu sistem i\u00e7inde yer almak istiyoruz. Siz de ba\u015flatt\u0131\u011f\u0131m\u0131z bu kampanyaya destek verin Ala\u015fehir\u2019imiz daha \u00e7ok tan\u0131ns\u0131n&#8221; diyerek kat\u0131l\u0131mc\u0131lar\u0131n  #ucagimizinadialasehirolsun #ala\u015fehir logosuyla kampanyaya destek olmalar\u0131n\u0131 istedi.<\/p>\n<p>Ba\u015fkan \u00d6k\u00fczc\u00fco\u011flu bu taleplerini THY\u2019ya da ilettiklerini belirterek \u015funlar\u0131 s\u00f6yledi: &#8220;THY Genel M\u00fcd\u00fcrl\u00fc\u011f\u00fc\u2019ne Boeing 787-9 TC-LLA kuyruk tescilli u\u00e7ak 26 Haziran\u2019da teslim edilecek. Bu u\u00e7a\u011f\u0131n ad\u0131n\u0131n Ala\u015fehir konmas\u0131n\u0131 istiyoruz. Bu konuda THY Genel M\u00fcd\u00fcrl\u00fc\u011f\u00fcne talepte bulunduk.&#8221;<\/p>\n","protected":false},"excerpt":{"rendered":"<p>ALA\u015eEH\u0130R KONGRES\u0130\u2019N\u0130N 100. YILINDA, ALA\u015eEH\u0130R BELED\u0130YE BA\u015eKANI AHMET \u00d6K\u00dcZC\u00dcO\u011eLU TARAFINDAN BA\u015eLATILAN &#8216;U\u00c7A\u011eIMIZIN ADI ALA\u015eEH\u0130R OLSUN&#8217; KAMPANYASI DESTEK BEKL\u0130YOR.<\/p>\n","protected":false},"author":1,"featured_media":0,"comment_status":"closed","ping_status":"open","sticky":false,"template":"","format":"standard","meta":{"jetpack_post_was_ever_published":false,"_jetpack_newsletter_access":"","_jetpack_dont_email_post_to_subs":false,"_jetpack_newsletter_tier_id":0,"_jetpack_memberships_contains_paywalled_content":false,"_jetpack_memberships_contains_paid_content":false,"footnotes":"","jetpack_publicize_message":"","jetpack_publicize_feature_enabled":true,"jetpack_social_post_already_shared":true,"jetpack_social_options":{"image_generator_settings":{"template":"highway","default_image_id":0,"font":"","enabled":false},"version":2}},"categories":[656],"tags":[41094,337,12477,749,6245],"class_list":["post-170495","post","type-post","status-publish","format-standard","hentry","category-kultur-sanat","tag-ucagimizin","tag-adi","tag-alasehir","tag-kampanyasi","tag-olsun"],"jetpack_publicize_connections":[],"jetpack_featured_media_url":"","jetpack_sharing_enabled":true,"jetpack_shortlink":"https:\/\/wp.me\/paKIfm-IlV","_links":{"self":[{"href":"http:\/\/www.tvturk.com\/index.php\/wp-json\/wp\/v2\/posts\/170495","targetHints":{"allow":["GET"]}}],"collection":[{"href":"http:\/\/www.tvturk.com\/index.php\/wp-json\/wp\/v2\/posts"}],"about":[{"href":"http:\/\/www.tvturk.com\/index.php\/wp-json\/wp\/v2\/types\/post"}],"author":[{"embeddable":true,"href":"http:\/\/www.tvturk.com\/index.php\/wp-json\/wp\/v2\/users\/1"}],"replies":[{"embeddable":true,"href":"http:\/\/www.tvturk.com\/index.php\/wp-json\/wp\/v2\/comments?post=170495"}],"version-history":[{"count":0,"href":"http:\/\/www.tvturk.com\/index.php\/wp-json\/wp\/v2\/posts\/170495\/revisions"}],"wp:attachment":[{"href":"http:\/\/www.tvturk.com\/index.php\/wp-json\/wp\/v2\/media?parent=170495"}],"wp:term":[{"taxonomy":"category","embeddable":true,"href":"http:\/\/www.tvturk.com\/index.php\/wp-json\/wp\/v2\/categories?post=170495"},{"taxonomy":"post_tag","embeddable":true,"href":"http:\/\/www.tvturk.com\/index.php\/wp-json\/wp\/v2\/tags?post=170495"}],"curies":[{"name":"wp","href":"https:\/\/api.w.org\/{rel}","templated":true}]}}