{"id":170501,"date":"2019-06-17T11:09:56","date_gmt":"2019-06-17T08:09:56","guid":{"rendered":"http:\/\/www.tvturk.com\/index.php\/filistinli-sanatci-israil-mermilerini-sanat-eserine-donusturuyor\/"},"modified":"2019-06-17T11:09:56","modified_gmt":"2019-06-17T08:09:56","slug":"filistinli-sanatci-israil-mermilerini-sanat-eserine-donusturuyor","status":"publish","type":"post","link":"http:\/\/www.tvturk.com\/index.php\/filistinli-sanatci-israil-mermilerini-sanat-eserine-donusturuyor\/","title":{"rendered":"Filistinli sanat\u00e7\u0131 \u0130srail mermilerini sanat eserine d\u00f6n\u00fc\u015ft\u00fcr\u00fcyor"},"content":{"rendered":"<p>Filistinli Majdi Abu Takqeyeh, \u0130srail g\u00fc\u00e7lerinin sivillere kar\u015f\u0131 kulland\u0131\u011f\u0131 mermileri sanat eserine d\u00f6n\u00fc\u015ft\u00fcrerek Filistinlilerin ya\u015fad\u0131\u011f\u0131 zulm\u00fc anlatan minyat\u00fcr maketler olu\u015fturuyor.<\/p>\n<p>Gazze\u2019deki Nuseirat m\u00fclteci kamp\u0131nda ya\u015fayan 35 ya\u015f\u0131ndaki Filistinli Majdi Ebu Takqeyeh, \u0130srail g\u00fc\u00e7lerinin Filistinlilere kar\u015f\u0131 kulland\u0131\u011f\u0131 mermi ve f\u00fczelerden sanat eserleri yap\u0131yor. Takqeyeh bir y\u0131ld\u0131r olu\u015fturdu\u011fu maketlerle, \u0130srail devletinin kuruldu\u011fu 1948\u2019den bu yana Filistinlilerin ya\u015fad\u0131\u011f\u0131 zul\u00fcm ve i\u015fgale kar\u015f\u0131 m\u00fccadelelerini yans\u0131t\u0131yor.<\/p>\n<p>En k\u00fc\u00e7\u00fck karde\u015finin  B\u00fcy\u00fck D\u00f6n\u00fc\u015f Y\u00fcr\u00fcy\u00fc\u015f\u00fc g\u00f6sterilerinin ilk g\u00fcn\u00fcnde \u0130srail g\u00fc\u00e7leri taraf\u0131ndan baca\u011f\u0131ndan ger\u00e7ek mermiyle vuruldu\u011funu belirten Abu Taqqeyeh, karde\u015finin baca\u011f\u0131ndan \u00e7\u0131kar\u0131lan mermiyle fig\u00fcrler yapmaya ba\u015flad\u0131\u011f\u0131n\u0131 s\u00f6yledi. B\u00fcy\u00fck D\u00f6n\u00fc\u015f Y\u00fcr\u00fcy\u00fc\u015f\u00fc s\u0131ras\u0131nda yaralanan bir g\u00f6stericiye ilk yard\u0131m yapt\u0131\u011f\u0131 s\u0131rada \u0130srailli keskin ni\u015fanc\u0131 taraf\u0131ndan vurulan Razan al-Najjar\u2019\u0131n minyat\u00fcr\u00fcn\u00fc yapt\u0131\u011f\u0131 ifade eden sanat\u00e7\u0131, \u201c\u0130srailli keskin ni\u015fanc\u0131 taraf\u0131ndan vurulan yaral\u0131lardan birinden \u00e7\u0131kar\u0131lm\u0131\u015f hastaneden ald\u0131\u011f\u0131m bir kur\u015funla \u0130srail i\u015fgalinin ortadan kald\u0131rmaya \u00e7al\u0131\u015ft\u0131\u011f\u0131 ya\u015fam\u0131n sembol\u00fc olan kelebe\u011fin kanatlar\u0131yla bir heykel olu\u015fturdum\u201d dedi.<\/p>\n<p>Takqeyeh, \u201c\u0130srail\u2019in bize yani sivillere kar\u015f\u0131 kulland\u0131\u011f\u0131 mermileri ve silahlar\u0131 dekorasyon i\u00e7in sanat eserlerine d\u00f6n\u00fc\u015ft\u00fcr\u00fcyorum. B\u00f6ylece d\u00fcnya, ya\u015fam\u0131 seven insanlar oldu\u011fumuzu \u00f6\u011frenecek\u201d dedi. Filistinli sanat\u00e7\u0131, olu\u015fturdu\u011fu maketlerle \u0130srail g\u00fc\u00e7lerinin ihlallerini ortaya \u00e7\u0131karmay\u0131 ve bar\u0131\u015f\u00e7\u0131l Filistinlileri \u00f6ld\u00fcrmek i\u00e7in kullan\u0131lan silahlar\u0131 d\u00fcnyaya hat\u0131rlatmay\u0131 ama\u00e7lad\u0131\u011f\u0131n\u0131 s\u00f6yledi.<\/p>\n<p>Filistinli sanat\u00e7\u0131 Abu Taqqeyeh, olu\u015fturdu\u011fu minyat\u00fcr fig\u00fcrler ve maketlerle Gazze\u2019de birka\u00e7 yerel sergiye kat\u0131ld\u0131\u011f\u0131 belirterek uluslararas\u0131 bir sergide eserlerini sergilemeyi hayal etti\u011fini s\u00f6yledi.<\/p>\n<p>Filistinliler, 30 Mart 2018\u2019den bu yana Gazze \u015eeridi\u2019nde &#8220;B\u00fcy\u00fck D\u00f6n\u00fc\u015f Y\u00fcr\u00fcy\u00fc\u015f\u00fc&#8221; ad\u0131 alt\u0131nda bar\u0131\u015f\u00e7\u0131l g\u00f6steriler d\u00fczenliyor. G\u00f6sterilerin ba\u015flad\u0131\u011f\u0131 tarihten bu yana \u0130srail g\u00fc\u00e7lerinin ger\u00e7ek mermilerle m\u00fcdahalesinde en az 200 ki\u015fi hayat\u0131n\u0131 kaybetti.<\/p>\n","protected":false},"excerpt":{"rendered":"<p>F\u0130L\u0130ST\u0130NL\u0130 MAJD\u0130 EBU TAKQEYEH, \u0130SRA\u0130L G\u00dc\u00c7LER\u0130N\u0130N S\u0130V\u0130LLERE KAR\u015eI KULLANDI\u011eI MERM\u0130LER\u0130 SANAT ESER\u0130NE D\u00d6N\u00dc\u015eT\u00dcREREK F\u0130L\u0130ST\u0130NL\u0130LER\u0130N YA\u015eADI\u011eI ZULM\u00dc ANLATAN M\u0130NYAT\u00dcR MAKETLER OLU\u015eTURUYOR.<\/p>\n","protected":false},"author":1,"featured_media":0,"comment_status":"closed","ping_status":"open","sticky":false,"template":"","format":"standard","meta":{"jetpack_post_was_ever_published":false,"_jetpack_newsletter_access":"","_jetpack_dont_email_post_to_subs":false,"_jetpack_newsletter_tier_id":0,"_jetpack_memberships_contains_paywalled_content":false,"_jetpack_memberships_contains_paid_content":false,"footnotes":"","jetpack_publicize_message":"","jetpack_publicize_feature_enabled":true,"jetpack_social_post_already_shared":true,"jetpack_social_options":{"image_generator_settings":{"template":"highway","default_image_id":0,"font":"","enabled":false},"version":2}},"categories":[10],"tags":[7072,20120,17996,8494,41095,4854,1395],"class_list":["post-170501","post","type-post","status-publish","format-standard","hentry","category-dunya","tag-donusturuyor","tag-eserine","tag-filistinli","tag-israil","tag-mermilerini","tag-sanat","tag-sanatci"],"jetpack_publicize_connections":[],"jetpack_featured_media_url":"","jetpack_sharing_enabled":true,"jetpack_shortlink":"https:\/\/wp.me\/paKIfm-Im1","_links":{"self":[{"href":"http:\/\/www.tvturk.com\/index.php\/wp-json\/wp\/v2\/posts\/170501","targetHints":{"allow":["GET"]}}],"collection":[{"href":"http:\/\/www.tvturk.com\/index.php\/wp-json\/wp\/v2\/posts"}],"about":[{"href":"http:\/\/www.tvturk.com\/index.php\/wp-json\/wp\/v2\/types\/post"}],"author":[{"embeddable":true,"href":"http:\/\/www.tvturk.com\/index.php\/wp-json\/wp\/v2\/users\/1"}],"replies":[{"embeddable":true,"href":"http:\/\/www.tvturk.com\/index.php\/wp-json\/wp\/v2\/comments?post=170501"}],"version-history":[{"count":0,"href":"http:\/\/www.tvturk.com\/index.php\/wp-json\/wp\/v2\/posts\/170501\/revisions"}],"wp:attachment":[{"href":"http:\/\/www.tvturk.com\/index.php\/wp-json\/wp\/v2\/media?parent=170501"}],"wp:term":[{"taxonomy":"category","embeddable":true,"href":"http:\/\/www.tvturk.com\/index.php\/wp-json\/wp\/v2\/categories?post=170501"},{"taxonomy":"post_tag","embeddable":true,"href":"http:\/\/www.tvturk.com\/index.php\/wp-json\/wp\/v2\/tags?post=170501"}],"curies":[{"name":"wp","href":"https:\/\/api.w.org\/{rel}","templated":true}]}}