{"id":170513,"date":"2019-06-17T11:23:18","date_gmt":"2019-06-17T08:23:18","guid":{"rendered":"http:\/\/www.tvturk.com\/index.php\/cumhuriyet-anaokulu-yilsonu-etkinligi-duzenledi\/"},"modified":"2019-06-17T11:23:18","modified_gmt":"2019-06-17T08:23:18","slug":"cumhuriyet-anaokulu-yilsonu-etkinligi-duzenledi","status":"publish","type":"post","link":"http:\/\/www.tvturk.com\/index.php\/cumhuriyet-anaokulu-yilsonu-etkinligi-duzenledi\/","title":{"rendered":"Cumhuriyet Anaokulu y\u0131lsonu etkinli\u011fi d\u00fczenledi"},"content":{"rendered":"<p>Tekirda\u011f\u2019\u0131n S\u00fcleymanpa\u015fa \u0130l\u00e7esinde faaliyet g\u00f6steren Cumhuriyet Anaokulunda y\u0131l sonu \u015fenli\u011fi d\u00fczenlendi.<\/p>\n<p>Tekirda\u011f\u2019\u0131n S\u00fcleymanpa\u015fa \u0130l\u00e7esinde faaliyet g\u00f6steren Cumhuriyet Anaokulunda y\u0131l sonu \u015fenli\u011fi d\u00fczenlendi. Etkinli\u011fe, \u0130l Milli E\u011fitim \u015eube M\u00fcd\u00fcr\u00fc \u0130brahim \u00c7akal, \u0130l\u00e7e Milli E\u011fitim \u015eube M\u00fcd\u00fcr\u00fc Hasan Sancar, S\u00fcleymanpa\u015fa Belediye Enc\u00fcmen \u00dcyeleri ,H\u00fcrriyet Mahallesi Muhtar\u0131  ve t\u00fcm velilerin kat\u0131l\u0131m\u0131 ile y\u0131l sonu \u015fenli\u011fi co\u015fkuyla kutland\u0131.<\/p>\n<p>\u015eenlik kapsam\u0131nda etkinlik sergileri, eTwinning Proje tan\u0131t\u0131mlar\u0131, Sera a\u00e7\u0131l\u0131\u015f\u0131, Trafik E\u011fitim Alan\u0131 a\u00e7\u0131l\u0131\u015f\u0131 ve 4 ya\u015f gruplar\u0131n\u0131n Geri D\u00f6n\u00fc\u015f\u00fcm Defilesi , 5 ya\u015f gruplar\u0131n\u0131n ritim i\u015faret dili ve folklor etkinli\u011fi ile \u015fenlik kutland\u0131.<\/p>\n","protected":false},"excerpt":{"rendered":"<p>TEK\u0130RDA\u011e\u2019IN S\u00dcLEYMANPA\u015eA \u0130L\u00c7ES\u0130NDE FAAL\u0130YET G\u00d6STEREN CUMHUR\u0130YET ANAOKULUNDA YIL SONU \u015eENL\u0130\u011e\u0130 D\u00dcZENLEND\u0130.<\/p>\n","protected":false},"author":1,"featured_media":0,"comment_status":"closed","ping_status":"open","sticky":false,"template":"","format":"standard","meta":{"jetpack_post_was_ever_published":false,"_jetpack_newsletter_access":"","_jetpack_dont_email_post_to_subs":false,"_jetpack_newsletter_tier_id":0,"_jetpack_memberships_contains_paywalled_content":false,"_jetpack_memberships_contains_paid_content":false,"footnotes":"","jetpack_publicize_message":"","jetpack_publicize_feature_enabled":true,"jetpack_social_post_already_shared":true,"jetpack_social_options":{"image_generator_settings":{"template":"highway","default_image_id":0,"font":"","enabled":false},"version":2}},"categories":[1],"tags":[2890,3307,12361,69,33345],"class_list":["post-170513","post","type-post","status-publish","format-standard","hentry","category-genel","tag-anaokulu","tag-cumhuriyet","tag-duzenledi","tag-etkinligi","tag-yilsonu"],"jetpack_publicize_connections":[],"jetpack_featured_media_url":"","jetpack_sharing_enabled":true,"jetpack_shortlink":"https:\/\/wp.me\/paKIfm-Imd","_links":{"self":[{"href":"http:\/\/www.tvturk.com\/index.php\/wp-json\/wp\/v2\/posts\/170513","targetHints":{"allow":["GET"]}}],"collection":[{"href":"http:\/\/www.tvturk.com\/index.php\/wp-json\/wp\/v2\/posts"}],"about":[{"href":"http:\/\/www.tvturk.com\/index.php\/wp-json\/wp\/v2\/types\/post"}],"author":[{"embeddable":true,"href":"http:\/\/www.tvturk.com\/index.php\/wp-json\/wp\/v2\/users\/1"}],"replies":[{"embeddable":true,"href":"http:\/\/www.tvturk.com\/index.php\/wp-json\/wp\/v2\/comments?post=170513"}],"version-history":[{"count":0,"href":"http:\/\/www.tvturk.com\/index.php\/wp-json\/wp\/v2\/posts\/170513\/revisions"}],"wp:attachment":[{"href":"http:\/\/www.tvturk.com\/index.php\/wp-json\/wp\/v2\/media?parent=170513"}],"wp:term":[{"taxonomy":"category","embeddable":true,"href":"http:\/\/www.tvturk.com\/index.php\/wp-json\/wp\/v2\/categories?post=170513"},{"taxonomy":"post_tag","embeddable":true,"href":"http:\/\/www.tvturk.com\/index.php\/wp-json\/wp\/v2\/tags?post=170513"}],"curies":[{"name":"wp","href":"https:\/\/api.w.org\/{rel}","templated":true}]}}