{"id":170587,"date":"2019-06-17T13:19:26","date_gmt":"2019-06-17T10:19:26","guid":{"rendered":"http:\/\/www.tvturk.com\/index.php\/kayi-anitina-cirkin-saldiri\/"},"modified":"2019-06-17T13:19:26","modified_gmt":"2019-06-17T10:19:26","slug":"kayi-anitina-cirkin-saldiri","status":"publish","type":"post","link":"http:\/\/www.tvturk.com\/index.php\/kayi-anitina-cirkin-saldiri\/","title":{"rendered":"Kay\u0131 An\u0131t\u0131\u2019na \u00e7irkin sald\u0131r\u0131"},"content":{"rendered":"<p>Bilecik \u00e7evre yolu \u00fczerindeki S\u00f6\u011f\u00fct kav\u015fa\u011f\u0131nda bulunan Kay\u0131 An\u0131t\u0131\u2019n\u0131 \u0131\u015f\u0131kland\u0131ran t\u00fcm kablolar kesilerek tahrip edildi.<\/p>\n<p>Osmanl\u0131 Devleti\u2019nin kuruldu\u011fu topraklar olan Bilecik\u2019in S\u00f6\u011f\u00fct il\u00e7esine; Bilecik-\u0130stanbul, Bilecik-Eski\u015fehir karayolu \u00fczerinde gidilen S\u00f6\u011f\u00fct kav\u015fa\u011f\u0131nda devasa bir Kay\u0131 A\u015fireti\u2019nin amblemi olan iki ok bir yay \u015feklinde bir an\u0131t yap\u0131ld\u0131. Bir s\u00fcre \u00f6nce yap\u0131lan an\u0131t\u0131 ayd\u0131nlan \u0131\u015f\u0131kland\u0131rma kablolar\u0131 kimli\u011fi belirsiz ki\u015fi veya ki\u015filerce kesilerek tahrip edildi. Konu hakk\u0131nda sosyal medya hesab\u0131ndan a\u00e7\u0131klama yapan Bilecik Belediye Ba\u015fkan\u0131 Semih \u015eahin, &#8220;Eski\u015fehir \u0130stanbul yolu, S\u00f6\u011f\u00fct kav\u015fa\u011f\u0131 \u00fczerinde bulunan Kay\u0131 An\u0131t\u0131\u2019na kimli\u011fi belirsiz ki\u015filerce sald\u0131r\u0131da bulunuldu\u011fu belirtildi. Sald\u0131rganlar\u0131n an\u0131ta ait elektrik kablolar\u0131n\u0131 tahrip etmi\u015f. An\u0131ta verilen tahribat\u0131n giderilmesi i\u00e7in \u00e7al\u0131\u015fmalar\u0131n ba\u015flatt\u0131k ve soru\u015fturma ba\u015flat\u0131lmas\u0131 i\u00e7in gerekli ad\u0131mlar\u0131 att\u0131k&#8221; dedi.<\/p>\n<p>&#8220;Kay\u0131 An\u0131t\u0131\u2019n\u0131n ayd\u0131nlatmas\u0131n\u0131n benim talimat\u0131yla kapat\u0131ld\u0131\u011f\u0131 y\u00f6n\u00fcndeki s\u00f6zler as\u0131ls\u0131zd\u0131r&#8221;<\/p>\n<p>Kay\u0131 An\u0131t\u0131\u2019n\u0131n kald\u0131r\u0131ld\u0131\u011f\u0131na ili\u015fkin s\u00f6ylemlerin ger\u00e7e\u011fi yans\u0131tmad\u0131\u011f\u0131 vurgulanarak, \u015eahin, &#8220;Kay\u0131 An\u0131t\u0131\u2019n\u0131n ayd\u0131nlatmas\u0131n\u0131n benim talimat\u0131yla kapat\u0131ld\u0131\u011f\u0131 y\u00f6n\u00fcndeki s\u00f6zler as\u0131ls\u0131z ve k\u00f6t\u00fc niyetli yalanlardan ibarettir&#8221; dedi.<\/p>\n","protected":false},"excerpt":{"rendered":"<p>KAYI ANITI&#8217;NA \u00c7\u0130RK\u0130N SALDIRI<\/p>\n","protected":false},"author":1,"featured_media":0,"comment_status":"closed","ping_status":"open","sticky":false,"template":"","format":"standard","meta":{"jetpack_post_was_ever_published":false,"_jetpack_newsletter_access":"","_jetpack_dont_email_post_to_subs":false,"_jetpack_newsletter_tier_id":0,"_jetpack_memberships_contains_paywalled_content":false,"_jetpack_memberships_contains_paid_content":false,"footnotes":"","jetpack_publicize_message":"","jetpack_publicize_feature_enabled":true,"jetpack_social_post_already_shared":true,"jetpack_social_options":{"image_generator_settings":{"template":"highway","default_image_id":0,"font":"","enabled":false},"version":2}},"categories":[1],"tags":[960,5883,21701,999],"class_list":["post-170587","post","type-post","status-publish","format-standard","hentry","category-genel","tag-anitina","tag-cirkin","tag-kayi","tag-saldiri"],"jetpack_publicize_connections":[],"jetpack_featured_media_url":"","jetpack_sharing_enabled":true,"jetpack_shortlink":"https:\/\/wp.me\/paKIfm-Inp","_links":{"self":[{"href":"http:\/\/www.tvturk.com\/index.php\/wp-json\/wp\/v2\/posts\/170587","targetHints":{"allow":["GET"]}}],"collection":[{"href":"http:\/\/www.tvturk.com\/index.php\/wp-json\/wp\/v2\/posts"}],"about":[{"href":"http:\/\/www.tvturk.com\/index.php\/wp-json\/wp\/v2\/types\/post"}],"author":[{"embeddable":true,"href":"http:\/\/www.tvturk.com\/index.php\/wp-json\/wp\/v2\/users\/1"}],"replies":[{"embeddable":true,"href":"http:\/\/www.tvturk.com\/index.php\/wp-json\/wp\/v2\/comments?post=170587"}],"version-history":[{"count":0,"href":"http:\/\/www.tvturk.com\/index.php\/wp-json\/wp\/v2\/posts\/170587\/revisions"}],"wp:attachment":[{"href":"http:\/\/www.tvturk.com\/index.php\/wp-json\/wp\/v2\/media?parent=170587"}],"wp:term":[{"taxonomy":"category","embeddable":true,"href":"http:\/\/www.tvturk.com\/index.php\/wp-json\/wp\/v2\/categories?post=170587"},{"taxonomy":"post_tag","embeddable":true,"href":"http:\/\/www.tvturk.com\/index.php\/wp-json\/wp\/v2\/tags?post=170587"}],"curies":[{"name":"wp","href":"https:\/\/api.w.org\/{rel}","templated":true}]}}