{"id":170607,"date":"2019-06-17T13:42:11","date_gmt":"2019-06-17T10:42:11","guid":{"rendered":"http:\/\/www.tvturk.com\/index.php\/galatasarayin-gelecek-sezon-ic-sahada-giyecegi-forma-belli-oldu\/"},"modified":"2019-06-17T13:42:11","modified_gmt":"2019-06-17T10:42:11","slug":"galatasarayin-gelecek-sezon-ic-sahada-giyecegi-forma-belli-oldu","status":"publish","type":"post","link":"http:\/\/www.tvturk.com\/index.php\/galatasarayin-gelecek-sezon-ic-sahada-giyecegi-forma-belli-oldu\/","title":{"rendered":"Galatasaray\u2019\u0131n gelecek sezon i\u00e7 sahada giyece\u011fi forma belli oldu"},"content":{"rendered":"<p>Ge\u00e7ti\u011fimiz sezonu \u00e7ifte kupayla kapatan Galatasaray\u2019\u0131n 2019-2020 sezonunda i\u00e7 sahada giyece\u011fi forman\u0131n tan\u0131t\u0131m\u0131 yap\u0131ld\u0131.<\/p>\n<p>Sar\u0131-k\u0131rm\u0131z\u0131l\u0131 kul\u00fcb\u00fcn resmi sitesinden yap\u0131lan payla\u015f\u0131mda, Cimbom\u2019un klasik par\u00e7al\u0131 formas\u0131 camiayla tan\u0131\u015ft\u0131. Galatasaray\u2019\u0131n gelecek sezon i\u00e7 sahada giyece\u011fi par\u00e7al\u0131 formas\u0131nda, UEFA \u015fampiyonlu\u011funun 20. y\u0131l\u0131 olmas\u0131 dolay\u0131s\u0131yla o sene giyilen formadan esinlenilen tasar\u0131mdan ilham al\u0131nd\u0131\u011f\u0131 ve \u2018Yeni ba\u015far\u0131lara ko\u015fmak isteyen tak\u0131m\u0131\u2019 temsil etti\u011fi belirtildi. \u00d6te yandan forman\u0131n i\u00e7 k\u0131sm\u0131na da \u2018\u0130lklerin ve enlerin tak\u0131m\u0131\u2019 yaz\u0131s\u0131 i\u015flendi.<\/p>\n<p>Oyuncu hareket etti\u011finde ona kolayl\u0131k sa\u011flayacak teknolojiye sahip k\u0131rm\u0131z\u0131 \u015fort ve k\u0131rm\u0131z\u0131 \u00e7oraplarla tamamlanan 2019-2020 i\u00e7 saha formalar\u0131n\u0131n bug\u00fcn itibariyle sat\u0131\u015fa sunuldu\u011fu da belirtildi.<\/p>\n","protected":false},"excerpt":{"rendered":"<p>GALATASARAY\u2019IN 2019-2020 SEZONUNDA \u0130\u00c7 SAHADA G\u0130YECE\u011e\u0130 FORMANIN TANITIMI YAPILDI.<\/p>\n","protected":false},"author":1,"featured_media":0,"comment_status":"closed","ping_status":"open","sticky":false,"template":"","format":"standard","meta":{"jetpack_post_was_ever_published":false,"_jetpack_newsletter_access":"","_jetpack_dont_email_post_to_subs":false,"_jetpack_newsletter_tier_id":0,"_jetpack_memberships_contains_paywalled_content":false,"_jetpack_memberships_contains_paid_content":false,"footnotes":"","jetpack_publicize_message":"","jetpack_publicize_feature_enabled":true,"jetpack_social_post_already_shared":true,"jetpack_social_options":{"image_generator_settings":{"template":"highway","default_image_id":0,"font":"","enabled":false},"version":2}},"categories":[657],"tags":[612,7148,17835,81,41138,5110,77,5938,4954],"class_list":["post-170607","post","type-post","status-publish","format-standard","hentry","category-spor","tag-belli","tag-forma","tag-galatasarayin","tag-gelecek","tag-giyecegi","tag-ic","tag-oldu","tag-sahada","tag-sezon"],"jetpack_publicize_connections":[],"jetpack_featured_media_url":"","jetpack_sharing_enabled":true,"jetpack_shortlink":"https:\/\/wp.me\/paKIfm-InJ","_links":{"self":[{"href":"http:\/\/www.tvturk.com\/index.php\/wp-json\/wp\/v2\/posts\/170607","targetHints":{"allow":["GET"]}}],"collection":[{"href":"http:\/\/www.tvturk.com\/index.php\/wp-json\/wp\/v2\/posts"}],"about":[{"href":"http:\/\/www.tvturk.com\/index.php\/wp-json\/wp\/v2\/types\/post"}],"author":[{"embeddable":true,"href":"http:\/\/www.tvturk.com\/index.php\/wp-json\/wp\/v2\/users\/1"}],"replies":[{"embeddable":true,"href":"http:\/\/www.tvturk.com\/index.php\/wp-json\/wp\/v2\/comments?post=170607"}],"version-history":[{"count":0,"href":"http:\/\/www.tvturk.com\/index.php\/wp-json\/wp\/v2\/posts\/170607\/revisions"}],"wp:attachment":[{"href":"http:\/\/www.tvturk.com\/index.php\/wp-json\/wp\/v2\/media?parent=170607"}],"wp:term":[{"taxonomy":"category","embeddable":true,"href":"http:\/\/www.tvturk.com\/index.php\/wp-json\/wp\/v2\/categories?post=170607"},{"taxonomy":"post_tag","embeddable":true,"href":"http:\/\/www.tvturk.com\/index.php\/wp-json\/wp\/v2\/tags?post=170607"}],"curies":[{"name":"wp","href":"https:\/\/api.w.org\/{rel}","templated":true}]}}