{"id":170609,"date":"2019-06-17T13:45:02","date_gmt":"2019-06-17T10:45:02","guid":{"rendered":"http:\/\/www.tvturk.com\/index.php\/dunya-yakin-savunma-federasyonu-avrupada-seminer-duzenliyor\/"},"modified":"2019-06-17T13:45:02","modified_gmt":"2019-06-17T10:45:02","slug":"dunya-yakin-savunma-federasyonu-avrupada-seminer-duzenliyor","status":"publish","type":"post","link":"http:\/\/www.tvturk.com\/index.php\/dunya-yakin-savunma-federasyonu-avrupada-seminer-duzenliyor\/","title":{"rendered":"D\u00fcnya Yak\u0131n Savunma Federasyonu Avrupa\u2019da seminer d\u00fczenliyor"},"content":{"rendered":"<p>World Defence Anti-Terror Federation Avrupa Temsilcisi Sifu Nihat Atamt\u00fcrk, 6-7 Temmuz tarihleri aras\u0131nda Almanya\u2019n\u0131n K\u00f6ln \u015fehrindeki \u00c7in Boks Akademisi\u2019nde Avrupa\u2019n\u0131n t\u00fcm \u00fclkelerinden kat\u0131l\u0131mc\u0131lar\u0131n da olaca\u011f\u0131 Yak\u0131n Savunma Semineri d\u00fczenleyeceklerini s\u00f6yledi.<\/p>\n<p>Almanya\u2019n\u0131n K\u00f6ln \u015fehrinde ya\u015fayan D\u00fcnya Chinese Boxing Federasyon Ba\u015fkan\u0131 ayn\u0131 zamanda World Defence Anti &#8211; Terror Federation Avrupa Temsilcisi Sifu Nihat Atamt\u00fcrk a\u00e7\u0131klamalarda bulundu.<\/p>\n<p>Atamt\u00fcrk, &#8220;World Defence Anti &#8211; Terror Federation (WDATF) D\u00fcnya Yak\u0131n Savunma Federasyonu Avrupa temsilcili\u011fini \u00fcstlendim. Altyap\u0131m\u0131z\u0131 tamamlad\u0131k. WDATF Avrupa y\u00f6netimini olu\u015fturduk ve k\u0131sa bir s\u00fcre sonra Avrupa\u2019n\u0131n di\u011fer \u00fclkelerine de temsilcilikler vermeye ba\u015flayaca\u011f\u0131z. WDATF AVRUPA 2018 y\u0131l\u0131nda kurulmu\u015ftur. Beni bu g\u00f6reve lay\u0131k g\u00f6rd\u00fckleri i\u00e7in WDATF Y\u00f6netimine te\u015fekk\u00fcr ederim. WDATF AVRUPA kurulduktan sonra yap\u0131lacak olan ilk seminerdir. Avrupa\u2019da \u015fiddetsiz yak\u0131n savunma sistemine ilgi \u00e7ok b\u00fcy\u00fck. Hen\u00fcz seminer ba\u015flamadan birka\u00e7 g\u00fcvenlik \u015firketi bu sistemin \u00e7ok uygun oldu\u011funu ve 3 g\u00fcnl\u00fck seminer vermemizi istediler. Umar\u0131m bu sistem \u00e7ok \u00e7abuk bir zamanda yay\u0131lacakt\u0131r. Tamamen yerli ve milli olan bu T\u00fcrk sistemini Avrupa\u2019ya tan\u0131tmak i\u00e7in elimizden gelen her \u015feyi yapaca\u011f\u0131z.<\/p>\n<p>6-7 Temmuz tarihleri aras\u0131nda Almanya\u2019n\u0131n K\u00f6ln \u015fehrinde yap\u0131lacak olan seminere, D\u00fcnya Yak\u0131n Savunma Federasyon Ba\u015fkan\u0131 Yak\u0131n Savunma Sisteminin Kurucusu 10. Dan Grand Master \u0130brahim Akt\u00fcrk, Ba\u015fkan Vekili Kurucu Yard\u0131mc\u0131s\u0131 6. Dan Grand Master O\u011fuzhan Akt\u00fcrk, Polis Memuru Teknik Kurul Ba\u015fkan\u0131 4. Dan Seyit Ahmet Belet ve e\u011fitmenler e\u015fli\u011finde, T\u00fcrkiye\u2019den gelen e\u011fitmenlerin yan\u0131nda d\u00fcnyaca \u00fcnl\u00fc B\u00fcy\u00fck \u00dcstat  Dr. Min Tah JAO ve Sifu Nihat Atamt\u00fcrk kat\u0131lacak. Avrupa\u2019n\u0131n t\u00fcm \u00fclkelerinden kat\u0131l\u0131mc\u0131lar ile b\u00fcy\u00fck bir organizasyon d\u00fczenleyece\u011fiz ve k\u0131sa bir s\u00fcre sonra Avrupa\u2019n\u0131n tamam\u0131nda seminerlerimiz devam edecek&#8221; ifadelerini kulland\u0131.<\/p>\n","protected":false},"excerpt":{"rendered":"<p>D\u00dcNYA YAKIN SAVUNMA FEDERASYONU ALMANYA\u2019NIN K\u00d6LN \u015eEHR\u0130NDEK\u0130 \u00c7\u0130N BOKS AKADEM\u0130S\u0130&#8217;NDE &#8216;YAKIN SAVUNMA SEM\u0130NER\u0130&#8217; D\u00dcZENLEYECEK.<\/p>\n","protected":false},"author":1,"featured_media":0,"comment_status":"closed","ping_status":"open","sticky":false,"template":"","format":"standard","meta":{"jetpack_post_was_ever_published":false,"_jetpack_newsletter_access":"","_jetpack_dont_email_post_to_subs":false,"_jetpack_newsletter_tier_id":0,"_jetpack_memberships_contains_paywalled_content":false,"_jetpack_memberships_contains_paid_content":false,"footnotes":"","jetpack_publicize_message":"","jetpack_publicize_feature_enabled":true,"jetpack_social_post_already_shared":true,"jetpack_social_options":{"image_generator_settings":{"template":"highway","default_image_id":0,"font":"","enabled":false},"version":2}},"categories":[657],"tags":[349,3454,15919,2037,33,440,4961],"class_list":["post-170609","post","type-post","status-publish","format-standard","hentry","category-spor","tag-dunya","tag-avrupada","tag-duzenliyor","tag-federasyonu","tag-savunma","tag-seminer","tag-yakin"],"jetpack_publicize_connections":[],"jetpack_featured_media_url":"","jetpack_sharing_enabled":true,"jetpack_shortlink":"https:\/\/wp.me\/paKIfm-InL","_links":{"self":[{"href":"http:\/\/www.tvturk.com\/index.php\/wp-json\/wp\/v2\/posts\/170609","targetHints":{"allow":["GET"]}}],"collection":[{"href":"http:\/\/www.tvturk.com\/index.php\/wp-json\/wp\/v2\/posts"}],"about":[{"href":"http:\/\/www.tvturk.com\/index.php\/wp-json\/wp\/v2\/types\/post"}],"author":[{"embeddable":true,"href":"http:\/\/www.tvturk.com\/index.php\/wp-json\/wp\/v2\/users\/1"}],"replies":[{"embeddable":true,"href":"http:\/\/www.tvturk.com\/index.php\/wp-json\/wp\/v2\/comments?post=170609"}],"version-history":[{"count":0,"href":"http:\/\/www.tvturk.com\/index.php\/wp-json\/wp\/v2\/posts\/170609\/revisions"}],"wp:attachment":[{"href":"http:\/\/www.tvturk.com\/index.php\/wp-json\/wp\/v2\/media?parent=170609"}],"wp:term":[{"taxonomy":"category","embeddable":true,"href":"http:\/\/www.tvturk.com\/index.php\/wp-json\/wp\/v2\/categories?post=170609"},{"taxonomy":"post_tag","embeddable":true,"href":"http:\/\/www.tvturk.com\/index.php\/wp-json\/wp\/v2\/tags?post=170609"}],"curies":[{"name":"wp","href":"https:\/\/api.w.org\/{rel}","templated":true}]}}