{"id":170661,"date":"2019-06-17T14:56:25","date_gmt":"2019-06-17T11:56:25","guid":{"rendered":"http:\/\/www.tvturk.com\/index.php\/kaza-geciren-motosikletlinin-yardimina-binali-yildirim-kostu\/"},"modified":"2019-06-17T14:56:25","modified_gmt":"2019-06-17T11:56:25","slug":"kaza-geciren-motosikletlinin-yardimina-binali-yildirim-kostu","status":"publish","type":"post","link":"http:\/\/www.tvturk.com\/index.php\/kaza-geciren-motosikletlinin-yardimina-binali-yildirim-kostu\/","title":{"rendered":"Kaza ge\u00e7iren motosikletlinin yard\u0131m\u0131na Binali Y\u0131ld\u0131r\u0131m ko\u015ftu"},"content":{"rendered":"<p>AK Parti \u0130stanbul B\u00fcy\u00fck\u015fehir Belediye Ba\u015fkan Aday\u0131 Binali Y\u0131ld\u0131r\u0131m, trafik kazas\u0131 ge\u00e7iren motosiklet s\u00fcr\u00fcc\u00fcs\u00fcn\u00fc g\u00f6r\u00fcnce makam arac\u0131n\u0131 durdurdu. Y\u0131ld\u0131r\u0131m, yaral\u0131 s\u00fcr\u00fcc\u00fcn\u00fcn yan\u0131na giderek yak\u0131ndan ilgilenirken, s\u00fcr\u00fcc\u00fcye ilk m\u00fcdahaleyi Y\u0131ld\u0131r\u0131m\u2019\u0131n doktoru yapt\u0131.<\/p>\n<p>Se\u00e7im \u00e7al\u0131\u015fmalar\u0131 kapsam\u0131nda Esenyurt program\u0131 i\u00e7in hareket eden AK Parti \u0130stanbul B\u00fcy\u00fck\u015fehir Belediye Ba\u015fkan Aday\u0131 Binali Y\u0131ld\u0131r\u0131m, \u0130STO\u00c7 mevkiinde meydana gelen trafik kazas\u0131 nedeniyle makam arac\u0131n\u0131 durdurdu. Y\u0131ld\u0131r\u0131m, kazada yaralanan motosiklet s\u00fcr\u00fcc\u00fcs\u00fc Caner O\u2019nun yan\u0131na gitti. Baca\u011f\u0131 k\u0131r\u0131lan motosiklet s\u00fcr\u00fcc\u00fcs\u00fc Caner O. \u2019ya ilk m\u00fcdahaleyi Y\u0131ld\u0131r\u0131m\u2019\u0131n doktoru yapt\u0131. Yaral\u0131 s\u00fcr\u00fcc\u00fc daha sonra ambulans ile hastaneye sevk edildi.<\/p>\n","protected":false},"excerpt":{"rendered":"<p>KAZA GE\u00c7\u0130REN MOTOS\u0130KLETL\u0130N\u0130N YARDIMINA B\u0130NAL\u0130 YILDIRIM KO\u015eTU<\/p>\n","protected":false},"author":1,"featured_media":0,"comment_status":"closed","ping_status":"open","sticky":false,"template":"","format":"standard","meta":{"jetpack_post_was_ever_published":false,"_jetpack_newsletter_access":"","_jetpack_dont_email_post_to_subs":false,"_jetpack_newsletter_tier_id":0,"_jetpack_memberships_contains_paywalled_content":false,"_jetpack_memberships_contains_paid_content":false,"footnotes":"","jetpack_publicize_message":"","jetpack_publicize_feature_enabled":true,"jetpack_social_post_already_shared":true,"jetpack_social_options":{"image_generator_settings":{"template":"highway","default_image_id":0,"font":"","enabled":false},"version":2}},"categories":[1],"tags":[3333,8455,852,3090,20625,3088,376],"class_list":["post-170661","post","type-post","status-publish","format-standard","hentry","category-genel","tag-binali","tag-geciren","tag-kaza","tag-kostu","tag-motosikletlinin","tag-yardimina","tag-yildirim"],"jetpack_publicize_connections":[],"jetpack_featured_media_url":"","jetpack_sharing_enabled":true,"jetpack_shortlink":"https:\/\/wp.me\/paKIfm-IoB","_links":{"self":[{"href":"http:\/\/www.tvturk.com\/index.php\/wp-json\/wp\/v2\/posts\/170661","targetHints":{"allow":["GET"]}}],"collection":[{"href":"http:\/\/www.tvturk.com\/index.php\/wp-json\/wp\/v2\/posts"}],"about":[{"href":"http:\/\/www.tvturk.com\/index.php\/wp-json\/wp\/v2\/types\/post"}],"author":[{"embeddable":true,"href":"http:\/\/www.tvturk.com\/index.php\/wp-json\/wp\/v2\/users\/1"}],"replies":[{"embeddable":true,"href":"http:\/\/www.tvturk.com\/index.php\/wp-json\/wp\/v2\/comments?post=170661"}],"version-history":[{"count":0,"href":"http:\/\/www.tvturk.com\/index.php\/wp-json\/wp\/v2\/posts\/170661\/revisions"}],"wp:attachment":[{"href":"http:\/\/www.tvturk.com\/index.php\/wp-json\/wp\/v2\/media?parent=170661"}],"wp:term":[{"taxonomy":"category","embeddable":true,"href":"http:\/\/www.tvturk.com\/index.php\/wp-json\/wp\/v2\/categories?post=170661"},{"taxonomy":"post_tag","embeddable":true,"href":"http:\/\/www.tvturk.com\/index.php\/wp-json\/wp\/v2\/tags?post=170661"}],"curies":[{"name":"wp","href":"https:\/\/api.w.org\/{rel}","templated":true}]}}