{"id":170669,"date":"2019-06-17T15:03:24","date_gmt":"2019-06-17T12:03:24","guid":{"rendered":"http:\/\/www.tvturk.com\/index.php\/bitkin-halde-bulunan-kizil-geyik-yavrusu-tedavi-altina-alindi\/"},"modified":"2019-06-17T15:03:24","modified_gmt":"2019-06-17T12:03:24","slug":"bitkin-halde-bulunan-kizil-geyik-yavrusu-tedavi-altina-alindi","status":"publish","type":"post","link":"http:\/\/www.tvturk.com\/index.php\/bitkin-halde-bulunan-kizil-geyik-yavrusu-tedavi-altina-alindi\/","title":{"rendered":"Bitkin halde bulunan k\u0131z\u0131l geyik yavrusu tedavi alt\u0131na al\u0131nd\u0131"},"content":{"rendered":"<p>Eski\u015fehir k\u0131rsal\u0131nda vatanda\u015flar taraf\u0131ndan bitkin halde bulunan k\u0131z\u0131l geyik yavrusu Afyon Kocatepe \u00dcniversitesi Yaban Hayat\u0131n\u0131 Kurtarma Rehabilitasyon E\u011fitim Uygulama ve Ara\u015ft\u0131rma Merkezi\u2019nde (AK\u00dcREM) tedavi alt\u0131na al\u0131nd\u0131.<\/p>\n<p>Ge\u00e7ti\u011fimiz g\u00fcnlerde Eski\u015fehir k\u0131rsal\u0131nda vatanda\u015flar taraf\u0131ndan yavru k\u0131z\u0131l geyik bulundu. Hayvan\u0131n bitkin halde oldu\u011funu g\u00f6ren vatanda\u015flar, tedavi edilmesi i\u00e7in Milli Parklar 5. B\u00f6lge M\u00fcd\u00fcrl\u00fc\u011f\u00fc ekiplerine haber verdi. Tahmini 3 haftal\u0131k oldu\u011funu d\u00fc\u015f\u00fcn\u00fclen k\u0131z\u0131l geyi\u011fi teslim alan ekipler, tedavisi i\u00e7in geyi\u011fi Afyon Kocatepe \u00dcniversitesi Yaban Hayat\u0131n\u0131 Kurtarma Rehabilitasyon E\u011fitim Uygulama ve Ara\u015ft\u0131rma Merkezi\u2019ne getirdi. Burada tedavi s\u00fcreci ba\u015flayan yavru, sa\u011fl\u0131\u011f\u0131na kavu\u015ftu\u011fu zaman tekrar do\u011fal ortam\u0131na b\u0131rak\u0131lacak.<\/p>\n<p>Konuyla ilgili a\u00e7\u0131klamalarda bulunan AK\u00dcREM M\u00fcd\u00fcr\u00fc Do\u00e7. Dr. Emine Hesna Kand\u0131r, yavru k\u0131z\u0131l geyi\u011fin tedavisinin devam etti\u011fini belirtti. \u0130nsani faaliyetler nedeniyle annesinden ayr\u0131 d\u00fc\u015ft\u00fc\u011f\u00fcn\u00fc tahmin ettiklerini kaydeden Kand\u0131r; \u201cK\u0131z\u0131l geyik yavrusu Eski\u015fehir k\u0131rsal\u0131nda bulundu. Duyarl\u0131 vatanda\u015flar yaln\u0131z ba\u015f\u0131na bir geyik yavrusu g\u00f6rd\u00fcklerini Milli Parklar 5. B\u00f6lge M\u00fcd\u00fcrl\u00fc\u011f\u00fc\u2018ne bildirmi\u015fler. Milli Parklar 5. B\u00f6lge M\u00fcd\u00fcrl\u00fc\u011f\u00fc ekipleri de geyik yavrusunu alandan al\u0131p taraf\u0131m\u0131za ilettiler. Yavru annesinden ayr\u0131lal\u0131 epeyi bir zaman olmu\u015f. \u00c7ok zay\u0131f. Hatta ot yemeye bile ba\u015flam\u0131\u015f yaln\u0131zl\u0131ktan. \u015euanda tedavisi devam ediyor. Umar\u0131m tekrar sa\u011fl\u0131\u011f\u0131na kavu\u015fturulup uygun bir ortamda hayat\u0131na devam etmesini sa\u011flayaca\u011f\u0131z. \u00c7ok kestirmek m\u00fcmk\u00fcn de\u011fil anca muhtemelen insani faaliyetler do\u011frultusunda anne ve yavrusu bir \u015fekilde ayr\u0131lm\u0131\u015f. Annenin ba\u015f\u0131na da olumsuz bir olay gelmi\u015f olabilir. Bundan emin olam\u0131yoruz ama yavru korunmu\u015f bir \u015fekilde. \u00c7ok zarar g\u00f6rmemi\u015f sadece a\u00e7 kald\u0131\u011f\u0131 i\u00e7in zay\u0131flam\u0131\u015f. 2 haftal\u0131k gibi duruyor yavru \u015fu anda. Biraz zay\u0131f oldu\u011fu i\u00e7in tam kestiremiyoruz belki 3 haftal\u0131k da olabilir ama baya bir k\u00fc\u00e7\u00fck g\u00f6r\u00fcn\u00fcyor \u015fu an. Kemikleri say\u0131l\u0131r vaziyette. H\u0131zl\u0131 bir beslenme program\u0131yla tekrar toparlanmas\u0131n\u0131 sa\u011flayaca\u011f\u0131z\u201d dedi.<\/p>\n","protected":false},"excerpt":{"rendered":"<p>ESK\u0130\u015eEH\u0130R KIRSALINDA VATANDA\u015eLAR TARAFINDAN B\u0130TK\u0130N HALDE BULUNAN KIZIL GEY\u0130K YAVRUSU, AFYON KOCATEPE \u00dcN\u0130VERS\u0130TES\u0130 YABAN HAYATINI KURTARMA REHAB\u0130L\u0130TASYON E\u011e\u0130T\u0130M UYGULAMA VE ARA\u015eTIRMA MERKEZ\u0130\u2019NDE (AK\u00dcREM) TEDAV\u0130 ALTINA ALINDI.<\/p>\n","protected":false},"author":1,"featured_media":0,"comment_status":"closed","ping_status":"open","sticky":false,"template":"","format":"standard","meta":{"jetpack_post_was_ever_published":false,"_jetpack_newsletter_access":"","_jetpack_dont_email_post_to_subs":false,"_jetpack_newsletter_tier_id":0,"_jetpack_memberships_contains_paywalled_content":false,"_jetpack_memberships_contains_paid_content":false,"footnotes":"","jetpack_publicize_message":"","jetpack_publicize_feature_enabled":true,"jetpack_social_post_already_shared":true,"jetpack_social_options":{"image_generator_settings":{"template":"highway","default_image_id":0,"font":"","enabled":false},"version":2}},"categories":[1],"tags":[1014,1186,22668,1834,16255,258,9874,144,17709],"class_list":["post-170669","post","type-post","status-publish","format-standard","hentry","category-genel","tag-alindi","tag-altina","tag-bitkin","tag-bulunan","tag-geyik","tag-halde","tag-kizil","tag-tedavi","tag-yavrusu"],"jetpack_publicize_connections":[],"jetpack_featured_media_url":"","jetpack_sharing_enabled":true,"jetpack_shortlink":"https:\/\/wp.me\/paKIfm-IoJ","_links":{"self":[{"href":"http:\/\/www.tvturk.com\/index.php\/wp-json\/wp\/v2\/posts\/170669","targetHints":{"allow":["GET"]}}],"collection":[{"href":"http:\/\/www.tvturk.com\/index.php\/wp-json\/wp\/v2\/posts"}],"about":[{"href":"http:\/\/www.tvturk.com\/index.php\/wp-json\/wp\/v2\/types\/post"}],"author":[{"embeddable":true,"href":"http:\/\/www.tvturk.com\/index.php\/wp-json\/wp\/v2\/users\/1"}],"replies":[{"embeddable":true,"href":"http:\/\/www.tvturk.com\/index.php\/wp-json\/wp\/v2\/comments?post=170669"}],"version-history":[{"count":0,"href":"http:\/\/www.tvturk.com\/index.php\/wp-json\/wp\/v2\/posts\/170669\/revisions"}],"wp:attachment":[{"href":"http:\/\/www.tvturk.com\/index.php\/wp-json\/wp\/v2\/media?parent=170669"}],"wp:term":[{"taxonomy":"category","embeddable":true,"href":"http:\/\/www.tvturk.com\/index.php\/wp-json\/wp\/v2\/categories?post=170669"},{"taxonomy":"post_tag","embeddable":true,"href":"http:\/\/www.tvturk.com\/index.php\/wp-json\/wp\/v2\/tags?post=170669"}],"curies":[{"name":"wp","href":"https:\/\/api.w.org\/{rel}","templated":true}]}}