{"id":170671,"date":"2019-06-17T15:05:20","date_gmt":"2019-06-17T12:05:20","guid":{"rendered":"http:\/\/www.tvturk.com\/index.php\/23-etudosd-dagcilik-senligi-sona-erdi\/"},"modified":"2019-06-17T15:05:20","modified_gmt":"2019-06-17T12:05:20","slug":"23-etudosd-dagcilik-senligi-sona-erdi","status":"publish","type":"post","link":"http:\/\/www.tvturk.com\/index.php\/23-etudosd-dagcilik-senligi-sona-erdi\/","title":{"rendered":"23. ETUDOSD Da\u011fc\u0131l\u0131k \u015eenli\u011fi sona erdi"},"content":{"rendered":"<p>E\u011firdir Turizm Tan\u0131tma ve Do\u011fa Sporlar\u0131 Derne\u011fi (ETUDOSD) Kul\u00fcb\u00fc taraf\u0131ndan d\u00fczenlenen 23. ETUDOSD Da\u011fc\u0131l\u0131k \u015eenli\u011fi, 14-16 Haziran tarihleri aras\u0131nda Dedeg\u00f6l Da\u011f\u0131 Melikler Yaylas\u0131\u2019nda ger\u00e7ekle\u015ftirildi.<\/p>\n<p>Isparta Valili\u011fi, \u0130l \u00d6zel \u0130daresi, E\u011firdir, Aksu ve Yeni\u015farbademli Kaymakaml\u0131klar\u0131 ve Belediyelerinin destekleriyle ETUDOSD taraf\u0131ndan d\u00fczenlenen 23.  ETUDOSD Da\u011fc\u0131l\u0131k \u015eenli\u011finde, 15 Haziran Cumartesi g\u00fcn\u00fc ana sponsor E\u011firdir Belediyesi taraf\u0131ndan kat\u0131l\u0131mc\u0131lara \u015fenlik yeme\u011fi ikram edildi. \u015eenlik yeme\u011finin ilk da\u011f\u0131t\u0131mlar\u0131n\u0131 Yeni\u015farbademli Kaymakam\u0131 Cuma K\u0131l\u0131n\u00e7 ve Yeni\u015farbademli Belediye Ba\u015fkan\u0131 Mehmet \u00d6zata ikram ederken Bey\u015fehir Belediye Ba\u015fkanl\u0131\u011f\u0131 da \u00e7ay ikram\u0131nda bulundu.<\/p>\n<p>Yemek sonras\u0131 yap\u0131lan toplant\u0131da bir konu\u015fma yapan ETUDOSD Y\u00f6netim Kurulu \u00dcyesi \u00c7etin Meydan, kat\u0131l\u0131mc\u0131lara te\u015fekk\u00fcr ederken, Dernek Ba\u015fkan\u0131 Durmu\u015f U\u00e7gun\u2019da yap\u0131lacak t\u0131rman\u0131\u015f ile ilgili bilgiler verdi. 14 Haziran Cuma g\u00fcn\u00fc \u015eenlik alan\u0131na gelmeye ba\u015flayan kat\u0131l\u0131mc\u0131lar, P\u0131narg\u00f6z\u00fc Ma\u011faras\u0131\u2019n\u0131, Yaka Kanyonu\u2019nu, Zindan Ma\u011faras\u0131\u2019n\u0131 gezdi.<\/p>\n<p>Birinci ya\u015f g\u00fcn\u00fcn\u00fc kutlayan en k\u00fc\u00e7\u00fck kat\u0131l\u0131mc\u0131 Artun De\u011fer de kat\u0131l\u0131mc\u0131lar\u0131n ilgi oda\u011f\u0131 olurken, \u0130kiz a\u011fabeyleri ile birlikte \u015eenli\u011fe ayr\u0131 bir renk katt\u0131.<\/p>\n<p>Saat 23.00\u2019de tamamen sessizli\u011fe b\u00fcr\u00fcnen Melikler Yaylas\u0131\u2019nda geceyi ge\u00e7iren da\u011fc\u0131lar, Pazar g\u00fcn\u00fc sabah\u0131 \u00e7orbalar\u0131n\u0131 i\u00e7tikten sonra saat 05.00\u2019te Dedeg\u00f6l Da\u011f\u0131 zirvesine t\u0131rman\u0131\u015fa ge\u00e7ti. Zirve yapan da\u011fc\u0131lara ve do\u011fasever kat\u0131l\u0131mc\u0131lara g\u00f6zleme-ayran ikram\u0131ndan sonra, ETUDOSD 23. Da\u011fc\u0131l\u0131k \u015eenli\u011fine kat\u0131lanlar \u00f6n\u00fcm\u00fczdeki sene bulu\u015fmak dile\u011fiyle veda etti.<\/p>\n<p>23 y\u0131ld\u0131r geleneksel olarak d\u00fczenlenen Da\u011fc\u0131l\u0131k \u015eenli\u011fi ile T\u00fcrkiye\u2019mizin hemen her ilinden y\u0131llar itibar\u0131yla giderek artan say\u0131da sporcu ve do\u011faseveri \u0130limiz Dedeg\u00f6l Da\u011f\u0131 eteklerinde toplayarak hem do\u011fa sevgisi ve \u00e7evre bilincinin geli\u015fmesine katk\u0131 sa\u011flayan hem de \u0130limizde Da\u011fc\u0131l\u0131\u011f\u0131n geli\u015fimine \u00f6nc\u00fcl\u00fck yapan E\u011firdir Turizm Tan\u0131tma ve Do\u011fa Sporlar\u0131 Derne\u011fi (ETUDOSD) Kul\u00fcb\u00fcm\u00fcz\u00fcn y\u00f6neticilerini ve g\u00f6n\u00fcll\u00fclerini kutluyor, bir daha ki \u015fenlikte bulu\u015fmak \u00fczere te\u015fekk\u00fcr ediyoruz.<\/p>\n<p>23\u2019\u00fcnc\u00fc ETUDOSD Da\u011fc\u0131l\u0131k \u015eenli\u011fi\u2019ne Yeni\u015farbademli Kaymakam\u0131 Cuma K\u0131l\u0131n\u00e7, Yeni\u015farbademli Belediye Ba\u015fkan\u0131 Mehmet Akif \u00d6zata, K\u00fclt\u00fcr ve Turizm \u0130l M\u00fcd\u00fcr\u00fc Ali G\u00f6\u00e7er, \u00fclke genelindeki 40\u2019a yak\u0131n Kul\u00fcp, yakla\u015f\u0131k 2 bin da\u011fc\u0131 ve do\u011fasever kat\u0131ld\u0131.<\/p>\n","protected":false},"excerpt":{"rendered":"<p>E\u011e\u0130RD\u0130R TUR\u0130ZM TANITMA VE DO\u011eA SPORLARI DERNE\u011e\u0130 (ETUDOSD) KUL\u00dcB\u00dc TARAFINDAN D\u00dcZENLENEN 23. ETUDOSD DA\u011eCILIK \u015eENL\u0130\u011e\u0130, 14-16 HAZ\u0130RAN TAR\u0130HLER\u0130 ARASINDA DEDEG\u00d6L DA\u011eI MEL\u0130KLER YAYLASI&#8217;NDA GER\u00c7EKLE\u015eT\u0130R\u0130LD\u0130.<\/p>\n","protected":false},"author":1,"featured_media":0,"comment_status":"closed","ping_status":"open","sticky":false,"template":"","format":"standard","meta":{"jetpack_post_was_ever_published":false,"_jetpack_newsletter_access":"","_jetpack_dont_email_post_to_subs":false,"_jetpack_newsletter_tier_id":0,"_jetpack_memberships_contains_paywalled_content":false,"_jetpack_memberships_contains_paid_content":false,"footnotes":"","jetpack_publicize_message":"","jetpack_publicize_feature_enabled":true,"jetpack_social_post_already_shared":true,"jetpack_social_options":{"image_generator_settings":{"template":"highway","default_image_id":0,"font":"","enabled":false},"version":2}},"categories":[1],"tags":[18091,8411,793,41164,3033,792],"class_list":["post-170671","post","type-post","status-publish","format-standard","hentry","category-genel","tag-18091","tag-dagcilik","tag-erdi","tag-etudosd","tag-senligi","tag-sona"],"jetpack_publicize_connections":[],"jetpack_featured_media_url":"","jetpack_sharing_enabled":true,"jetpack_shortlink":"https:\/\/wp.me\/paKIfm-IoL","_links":{"self":[{"href":"http:\/\/www.tvturk.com\/index.php\/wp-json\/wp\/v2\/posts\/170671","targetHints":{"allow":["GET"]}}],"collection":[{"href":"http:\/\/www.tvturk.com\/index.php\/wp-json\/wp\/v2\/posts"}],"about":[{"href":"http:\/\/www.tvturk.com\/index.php\/wp-json\/wp\/v2\/types\/post"}],"author":[{"embeddable":true,"href":"http:\/\/www.tvturk.com\/index.php\/wp-json\/wp\/v2\/users\/1"}],"replies":[{"embeddable":true,"href":"http:\/\/www.tvturk.com\/index.php\/wp-json\/wp\/v2\/comments?post=170671"}],"version-history":[{"count":0,"href":"http:\/\/www.tvturk.com\/index.php\/wp-json\/wp\/v2\/posts\/170671\/revisions"}],"wp:attachment":[{"href":"http:\/\/www.tvturk.com\/index.php\/wp-json\/wp\/v2\/media?parent=170671"}],"wp:term":[{"taxonomy":"category","embeddable":true,"href":"http:\/\/www.tvturk.com\/index.php\/wp-json\/wp\/v2\/categories?post=170671"},{"taxonomy":"post_tag","embeddable":true,"href":"http:\/\/www.tvturk.com\/index.php\/wp-json\/wp\/v2\/tags?post=170671"}],"curies":[{"name":"wp","href":"https:\/\/api.w.org\/{rel}","templated":true}]}}