{"id":170673,"date":"2019-06-17T15:05:23","date_gmt":"2019-06-17T12:05:23","guid":{"rendered":"http:\/\/www.tvturk.com\/index.php\/caretta-carettalar-icin-havai-fisek-yasagi\/"},"modified":"2019-06-17T15:05:23","modified_gmt":"2019-06-17T12:05:23","slug":"caretta-carettalar-icin-havai-fisek-yasagi","status":"publish","type":"post","link":"http:\/\/www.tvturk.com\/index.php\/caretta-carettalar-icin-havai-fisek-yasagi\/","title":{"rendered":"Caretta carettalar i\u00e7in havai fi\u015fek yasa\u011f\u0131"},"content":{"rendered":"<p>Serik Belediye Ba\u015fkan\u0131 Enver Aputkan, &#8220;Serik Belediye meclisi olarak \u00f6rnek bir karara imza atarak g\u00f6\u00e7men ku\u015flar\u0131n\u0131n g\u00f6\u00e7 etme d\u00f6nemleri ve Caretta Carettalar\u0131n kulu\u00e7kadan \u00e7\u0131k\u0131p denize ula\u015fma d\u00f6nemlerinde tesislerin ve vatanda\u015flar\u0131n havai fi\u015fek patlatmamalar\u0131 konusunda uyar\u0131lmas\u0131na karar verildi&#8221; dedi.<\/p>\n<p>Caretta Caretta yavrulama alanlar\u0131ndan Serik\u2019te belediye, dernek, \u00fcniversite ve g\u00f6n\u00fcll\u00fcler ile birlikte deniz kaplumba\u011falar\u0131n\u0131 korumak ve devaml\u0131l\u0131klar\u0131n\u0131 s\u00fcrd\u00fcrebilmeleri i\u00e7in yap\u0131lan proje ve etkinlikler devam ediyor. Konuya ili\u015fkin a\u00e7\u0131klama yapan Serik Belediye Ba\u015fkan\u0131 Enver Aputkan, &#8220;Ge\u00e7ti\u011fimiz y\u0131llarda belediyemiz \u00f6nc\u00fcl\u00fc\u011f\u00fcnde Caretta Carettalar\u0131 koruma ve ya\u015fam alanlar\u0131n\u0131 iyile\u015ftirmeye y\u00f6nelik \u00e7e\u015fitli \u00e7al\u0131\u015fmalar\u0131m\u0131z oldu ve bundan sonrada olacakt\u0131r. Serik Belediye meclisi olarak \u00f6rnek bir karara imza atarak g\u00f6\u00e7men ku\u015flar\u0131n\u0131n g\u00f6\u00e7 etme d\u00f6nemleri ve Caretta Carettalar\u0131n kulu\u00e7kadan \u00e7\u0131k\u0131p denize ula\u015fma d\u00f6nemlerinde tesislerin ve vatanda\u015flar\u0131n havai fi\u015fek patlatmamalar\u0131 konusunda uyar\u0131lmas\u0131na karar verildi. Amac\u0131m\u0131z sahillerin do\u011fru ve etkin kullan\u0131m\u0131, \u0131\u015f\u0131k, g\u00fcr\u00fclt\u00fc kirlili\u011fi ve bunlar\u0131n deniz kaplumba\u011falar\u0131 \u00fczerindeki etkilerini azaltmak. Ayn\u0131 zamanda halk\u0131m\u0131z\u0131 bilin\u00e7lendirmek. B\u00f6yle bir hassasiyete sahipken bas\u0131nda \u00e7\u0131kan haberler bizleri ger\u00e7ekten \u00e7ok \u00fczd\u00fc. Serik Belediyesi bu tarz as\u0131ls\u0131z haberlerle y\u0131prat\u0131lamaz. Kaymakam\u0131m\u0131z, emniyet m\u00fcd\u00fcr\u00fcm\u00fcz ve ilgili kurum, kurulu\u015flar ile birlikte gerekli ara\u015ft\u0131rmalar\u0131 yap\u0131yoruz. Belediyemiz ekipleri taraf\u0131ndan o b\u00f6lgede herhangi bir \u00e7al\u0131\u015fma yap\u0131lmam\u0131\u015ft\u0131r. Sahil temizli\u011fimizi makine yard\u0131m\u0131 ile de\u011fil personellerimiz taraf\u0131ndan yap\u0131l\u0131yor\u201d ifadelerinde bulundu.<\/p>\n","protected":false},"excerpt":{"rendered":"<p>SER\u0130K BELED\u0130YE BA\u015eKANI ENVER APUTKAN, &#8220;SER\u0130K BELED\u0130YE MECL\u0130S\u0130 OLARAK \u00d6RNEK B\u0130R KARARA \u0130MZA ATARAK G\u00d6\u00c7MEN KU\u015eLARININ G\u00d6\u00c7 ETME D\u00d6NEMLER\u0130 VE CARETTA CARETTALARIN KULU\u00c7KADAN \u00c7IKIP DEN\u0130ZE ULA\u015eMA D\u00d6NEMLER\u0130NDE TES\u0130SLER\u0130N VE VATANDA\u015eLARIN HAVA\u0130 F\u0130\u015eEK PATLATMAMALARI KONUSUNDA UYARILMASINA KARAR VER\u0130LD\u0130&#8221; DED\u0130.<\/p>\n","protected":false},"author":1,"featured_media":0,"comment_status":"closed","ping_status":"open","sticky":false,"template":"","format":"standard","meta":{"jetpack_post_was_ever_published":false,"_jetpack_newsletter_access":"","_jetpack_dont_email_post_to_subs":false,"_jetpack_newsletter_tier_id":0,"_jetpack_memberships_contains_paywalled_content":false,"_jetpack_memberships_contains_paid_content":false,"footnotes":"","jetpack_publicize_message":"","jetpack_publicize_feature_enabled":true,"jetpack_social_post_already_shared":true,"jetpack_social_options":{"image_generator_settings":{"template":"highway","default_image_id":0,"font":"","enabled":false},"version":2}},"categories":[1],"tags":[26539,41165,41166,28245,44,2519],"class_list":["post-170673","post","type-post","status-publish","format-standard","hentry","category-genel","tag-caretta","tag-carettalar","tag-fisek","tag-havai","tag-icin","tag-yasagi"],"jetpack_publicize_connections":[],"jetpack_featured_media_url":"","jetpack_sharing_enabled":true,"jetpack_shortlink":"https:\/\/wp.me\/paKIfm-IoN","_links":{"self":[{"href":"http:\/\/www.tvturk.com\/index.php\/wp-json\/wp\/v2\/posts\/170673","targetHints":{"allow":["GET"]}}],"collection":[{"href":"http:\/\/www.tvturk.com\/index.php\/wp-json\/wp\/v2\/posts"}],"about":[{"href":"http:\/\/www.tvturk.com\/index.php\/wp-json\/wp\/v2\/types\/post"}],"author":[{"embeddable":true,"href":"http:\/\/www.tvturk.com\/index.php\/wp-json\/wp\/v2\/users\/1"}],"replies":[{"embeddable":true,"href":"http:\/\/www.tvturk.com\/index.php\/wp-json\/wp\/v2\/comments?post=170673"}],"version-history":[{"count":0,"href":"http:\/\/www.tvturk.com\/index.php\/wp-json\/wp\/v2\/posts\/170673\/revisions"}],"wp:attachment":[{"href":"http:\/\/www.tvturk.com\/index.php\/wp-json\/wp\/v2\/media?parent=170673"}],"wp:term":[{"taxonomy":"category","embeddable":true,"href":"http:\/\/www.tvturk.com\/index.php\/wp-json\/wp\/v2\/categories?post=170673"},{"taxonomy":"post_tag","embeddable":true,"href":"http:\/\/www.tvturk.com\/index.php\/wp-json\/wp\/v2\/tags?post=170673"}],"curies":[{"name":"wp","href":"https:\/\/api.w.org\/{rel}","templated":true}]}}