{"id":170685,"date":"2019-06-17T15:21:21","date_gmt":"2019-06-17T12:21:21","guid":{"rendered":"http:\/\/www.tvturk.com\/index.php\/arabistandan-cirkin-tezgah\/"},"modified":"2019-06-17T15:21:21","modified_gmt":"2019-06-17T12:21:21","slug":"arabistandan-cirkin-tezgah","status":"publish","type":"post","link":"http:\/\/www.tvturk.com\/index.php\/arabistandan-cirkin-tezgah\/","title":{"rendered":"Arabistan\u2019dan \u00e7irkin tezgah"},"content":{"rendered":"<p>Bursa\u2019ya 2018 y\u0131l\u0131nda en fazla yabanc\u0131 turist Suudi Arabistan\u2019dan geldi. Cemal Ka\u015f\u0131kc\u0131 olay\u0131ndan sonra T\u00fcrkiye ile aras\u0131 a\u00e7\u0131lan ve T\u00fcrkiye\u2019nin turizmden pay almas\u0131n\u0131 hazmedemeyen Suudi Arabistan, videolarla Bursa ve T\u00fcrkiye aleyhinde karalama kampanyas\u0131 ba\u015flatt\u0131. Bursa B\u00fcy\u00fck\u015fehir Belediye Ba\u015fkan\u0131 ve K\u00fclt\u00fcr Turizm Tan\u0131tma Birli\u011fi Ba\u015fkan\u0131 Alinur Akta\u015f, &#8220;Bursa T\u00fcrkiye\u2019nin en huzurlu \u015fehirleri aras\u0131nda g\u00f6steriliyor. Bursa\u2019n\u0131n turizmde hak etti\u011fi pay\u0131 almas\u0131 i\u00e7in ola\u011fan\u00fcst\u00fc gayret sarf ediyoruz&#8221; dedi.<\/p>\n<p>Bursa K\u00fclt\u00fcr Turizm ve Tan\u0131tma Birli\u011fi\u2019nin haz\u0131r ay\u0131 olan toplant\u0131s\u0131 yap\u0131ld\u0131. Toplant\u0131da Bursa\u2019n\u0131n turizmden daha fazla nas\u0131l pay alabilece\u011fi ve 2018 y\u0131l\u0131nda \u015fehre gelen yabanc\u0131 turistlerin s\u0131ralamas\u0131 a\u00e7\u0131kland\u0131<\/p>\n<p>Bursa\u2019ya 2018 y\u0131l\u0131nda en \u00e7ok Suudi Arabistan\u2019dan turist geldi\u011fi ortaya \u00e7\u0131kt\u0131.<\/p>\n<p>Bir y\u0131lda 52 bin 373 Suudi Arabistanl\u0131 turist Bursa\u2019ya gelirken, bu turistler 225 bin 766 gece konaklama ile birincili\u011fi elinde bulundurdu. Kuveyt 49 bin 458 giri\u015f, 152 bin 064 gece konaklama ile ikinci, Malezyal\u0131 turistler ise 21 bin 555 giri\u015f ve 24 bin 433 gece konaklama ile \u00fc\u00e7\u00fcnc\u00fc oldu.<\/p>\n<p>Suudi Arabistanl\u0131 turistlerin T\u00fcrkiye ve Bursa\u2019y\u0131 yo\u011fun ziyaret etmesi ve gece konaklamalar\u0131n\u0131 hazmedemeyen Suudi Arabistan\u2019da baz\u0131 \u00e7evreler T\u00fcrkiye aleyhine sosyal medyada videolarla karalama kampanyas\u0131 ba\u015flat\u0131ld\u0131. Videoda T\u00fcrkiye\u2019ye gidilmemesi gerekti\u011fi i\u015flenirken, T\u00fcrkiye\u2019de bulunan b\u0131\u00e7akl\u0131 gasp\u00e7\u0131lar\u0131n yerini turizmcilerin ald\u0131\u011f\u0131 vurgusu yap\u0131l\u0131yor.<\/p>\n<p>Bursa K\u00fclt\u00fcr Turizm ve Tan\u0131tma Birli\u011fi Ba\u015fkan\u0131 Se\u00e7ilen Alinur Akta\u015f, Bursa\u2019n\u0131n tarihi ve do\u011fa turizmi ac\u0131s\u0131ndan ziyaret edilecek muhte\u015fem bir yer oldu\u011funu belirtirken, &#8220;Bursa\u2019n\u0131n turizmde hak etti\u011fi pay\u0131 almas\u0131 i\u00e7in ola\u011fan \u00fcst\u00fc gayret sarf ediyoruz. Bursa \u00f6n\u00fcm\u00fczdeki y\u0131llarda turizmden daya fazla pay alacak&#8221; dedi.<\/p>\n","protected":false},"excerpt":{"rendered":"<p>SUUD\u0130 ARAB\u0130STANLI TUR\u0130STLER BURSA&#8217;YI TERC\u0130H ED\u0130YOR<\/p>\n","protected":false},"author":1,"featured_media":0,"comment_status":"closed","ping_status":"open","sticky":false,"template":"","format":"standard","meta":{"jetpack_post_was_ever_published":false,"_jetpack_newsletter_access":"","_jetpack_dont_email_post_to_subs":false,"_jetpack_newsletter_tier_id":0,"_jetpack_memberships_contains_paywalled_content":false,"_jetpack_memberships_contains_paid_content":false,"footnotes":"","jetpack_publicize_message":"","jetpack_publicize_feature_enabled":true,"jetpack_social_post_already_shared":true,"jetpack_social_options":{"image_generator_settings":{"template":"highway","default_image_id":0,"font":"","enabled":false},"version":2}},"categories":[19],"tags":[41173,5883,25414],"class_list":["post-170685","post","type-post","status-publish","format-standard","hentry","category-ekonomi","tag-arabistandan","tag-cirkin","tag-tezgah"],"jetpack_publicize_connections":[],"jetpack_featured_media_url":"","jetpack_sharing_enabled":true,"jetpack_shortlink":"https:\/\/wp.me\/paKIfm-IoZ","_links":{"self":[{"href":"http:\/\/www.tvturk.com\/index.php\/wp-json\/wp\/v2\/posts\/170685","targetHints":{"allow":["GET"]}}],"collection":[{"href":"http:\/\/www.tvturk.com\/index.php\/wp-json\/wp\/v2\/posts"}],"about":[{"href":"http:\/\/www.tvturk.com\/index.php\/wp-json\/wp\/v2\/types\/post"}],"author":[{"embeddable":true,"href":"http:\/\/www.tvturk.com\/index.php\/wp-json\/wp\/v2\/users\/1"}],"replies":[{"embeddable":true,"href":"http:\/\/www.tvturk.com\/index.php\/wp-json\/wp\/v2\/comments?post=170685"}],"version-history":[{"count":0,"href":"http:\/\/www.tvturk.com\/index.php\/wp-json\/wp\/v2\/posts\/170685\/revisions"}],"wp:attachment":[{"href":"http:\/\/www.tvturk.com\/index.php\/wp-json\/wp\/v2\/media?parent=170685"}],"wp:term":[{"taxonomy":"category","embeddable":true,"href":"http:\/\/www.tvturk.com\/index.php\/wp-json\/wp\/v2\/categories?post=170685"},{"taxonomy":"post_tag","embeddable":true,"href":"http:\/\/www.tvturk.com\/index.php\/wp-json\/wp\/v2\/tags?post=170685"}],"curies":[{"name":"wp","href":"https:\/\/api.w.org\/{rel}","templated":true}]}}