{"id":170689,"date":"2019-06-17T15:23:16","date_gmt":"2019-06-17T12:23:16","guid":{"rendered":"http:\/\/www.tvturk.com\/index.php\/tikadan-kamerunda-multecilere-gida-yardimi\/"},"modified":"2019-06-17T15:23:16","modified_gmt":"2019-06-17T12:23:16","slug":"tikadan-kamerunda-multecilere-gida-yardimi","status":"publish","type":"post","link":"http:\/\/www.tvturk.com\/index.php\/tikadan-kamerunda-multecilere-gida-yardimi\/","title":{"rendered":"T\u0130KA\u2019dan Kamerun\u2019da m\u00fcltecilere g\u0131da yard\u0131m\u0131"},"content":{"rendered":"<p>T\u00fcrk \u0130\u015fbirli\u011fi ve Koordinasyon Ajans\u0131 Ba\u015fkanl\u0131\u011f\u0131 (T\u0130KA), Birle\u015fmi\u015f Milletler M\u00fclteciler Y\u00fcksek Komiserli\u011fi (UNHCR) i\u015fbirli\u011finde Orta Afrika Cumhuriyeti\u2019ndeki \u00e7at\u0131\u015fmalardan ka\u00e7arak Kamerun\u2019un Yangamo Guiwa k\u00f6y\u00fcne s\u0131\u011f\u0131nan m\u00fclteci 900 aileye g\u0131da yard\u0131m\u0131nda bulundu.<\/p>\n<p>T\u0130KA taraf\u0131ndan UNHCR e\u015fg\u00fcd\u00fcm\u00fcnde Kamerun\u2019un Yangamo Guiwa k\u00f6y\u00fcnde 450 m\u00fclteci aile ile 450 Kamerunlu aileye toplam 35 ton g\u0131da yard\u0131m\u0131 da\u011f\u0131t\u0131ld\u0131. Yard\u0131mlar\u0131na da\u011f\u0131t\u0131m\u0131na T\u00fcrkiye\u2019nin Yaound\u00e9 B\u00fcy\u00fckel\u00e7isi Ay\u015fe Sara\u00e7 ve T\u0130KA Yaoun\u00e9 Program Koordinasyon Ofisi yetkilileri de kat\u0131ld\u0131. B\u00fcy\u00fckel\u00e7i Sara\u00e7, yapt\u0131\u011f\u0131 konu\u015fmada T\u00fcrkiye Cumhuriyeti\u2019nin ihtiya\u00e7 sahiplerine din, dil, \u0131rk g\u00f6zetmeksizin yard\u0131m ula\u015ft\u0131rd\u0131\u011f\u0131n\u0131 belirterek, dost Kamerun\u2019a Orta Afrika Cumhuriyeti m\u00fclteci krizinde bir nebze de olsa destek olmaktan duydu\u011fu memnuniyeti ifade etti.<\/p>\n<p>Orta Afrika Cumhuriyeti\u2019nde 2012 y\u0131l\u0131ndan bu yana ya\u015fanan dini ve etnik \u00e7at\u0131\u015fmalar nedeniyle 270 bin Orta Afrikal\u0131 m\u00fclteci, kom\u015fu \u00fclke Kamerun\u2019un Adamaoua, do\u011fu ve kuzey b\u00f6lgelerinde m\u00fclteci stat\u00fcs\u00fcnde ikamet ediyor.<\/p>\n","protected":false},"excerpt":{"rendered":"<p>T\u00dcRK \u0130\u015eB\u0130RL\u0130\u011e\u0130 VE KOORD\u0130NASYON AJANSI BA\u015eKANLI\u011eI (T\u0130KA), B\u0130RLE\u015eM\u0130\u015e M\u0130LLETLER M\u00dcLTEC\u0130LER Y\u00dcKSEK KOM\u0130SERL\u0130\u011e\u0130 (UNHCR) \u0130\u015eB\u0130RL\u0130\u011e\u0130NDE ORTA AFR\u0130KA CUMHUR\u0130YET\u0130\u2019NDEK\u0130 \u00c7ATI\u015eMALARDAN KA\u00c7ARAK KAMERUN&#8217;UN YANGAMO GU\u0130WA K\u00d6Y\u00dcNE SI\u011eINAN M\u00dcLTEC\u0130 900 A\u0130LEYE GIDA YARDIMINDA BULUNDU.<\/p>\n","protected":false},"author":1,"featured_media":0,"comment_status":"closed","ping_status":"open","sticky":false,"template":"","format":"standard","meta":{"jetpack_post_was_ever_published":false,"_jetpack_newsletter_access":"","_jetpack_dont_email_post_to_subs":false,"_jetpack_newsletter_tier_id":0,"_jetpack_memberships_contains_paywalled_content":false,"_jetpack_memberships_contains_paid_content":false,"footnotes":"","jetpack_publicize_message":"","jetpack_publicize_feature_enabled":true,"jetpack_social_post_already_shared":true,"jetpack_social_options":{"image_generator_settings":{"template":"highway","default_image_id":0,"font":"","enabled":false},"version":2}},"categories":[1],"tags":[507,41174,22271,5615,6420],"class_list":["post-170689","post","type-post","status-publish","format-standard","hentry","category-genel","tag-gida","tag-kamerunda","tag-multecilere","tag-tikadan","tag-yardimi"],"jetpack_publicize_connections":[],"jetpack_featured_media_url":"","jetpack_sharing_enabled":true,"jetpack_shortlink":"https:\/\/wp.me\/paKIfm-Ip3","_links":{"self":[{"href":"http:\/\/www.tvturk.com\/index.php\/wp-json\/wp\/v2\/posts\/170689","targetHints":{"allow":["GET"]}}],"collection":[{"href":"http:\/\/www.tvturk.com\/index.php\/wp-json\/wp\/v2\/posts"}],"about":[{"href":"http:\/\/www.tvturk.com\/index.php\/wp-json\/wp\/v2\/types\/post"}],"author":[{"embeddable":true,"href":"http:\/\/www.tvturk.com\/index.php\/wp-json\/wp\/v2\/users\/1"}],"replies":[{"embeddable":true,"href":"http:\/\/www.tvturk.com\/index.php\/wp-json\/wp\/v2\/comments?post=170689"}],"version-history":[{"count":0,"href":"http:\/\/www.tvturk.com\/index.php\/wp-json\/wp\/v2\/posts\/170689\/revisions"}],"wp:attachment":[{"href":"http:\/\/www.tvturk.com\/index.php\/wp-json\/wp\/v2\/media?parent=170689"}],"wp:term":[{"taxonomy":"category","embeddable":true,"href":"http:\/\/www.tvturk.com\/index.php\/wp-json\/wp\/v2\/categories?post=170689"},{"taxonomy":"post_tag","embeddable":true,"href":"http:\/\/www.tvturk.com\/index.php\/wp-json\/wp\/v2\/tags?post=170689"}],"curies":[{"name":"wp","href":"https:\/\/api.w.org\/{rel}","templated":true}]}}