{"id":170707,"date":"2019-06-17T15:49:01","date_gmt":"2019-06-17T12:49:01","guid":{"rendered":"http:\/\/www.tvturk.com\/index.php\/aatif-chahechouhe-antalyaspor-icin-saglik-kontrolunden-gecti\/"},"modified":"2019-06-17T15:49:01","modified_gmt":"2019-06-17T12:49:01","slug":"aatif-chahechouhe-antalyaspor-icin-saglik-kontrolunden-gecti","status":"publish","type":"post","link":"http:\/\/www.tvturk.com\/index.php\/aatif-chahechouhe-antalyaspor-icin-saglik-kontrolunden-gecti\/","title":{"rendered":"Aatif Chahechouhe, Antalyaspor i\u00e7in sa\u011fl\u0131k kontrol\u00fcnden ge\u00e7ti"},"content":{"rendered":"<p>Antalyaspor\u2019un kadrosuna katt\u0131\u011f\u0131 Fasl\u0131 futbolcu Aatif Chahechouhe, k\u0131rm\u0131z\u0131-beyazl\u0131 ekibe imza atmak i\u00e7in sa\u011fl\u0131k kontrol\u00fcnden ge\u00e7ti.<\/p>\n<p>Yeni sezon \u00f6ncesinde transfer \u00e7al\u0131\u015fmalar\u0131n\u0131 s\u00fcrd\u00fcren Antalyaspor, ilk takviyesini yapt\u0131. Ge\u00e7ti\u011fimiz sezon Fenerbah\u00e7e formas\u0131 giyen ve devre aras\u0131nda \u00c7aykur Rizespor\u2019a transfer olarak, Karadeniz ekibinin ikinci yar\u0131daki performans\u0131nda \u00f6nemli bir pay sahibi olan Aatif Chahechouhe, Antalyaspor i\u00e7in sa\u011fl\u0131k kontrol\u00fcnden ge\u00e7ti. Akdeniz ekibiyle prensipte anla\u015fmaya varan tecr\u00fcbeli futbolcu, Memorial Antalya Hastanesi\u2019ne kardiyoloji, ortopedi, n\u00f6roloji, g\u00f6z, kulak burun bo\u011faz ve genel sa\u011fl\u0131k taramalar\u0131ndan ge\u00e7ti.<\/p>\n","protected":false},"excerpt":{"rendered":"<p>AAT\u0130F CHAHECHOUHE, ANTALYASPOR \u0130\u00c7\u0130N SA\u011eLIK KONTROL\u00dcNDEN GE\u00c7T\u0130. AKDEN\u0130Z EK\u0130B\u0130YLE PRENS\u0130PTE ANLA\u015eMAYA VARAN TECR\u00dcBEL\u0130 FUTBOLCU, MEMOR\u0130AL ANTALYA HASTANES\u0130&#8217;NE KARD\u0130YOLOJ\u0130, ORTOPED\u0130, N\u00d6ROLOJ\u0130, G\u00d6Z, KULAK BURUN BO\u011eAZ VE GENEL SA\u011eLIK TARAMALARINDAN GE\u00c7T\u0130.<\/p>\n","protected":false},"author":1,"featured_media":0,"comment_status":"closed","ping_status":"open","sticky":false,"template":"","format":"standard","meta":{"jetpack_post_was_ever_published":false,"_jetpack_newsletter_access":"","_jetpack_dont_email_post_to_subs":false,"_jetpack_newsletter_tier_id":0,"_jetpack_memberships_contains_paywalled_content":false,"_jetpack_memberships_contains_paid_content":false,"footnotes":"","jetpack_publicize_message":"","jetpack_publicize_feature_enabled":true,"jetpack_social_post_already_shared":true,"jetpack_social_options":{"image_generator_settings":{"template":"highway","default_image_id":0,"font":"","enabled":false},"version":2}},"categories":[657],"tags":[41180,5058,41181,1512,44,9488,734],"class_list":["post-170707","post","type-post","status-publish","format-standard","hentry","category-spor","tag-aatif","tag-antalyaspor","tag-chahechouhe","tag-gecti","tag-icin","tag-kontrolunden","tag-saglik"],"jetpack_publicize_connections":[],"jetpack_featured_media_url":"","jetpack_sharing_enabled":true,"jetpack_shortlink":"https:\/\/wp.me\/paKIfm-Ipl","_links":{"self":[{"href":"http:\/\/www.tvturk.com\/index.php\/wp-json\/wp\/v2\/posts\/170707","targetHints":{"allow":["GET"]}}],"collection":[{"href":"http:\/\/www.tvturk.com\/index.php\/wp-json\/wp\/v2\/posts"}],"about":[{"href":"http:\/\/www.tvturk.com\/index.php\/wp-json\/wp\/v2\/types\/post"}],"author":[{"embeddable":true,"href":"http:\/\/www.tvturk.com\/index.php\/wp-json\/wp\/v2\/users\/1"}],"replies":[{"embeddable":true,"href":"http:\/\/www.tvturk.com\/index.php\/wp-json\/wp\/v2\/comments?post=170707"}],"version-history":[{"count":0,"href":"http:\/\/www.tvturk.com\/index.php\/wp-json\/wp\/v2\/posts\/170707\/revisions"}],"wp:attachment":[{"href":"http:\/\/www.tvturk.com\/index.php\/wp-json\/wp\/v2\/media?parent=170707"}],"wp:term":[{"taxonomy":"category","embeddable":true,"href":"http:\/\/www.tvturk.com\/index.php\/wp-json\/wp\/v2\/categories?post=170707"},{"taxonomy":"post_tag","embeddable":true,"href":"http:\/\/www.tvturk.com\/index.php\/wp-json\/wp\/v2\/tags?post=170707"}],"curies":[{"name":"wp","href":"https:\/\/api.w.org\/{rel}","templated":true}]}}