{"id":170737,"date":"2019-06-17T16:37:24","date_gmt":"2019-06-17T13:37:24","guid":{"rendered":"http:\/\/www.tvturk.com\/index.php\/yozgatta-dolu-nedeniyle-70-bin-dekar-alan-zarar-gordu\/"},"modified":"2019-06-17T16:37:24","modified_gmt":"2019-06-17T13:37:24","slug":"yozgatta-dolu-nedeniyle-70-bin-dekar-alan-zarar-gordu","status":"publish","type":"post","link":"http:\/\/www.tvturk.com\/index.php\/yozgatta-dolu-nedeniyle-70-bin-dekar-alan-zarar-gordu\/","title":{"rendered":"Yozgat\u2019ta dolu nedeniyle 70 bin dekar alan zarar g\u00f6rd\u00fc"},"content":{"rendered":"<p>Yozgat\u2019ta d\u00fcn ak\u015fam etkili olan \u015fiddetli ya\u011fmur ve dolu ya\u011f\u0131\u015f\u0131n\u0131n kentte olu\u015fturdu\u011fu hasar, havan\u0131n ayd\u0131nlanmas\u0131yla g\u00fcn y\u00fcz\u00fcne \u00e7\u0131kt\u0131.<\/p>\n<p>Yozgat\u2019\u0131n merkeze ba\u011fl\u0131 L\u00f6k, Top\u00e7u, G\u00f6k\u00e7ek\u0131\u015fla, Ba\u015f\u0131nayayla ve di\u011fer doludan ve su ta\u015fk\u0131nlar\u0131ndan hasar g\u00f6ren k\u00f6ylerde hasar tespit \u00e7al\u0131\u015fmalar\u0131 s\u00fcr\u00fcyor. K\u00f6ylerde dolu ve sel yerle\u015fim yerleri ile birlikte ekili ve dikili alana zarar verirken L\u00f6k k\u00f6y\u00fcnde ise 5 evin bah\u00e7e duvar\u0131, 2 ah\u0131r ve bir tand\u0131r evini y\u0131kt\u0131 ve k\u00f6yle ula\u015f\u0131m\u0131 sa\u011flayan 3 k\u00f6pr\u00fc de kullan\u0131lamaz hale geldi. Sel sular\u0131 nedeniyle yakla\u015f\u0131k 60 adet k\u00fc\u00e7\u00fckba\u015f hayvanda telef oldu.   Baz\u0131 ara\u00e7larda dolu nedeniyle hasar olu\u015furken evlerin \u00e7at\u0131lar\u0131 delindi ve g\u00fcne\u015f enerji sistemleri de zarar g\u00f6rd\u00fc.<\/p>\n<p>Yaralar\u0131n\u0131 sarmaya \u00e7al\u0131\u015fan k\u00f6y sakinleri \u00e7amur ve sularla dolan evlerinde temizlik \u00e7al\u0131\u015fmas\u0131na ba\u015flad\u0131. \u0130l \u00d6zel \u0130daresi ekipleri, L\u00f6k k\u00f6y\u00fcnde sel sular\u0131n\u0131n zarar verdi\u011fi yollarda onar\u0131m \u00e7al\u0131\u015fmas\u0131 yaparken Tar\u0131m ve Orman \u0130l M\u00fcd\u00fcrl\u00fc\u011f\u00fc ekipleri de ekili alanlarda hasar tespit \u00e7al\u0131\u015fmas\u0131na ba\u015flad\u0131.<\/p>\n<p>Di\u011fer yandan, Yozgat Ziraat Odas\u0131 Ba\u015fkan\u0131 \u0130smail A\u00e7\u0131kg\u00f6z, d\u00fcn Yozgat merkez ve \u015eefaatli il\u00e7esinde etkili olan dolunun yakla\u015f\u0131k 70 bin dekar alana zarar verdi\u011fini bildirdi. A\u00e7\u0131kg\u00f6z yapt\u0131\u011f\u0131 a\u00e7\u0131klamada, merkeze ba\u011fl\u0131 k\u00f6yler ve \u015eefaatli il\u00e7esine ba\u011fl\u0131 baz\u0131 k\u00f6ylere dolu d\u00fc\u015ft\u00fc\u011f\u00fcn\u00fc belirterek, 70 bin dekar alan\u0131n zarar g\u00f6rd\u00fc\u011f\u00fcn\u00fc \u015fuanda hasar tespit \u00e7al\u0131\u015fmalar\u0131n\u0131n s\u00fcrd\u00fc\u011f\u00fcn\u00fc s\u00f6yledi.<\/p>\n<p>L\u00f6k k\u00f6y\u00fc sakinlerinden Atilla Karabacak ise k\u00f6ydeki ekili alanlar\u0131n tamam\u0131n\u0131n doludan zarar g\u00f6rd\u00fc\u011f\u00fcn\u00fc, bu y\u0131l hasat yap\u0131lamayaca\u011f\u0131n\u0131 s\u00f6yleyerek k\u00f6y halk\u0131n\u0131n ma\u011fdur oldu\u011funu belirtti.<\/p>\n<p>Evinin \u00e7at\u0131s\u0131n\u0131n dolu nedeniyle delik de\u015fik oldu\u011funu anlatan ve evinin i\u00e7erisindeki tavanlar\u0131n \u00e7\u00f6kt\u00fc\u011f\u00fcn\u00fc belirten Sezai K\u0131l\u0131\u00e7aslan da \u201cDolu d\u00fc\u015feli 15 saat oldu, halen erimemi\u015f. Yakla\u015f\u0131k evimin halinde de 40 cm buz k\u00fctlesi haline d\u00f6n\u00fc\u015fm\u00fc\u015f. K\u00f6y\u00fcm\u00fczde maddi hasar \u00e7ok b\u00fcy\u00fck\u201d dedi.<\/p>\n","protected":false},"excerpt":{"rendered":"<p>YOZGAT\u2019TA DOLU NEDEN\u0130YLE 70 B\u0130N DEKAR ALAN ZARAR G\u00d6RD\u00dc.<\/p>\n","protected":false},"author":1,"featured_media":0,"comment_status":"closed","ping_status":"open","sticky":false,"template":"","format":"standard","meta":{"jetpack_post_was_ever_published":false,"_jetpack_newsletter_access":"","_jetpack_dont_email_post_to_subs":false,"_jetpack_newsletter_tier_id":0,"_jetpack_memberships_contains_paywalled_content":false,"_jetpack_memberships_contains_paid_content":false,"footnotes":"","jetpack_publicize_message":"","jetpack_publicize_feature_enabled":true,"jetpack_social_post_already_shared":true,"jetpack_social_options":{"image_generator_settings":{"template":"highway","default_image_id":0,"font":"","enabled":false},"version":2}},"categories":[1],"tags":[1802,213,40860,6667,244,413,4425,900],"class_list":["post-170737","post","type-post","status-publish","format-standard","hentry","category-genel","tag-alan","tag-bin","tag-dekar","tag-dolu","tag-gordu","tag-nedeniyle","tag-yozgatta","tag-zarar"],"jetpack_publicize_connections":[],"jetpack_featured_media_url":"","jetpack_sharing_enabled":true,"jetpack_shortlink":"https:\/\/wp.me\/paKIfm-IpP","_links":{"self":[{"href":"http:\/\/www.tvturk.com\/index.php\/wp-json\/wp\/v2\/posts\/170737","targetHints":{"allow":["GET"]}}],"collection":[{"href":"http:\/\/www.tvturk.com\/index.php\/wp-json\/wp\/v2\/posts"}],"about":[{"href":"http:\/\/www.tvturk.com\/index.php\/wp-json\/wp\/v2\/types\/post"}],"author":[{"embeddable":true,"href":"http:\/\/www.tvturk.com\/index.php\/wp-json\/wp\/v2\/users\/1"}],"replies":[{"embeddable":true,"href":"http:\/\/www.tvturk.com\/index.php\/wp-json\/wp\/v2\/comments?post=170737"}],"version-history":[{"count":0,"href":"http:\/\/www.tvturk.com\/index.php\/wp-json\/wp\/v2\/posts\/170737\/revisions"}],"wp:attachment":[{"href":"http:\/\/www.tvturk.com\/index.php\/wp-json\/wp\/v2\/media?parent=170737"}],"wp:term":[{"taxonomy":"category","embeddable":true,"href":"http:\/\/www.tvturk.com\/index.php\/wp-json\/wp\/v2\/categories?post=170737"},{"taxonomy":"post_tag","embeddable":true,"href":"http:\/\/www.tvturk.com\/index.php\/wp-json\/wp\/v2\/tags?post=170737"}],"curies":[{"name":"wp","href":"https:\/\/api.w.org\/{rel}","templated":true}]}}