{"id":170741,"date":"2019-06-17T16:41:32","date_gmt":"2019-06-17T13:41:32","guid":{"rendered":"http:\/\/www.tvturk.com\/index.php\/okuma-yazmaya-hazirlik-semineri-gerceklesti\/"},"modified":"2019-06-17T16:41:32","modified_gmt":"2019-06-17T13:41:32","slug":"okuma-yazmaya-hazirlik-semineri-gerceklesti","status":"publish","type":"post","link":"http:\/\/www.tvturk.com\/index.php\/okuma-yazmaya-hazirlik-semineri-gerceklesti\/","title":{"rendered":"\u201cOkuma Yazmaya Haz\u0131rl\u0131k Semineri\u201d ger\u00e7ekle\u015fti"},"content":{"rendered":"<p>Do\u00e7. Dr. Ayten D\u00fczkantar taraf\u0131ndan ger\u00e7ekle\u015ftirilen \u201cOkuma Yazmaya Haz\u0131rl\u0131k Semineri\u201dnde erken \u00e7ocukluk d\u00f6neminde akademik becerilerin \u00f6\u011frenilmesi, \u00f6zel gereksinimli \u00f6\u011frencilere ve \u00f6\u011frenme g\u00fc\u00e7l\u00fc\u011f\u00fc ya\u015fayan \u00e7ocuklar\u0131n sorunlar\u0131 ele al\u0131nd\u0131.<\/p>\n<p>Yak\u0131n Do\u011fu \u00dcniversitesi Ya\u015fam Boyu E\u011fitim Merkezi (YABEM) ve Atat\u00fcrk E\u011fitim Fak\u00fcltesi i\u015fbirli\u011fi ile \u201cOkuma Yazmaya Haz\u0131rl\u0131k Semineri\u201d ba\u015fl\u0131kl\u0131 k\u0131sa d\u00f6nemli e\u011fitim ve sertifika program\u0131 d\u00fczenlendi. \u0130leti\u015fim Fak\u00fcltesi Turuncu Salon\u2019da Do\u00e7. Dr. Ayten D\u00fczkantar taraf\u0131ndan ger\u00e7ekle\u015ftirilen seminerde, erken \u00e7ocukluk d\u00f6neminde akademik becerilerin \u00f6\u011frenilmesi, okuma yazma becerilerinin geli\u015ftirilmesi ile \u00f6zel gereksinimli \u00f6\u011frencilere ve \u00f6\u011frenme g\u00fc\u00e7l\u00fc\u011f\u00fc ya\u015fayan \u00e7ocuklar\u0131n sorunlar\u0131 ele al\u0131nd\u0131.<\/p>\n<p>Seminer, veliler, okul\u00f6ncesi \u00f6\u011fretmenleri ve \u00f6\u011fretmen adaylar\u0131 taraf\u0131ndan b\u00fcy\u00fck ilgi g\u00f6rd\u00fc.<\/p>\n<p>Akademik beceriler geli\u015ftirilmesine erken \u00e7ocukluk d\u00f6neminde ba\u015flanmal\u0131<\/p>\n<p>\u00c7ocuklu\u011fun temel atma d\u00f6nemi oldu\u011funa de\u011finen Do\u00e7. Dr. Ayten D\u00fczkantar, akademik becerilerin \u00f6\u011frenilmesine okul d\u00f6neminde ba\u015flanaca\u011f\u0131 d\u00fc\u015f\u00fcncesinin yanl\u0131\u015f oldu\u011funu ve san\u0131lan\u0131n aksine akademik becerilerin alt yap\u0131s\u0131n\u0131n erken \u00e7ocukluk d\u00f6neminde kazan\u0131ld\u0131\u011f\u0131n\u0131 ifade etti.<\/p>\n<p>Okul d\u00f6neminin okuma ve yazman\u0131n \u00f6\u011fretildi\u011fi d\u00f6nem oldu\u011funu ifade eden Do\u00e7. Dr. D\u00fczkantar, erken \u00e7ocukluk d\u00f6neminde akademik becerilerin \u00f6\u011frenilmesini kolayla\u015ft\u0131ran edinimler ve bu edinimlerin gecikmesinde al\u0131nmas\u0131 gereken \u00f6nlemlerden s\u00f6z etti. Okuma yazmaya analitik bakarak \u00f6\u011frenilebilmesi i\u00e7in \u00f6n ko\u015ful becerilerin belirlenmesini vurgulayan  Do\u00e7. Dr. D\u00fczkantar, bu becerileri \u00e7ocuklara e\u011flenceli bir bi\u00e7imde \u00f6\u011fretmenin gereklili\u011fini vurgu yapt\u0131. \u00c7ocuklar\u0131n oynarken e\u011flenerek \u00f6\u011frendi\u011fini de dile getiren Do\u00e7. Dr. D\u00fczkantar, okuma ve yazma becerilerinin sadece \u00e7izgi \u00e7izmek ve harfleri seslendirmekten ibaret olmad\u0131\u011f\u0131n\u0131 belirtti. Do\u00e7. Dr. Ayten D\u00fczkantar seminerde, okuma ve yazman\u0131n \u00f6\u011frenilmesinde g\u00fc\u00e7l\u00fck ya\u015fayan \u00e7ocuklar\u0131n sorunlar\u0131n\u0131n \u00e7\u00f6z\u00fcm\u00fcne y\u00f6nelik \u00f6neriler de sundu.<\/p>\n<p>Velilere y\u00f6nelik rehber niteli\u011fi ta\u015f\u0131yan bir seminer<\/p>\n<p>Ya\u015fam Boyu E\u011fitim Merkezi M\u00fcd\u00fcr\u00fc Do\u00e7. Dr. H\u00fcrsen de, \u00e7ocuklar\u0131n okuma ve yazma becerilerinin geli\u015fimine y\u00f6nelik ger\u00e7ekle\u015ftirilen seminerde, mevcut sorunlar\u0131n da tart\u0131\u015f\u0131ld\u0131\u011f\u0131n\u0131 s\u00f6yledi. Velilere y\u00f6nelik rehber niteli\u011fi ta\u015f\u0131yan seminerin, \u00f6\u011fretmen ve \u00f6\u011fretmen adaylar\u0131n\u0131n mesleki geli\u015fimlerine de katk\u0131 sa\u011flad\u0131\u011f\u0131n\u0131 ifade eden Do\u00e7. Dr. H\u00fcrsen, okuma yazma becerilerini kazand\u0131rma konusunda yap\u0131lan hatalara da de\u011finildi\u011fini, kat\u0131l\u0131mc\u0131lar\u0131n birbirleriyle deneyimlerini payla\u015fma f\u0131rsat\u0131 bulduklar\u0131n\u0131 ifade etti.<\/p>\n","protected":false},"excerpt":{"rendered":"<p>DO\u00c7. DR. AYTEN D\u00dcZKANTAR TARAFINDAN GER\u00c7EKLE\u015eT\u0130R\u0130LEN \u201cOKUMA YAZMAYA HAZIRLIK SEM\u0130NER\u0130\u201dNDE ERKEN \u00c7OCUKLUK D\u00d6NEM\u0130NDE AKADEM\u0130K BECER\u0130LER\u0130N \u00d6\u011eREN\u0130LMES\u0130, \u00d6ZEL GEREKS\u0130N\u0130ML\u0130 \u00d6\u011eRENC\u0130LERE VE \u00d6\u011eRENME G\u00dc\u00c7L\u00dc\u011e\u00dc YA\u015eAYAN \u00c7OCUKLARIN SORUNLARI ELE ALINDI.<\/p>\n","protected":false},"author":1,"featured_media":0,"comment_status":"closed","ping_status":"open","sticky":false,"template":"","format":"standard","meta":{"jetpack_post_was_ever_published":false,"_jetpack_newsletter_access":"","_jetpack_dont_email_post_to_subs":false,"_jetpack_newsletter_tier_id":0,"_jetpack_memberships_contains_paywalled_content":false,"_jetpack_memberships_contains_paid_content":false,"footnotes":"","jetpack_publicize_message":"","jetpack_publicize_feature_enabled":true,"jetpack_social_post_already_shared":true,"jetpack_social_options":{"image_generator_settings":{"template":"highway","default_image_id":0,"font":"","enabled":false},"version":2}},"categories":[1],"tags":[8901,9967,3620,895,4207],"class_list":["post-170741","post","type-post","status-publish","format-standard","hentry","category-genel","tag-gerceklesti","tag-hazirlik","tag-okuma","tag-semineri","tag-yazmaya"],"jetpack_publicize_connections":[],"jetpack_featured_media_url":"","jetpack_sharing_enabled":true,"jetpack_shortlink":"https:\/\/wp.me\/paKIfm-IpT","_links":{"self":[{"href":"http:\/\/www.tvturk.com\/index.php\/wp-json\/wp\/v2\/posts\/170741","targetHints":{"allow":["GET"]}}],"collection":[{"href":"http:\/\/www.tvturk.com\/index.php\/wp-json\/wp\/v2\/posts"}],"about":[{"href":"http:\/\/www.tvturk.com\/index.php\/wp-json\/wp\/v2\/types\/post"}],"author":[{"embeddable":true,"href":"http:\/\/www.tvturk.com\/index.php\/wp-json\/wp\/v2\/users\/1"}],"replies":[{"embeddable":true,"href":"http:\/\/www.tvturk.com\/index.php\/wp-json\/wp\/v2\/comments?post=170741"}],"version-history":[{"count":0,"href":"http:\/\/www.tvturk.com\/index.php\/wp-json\/wp\/v2\/posts\/170741\/revisions"}],"wp:attachment":[{"href":"http:\/\/www.tvturk.com\/index.php\/wp-json\/wp\/v2\/media?parent=170741"}],"wp:term":[{"taxonomy":"category","embeddable":true,"href":"http:\/\/www.tvturk.com\/index.php\/wp-json\/wp\/v2\/categories?post=170741"},{"taxonomy":"post_tag","embeddable":true,"href":"http:\/\/www.tvturk.com\/index.php\/wp-json\/wp\/v2\/tags?post=170741"}],"curies":[{"name":"wp","href":"https:\/\/api.w.org\/{rel}","templated":true}]}}