{"id":170775,"date":"2019-06-17T17:28:14","date_gmt":"2019-06-17T14:28:14","guid":{"rendered":"http:\/\/www.tvturk.com\/index.php\/kjaer-ve-ailesi-turkiyede\/"},"modified":"2019-06-17T17:28:14","modified_gmt":"2019-06-17T14:28:14","slug":"kjaer-ve-ailesi-turkiyede","status":"publish","type":"post","link":"http:\/\/www.tvturk.com\/index.php\/kjaer-ve-ailesi-turkiyede\/","title":{"rendered":"Kjaer ve ailesi T\u00fcrkiye\u2019de"},"content":{"rendered":"<p>Ad\u0131 Fenerbah\u00e7e ile an\u0131lan Danimarkal\u0131 savunmac\u0131 Simon Kjaer, ailesiyle birlikte tatil i\u00e7in T\u00fcrkiye\u2019ye geldi.<\/p>\n<p>\u0130spanya\u2019n\u0131n Sevilla tak\u0131mda forma giyen ve yaz transfer d\u00f6nemi i\u00e7in ad\u0131 Fenerbah\u00e7e ile an\u0131lan Simon Kjaer, tatil i\u00e7in rotas\u0131n\u0131 T\u00fcrkiye\u2019ye \u00e7evirdi. Bug\u00fcn \u00f6\u011fle saatlerinde \u0130stanbul\u2019a inen Danimarkal\u0131 oyuncu, 2 y\u0131l sar\u0131-lacivertli tak\u0131mda forma giymi\u015fti. 2017 y\u0131l\u0131n\u0131n Temmuz ay\u0131nda Sevilla\u2019ya transfer olan 30 ya\u015f\u0131ndaki savunmac\u0131n\u0131n \u0130spanyol ekibiyle 2021 y\u0131l\u0131na kadar s\u00f6zle\u015fmesi bulunuyor.<\/p>\n<p>Kjaer\u2019in e\u015fi Gollert Kjaer, sosyal medya hesab\u0131ndan \u0130stanbul\u2019u ve 15 Temmuz \u015eehitler K\u00f6pr\u00fcs\u00fc\u2019n\u00fcn foto\u011fraf\u0131n\u0131 payla\u015farak, \u201cTatil i\u00e7in g\u00fczel \u015fehir\u201d notunu yazd\u0131.<\/p>\n","protected":false},"excerpt":{"rendered":"<p>ADI FENERBAH\u00c7E \u0130LE ANILAN DAN\u0130MARKALI SAVUNMACI S\u0130MON KJAER, A\u0130LES\u0130YLE B\u0130RL\u0130KTE TAT\u0130L \u0130\u00c7\u0130N T\u00dcRK\u0130YE\u2019YE GELD\u0130. KJAER\u2019\u0130N E\u015e\u0130 GOLLERT KJAER, SOSYAL MEDYA HESABINDAN \u0130STANBUL\u2019U VE 15 TEMMUZ \u015eEH\u0130TLER K\u00d6PR\u00dcS\u00dc\u2019N\u00dcN FOTO\u011eRAFINI PAYLA\u015eARAK, \u201cTAT\u0130L \u0130\u00c7\u0130N G\u00dcZEL \u015eEH\u0130R\u201d NOTUNU YAZDI.<\/p>\n","protected":false},"author":1,"featured_media":0,"comment_status":"closed","ping_status":"open","sticky":false,"template":"","format":"standard","meta":{"jetpack_post_was_ever_published":false,"_jetpack_newsletter_access":"","_jetpack_dont_email_post_to_subs":false,"_jetpack_newsletter_tier_id":0,"_jetpack_memberships_contains_paywalled_content":false,"_jetpack_memberships_contains_paid_content":false,"footnotes":"","jetpack_publicize_message":"","jetpack_publicize_feature_enabled":true,"jetpack_social_post_already_shared":true,"jetpack_social_options":{"image_generator_settings":{"template":"highway","default_image_id":0,"font":"","enabled":false},"version":2}},"categories":[657],"tags":[7558,41199,2383],"class_list":["post-170775","post","type-post","status-publish","format-standard","hentry","category-spor","tag-ailesi","tag-kjaer","tag-turkiyede"],"jetpack_publicize_connections":[],"jetpack_featured_media_url":"","jetpack_sharing_enabled":true,"jetpack_shortlink":"https:\/\/wp.me\/paKIfm-Iqr","_links":{"self":[{"href":"http:\/\/www.tvturk.com\/index.php\/wp-json\/wp\/v2\/posts\/170775","targetHints":{"allow":["GET"]}}],"collection":[{"href":"http:\/\/www.tvturk.com\/index.php\/wp-json\/wp\/v2\/posts"}],"about":[{"href":"http:\/\/www.tvturk.com\/index.php\/wp-json\/wp\/v2\/types\/post"}],"author":[{"embeddable":true,"href":"http:\/\/www.tvturk.com\/index.php\/wp-json\/wp\/v2\/users\/1"}],"replies":[{"embeddable":true,"href":"http:\/\/www.tvturk.com\/index.php\/wp-json\/wp\/v2\/comments?post=170775"}],"version-history":[{"count":0,"href":"http:\/\/www.tvturk.com\/index.php\/wp-json\/wp\/v2\/posts\/170775\/revisions"}],"wp:attachment":[{"href":"http:\/\/www.tvturk.com\/index.php\/wp-json\/wp\/v2\/media?parent=170775"}],"wp:term":[{"taxonomy":"category","embeddable":true,"href":"http:\/\/www.tvturk.com\/index.php\/wp-json\/wp\/v2\/categories?post=170775"},{"taxonomy":"post_tag","embeddable":true,"href":"http:\/\/www.tvturk.com\/index.php\/wp-json\/wp\/v2\/tags?post=170775"}],"curies":[{"name":"wp","href":"https:\/\/api.w.org\/{rel}","templated":true}]}}