{"id":170783,"date":"2019-06-17T17:43:23","date_gmt":"2019-06-17T14:43:23","guid":{"rendered":"http:\/\/www.tvturk.com\/index.php\/zerzevan-kalesinde-kultur-ve-turizm-bakanligi-ve-safir-tuz-arasinda-sponsorluk-imza-toreni-gerceklesti\/"},"modified":"2019-06-17T17:43:23","modified_gmt":"2019-06-17T14:43:23","slug":"zerzevan-kalesinde-kultur-ve-turizm-bakanligi-ve-safir-tuz-arasinda-sponsorluk-imza-toreni-gerceklesti","status":"publish","type":"post","link":"http:\/\/www.tvturk.com\/index.php\/zerzevan-kalesinde-kultur-ve-turizm-bakanligi-ve-safir-tuz-arasinda-sponsorluk-imza-toreni-gerceklesti\/","title":{"rendered":"Zerzevan Kalesi\u2019nde K\u00fclt\u00fcr ve Turizm Bakanl\u0131\u011f\u0131 ve Safir tuz aras\u0131nda sponsorluk imza t\u00f6reni ger\u00e7ekle\u015fti"},"content":{"rendered":"<p>Tarihi Zerzevan Kalesi\u2019nde K\u00fclt\u00fcr ve Turizm Bakanl\u0131\u011f\u0131 ile Safir Tuz aras\u0131nda Zerzevan Kalesi kaz\u0131 sponsorluk protokol\u00fc imza t\u00f6reni ger\u00e7ekle\u015fti.<\/p>\n<p>\u00c7\u0131nar il\u00e7esinde bulunan Zerzevan Kalesi\u2019nde sponsorluk imza t\u00f6reni ger\u00e7ekle\u015fti. D\u00fczenlenen imza t\u00f6renine Cumhurba\u015fkan\u0131 Ba\u015fdan\u0131\u015fman\u0131 Veysel Bekta\u015f, K\u00fclt\u00fcr ve Turizm Bakan Yard\u0131mc\u0131s\u0131 Nadir Alpaslan, Safir Tuz Y\u00f6netim Kurulu Ba\u015fkan\u0131 Nihat \u00d6zp\u0131nar, \u00c7\u0131nar Kaymakam\u0131 Selim Kaya ve davetliler kat\u0131ld\u0131.<\/p>\n<p>K\u00fclt\u00fcr ve Turizm Bakan Yard\u0131mc\u0131s\u0131 Nadir Alparslan, \u00fclkenin ola\u011fan\u00fcst\u00fc k\u00fclt\u00fcrel mirasa, k\u00fclt\u00fcrel de\u011fere ve g\u00fczel bir hazineye sahip oldu\u011funu s\u00f6yledi. Bu hazinenin fark\u0131nda ve sorumlulu\u011funda olarak bunun hem insanlara hem gelecek ku\u015faklara ve d\u00fcnya insanlar\u0131n\u0131n hizmetine sunmak i\u00e7in \u00e7ok yo\u011fun bir \u00e7al\u0131\u015fma ve sorumluluk anlay\u0131\u015f\u0131yla hareket etmekte olduklar\u0131n\u0131 belirten Bakan Yard\u0131mc\u0131s\u0131 Alparslan, \u201cBu \u00e7er\u00e7evede biz bakanl\u0131k olarak i\u00e7inde bulundu\u011fumuz bu k\u00fclt\u00fcrel miras\u0131n \u00f6nemli par\u00e7alar\u0131ndan bir tanesi olan Zerzevan Kalesi\u2019ndeki kaz\u0131lar\u0131n bilimsel kriterlere uygun ama h\u0131zl\u0131 etkin verimli bir \u015fekilde nas\u0131l daha h\u0131zland\u0131r\u0131r\u0131z bunlar\u0131n aray\u0131\u015f\u0131 i\u00e7erisindeyiz. Bu \u00e7er\u00e7evede biz bakanl\u0131k olarak Zerzevan Kalesi\u2019ndeki kaz\u0131lar\u0131n 12 ay boyunca s\u00fcrd\u00fcr\u00fclmesi i\u00e7in 20 kaz\u0131 aras\u0131na dahi ettik. Bakanl\u0131k imkanlar\u0131m\u0131z\u0131 gerek personel gerek finansman anlam\u0131nda her t\u00fcrl\u00fc destek ve katk\u0131n\u0131n sa\u011flanmas\u0131 konusunda bakanl\u0131k imkanlar\u0131m\u0131z\u0131 devreye ald\u0131k. Tabii bir sevindirici geli\u015fme daha oldu. Safir tuz gibi yerli ve milli bir kurulu\u015fumuz bu b\u00f6lgenin insan\u0131 olarak yeti\u015fmi\u015f ve \u00f6nemli bir i\u015f yapan Safir Tuz y\u00f6netim kurulu ba\u015fkan\u0131 ve Safir Tuz \u00e7al\u0131\u015fanlar\u0131 bu kaz\u0131ya 20 y\u0131l biraz \u00f6ncede mutlu bir \u015fekilde duyduk ki, tabi bu 20 y\u0131lla da s\u0131n\u0131rl\u0131 de\u011fil. Kurulacak vak\u0131fla bu kaz\u0131 s\u00fcrd\u00fc\u011f\u00fc m\u00fcddet\u00e7e, bu kale durdu\u011fu m\u00fcddet\u00e7e vak\u0131f olarak kendi \u00fczerlerine d\u00fc\u015fen sorumluluklar\u0131nda bizim devletimizle, bakanl\u0131\u011f\u0131m\u0131zla getirdi\u011fimiz sorumlulukla beraber safir tuzla nice y\u0131llar boyunca bu kaz\u0131ya, bu kaleye gerekli destekleri sa\u011flayacaklar&#8221; dedi.<\/p>\n<p>\u201cGe\u00e7en y\u0131l 378 bin civar\u0131nda ziyaret\u00e7i buray\u0131 ziyaret etti\u201d<\/p>\n<p>Bununla beraber kalede daha h\u0131zl\u0131 bir \u015fekilde insanlar\u0131n hizmetine sunulacak ve gerekli koruma tedbirleri al\u0131naca\u011f\u0131n\u0131 ifade eden Bakan Yard\u0131mc\u0131s\u0131 Alparslan, s\u00f6zlerini \u015f\u00f6yle s\u00fcrd\u00fcrd\u00fc:<\/p>\n<p>\u201cGe\u00e7en y\u0131l 378 bin civar\u0131nda ziyaret\u00e7i buray\u0131 ziyaret etti. Bu y\u0131l bu say\u0131lar\u0131n milyona yakla\u015fmas\u0131n\u0131 bekliyoruz. Her y\u0131l artan say\u0131larla buras\u0131 d\u00fcnyan\u0131n \u00f6nemli \u00e7ekim merkezlerinden birisi olacak. G\u00fcneydo\u011fu b\u00f6lgemiz, Diyarbak\u0131r b\u00f6lgemiz \u00e7ok \u00f6nemli k\u00fclt\u00fcrel de\u011ferlere sahip. \u0130nsanlar uzunca s\u00fcre gelip Zerzevan Kalesi Diyarbak\u0131r Surlar\u0131, i\u00e7 kalemiz di\u011fer t\u00fcm k\u00fclt\u00fcrel de\u011ferlerle beraber b\u00f6lgeyi ziyaret edecek. \u0130nsanl\u0131k tarihini g\u00f6rm\u00fc\u015f olacak.\u201d<\/p>\n","protected":false},"excerpt":{"rendered":"<p>K\u00dcLT\u00dcR VE TUR\u0130ZM BAKAN YARDIMCISI NAD\u0130R ALPARSLAN, \u00dcLKE OLA\u011eAN\u00dcST\u00dc K\u00dcLT\u00dcREL M\u0130RASA, K\u00dcLT\u00dcREL DE\u011eERE B\u0130R HAZ\u0130NEYE SAH\u0130P OLDU\u011eUNU S\u00d6YLED\u0130.<\/p>\n","protected":false},"author":1,"featured_media":0,"comment_status":"closed","ping_status":"open","sticky":false,"template":"","format":"standard","meta":{"jetpack_post_was_ever_published":false,"_jetpack_newsletter_access":"","_jetpack_dont_email_post_to_subs":false,"_jetpack_newsletter_tier_id":0,"_jetpack_memberships_contains_paywalled_content":false,"_jetpack_memberships_contains_paid_content":false,"footnotes":"","jetpack_publicize_message":"","jetpack_publicize_feature_enabled":true,"jetpack_social_post_already_shared":true,"jetpack_social_options":{"image_generator_settings":{"template":"highway","default_image_id":0,"font":"","enabled":false},"version":2}},"categories":[1],"tags":[1882,9825,8901,4434,18726,630,41200,24948,187,2184,11578,30387],"class_list":["post-170783","post","type-post","status-publish","format-standard","hentry","category-genel","tag-arasinda","tag-bakanligi","tag-gerceklesti","tag-imza","tag-kalesinde","tag-kultur","tag-safir","tag-sponsorluk","tag-toreni","tag-turizm","tag-tuz","tag-zerzevan"],"jetpack_publicize_connections":[],"jetpack_featured_media_url":"","jetpack_sharing_enabled":true,"jetpack_shortlink":"https:\/\/wp.me\/paKIfm-Iqz","_links":{"self":[{"href":"http:\/\/www.tvturk.com\/index.php\/wp-json\/wp\/v2\/posts\/170783","targetHints":{"allow":["GET"]}}],"collection":[{"href":"http:\/\/www.tvturk.com\/index.php\/wp-json\/wp\/v2\/posts"}],"about":[{"href":"http:\/\/www.tvturk.com\/index.php\/wp-json\/wp\/v2\/types\/post"}],"author":[{"embeddable":true,"href":"http:\/\/www.tvturk.com\/index.php\/wp-json\/wp\/v2\/users\/1"}],"replies":[{"embeddable":true,"href":"http:\/\/www.tvturk.com\/index.php\/wp-json\/wp\/v2\/comments?post=170783"}],"version-history":[{"count":0,"href":"http:\/\/www.tvturk.com\/index.php\/wp-json\/wp\/v2\/posts\/170783\/revisions"}],"wp:attachment":[{"href":"http:\/\/www.tvturk.com\/index.php\/wp-json\/wp\/v2\/media?parent=170783"}],"wp:term":[{"taxonomy":"category","embeddable":true,"href":"http:\/\/www.tvturk.com\/index.php\/wp-json\/wp\/v2\/categories?post=170783"},{"taxonomy":"post_tag","embeddable":true,"href":"http:\/\/www.tvturk.com\/index.php\/wp-json\/wp\/v2\/tags?post=170783"}],"curies":[{"name":"wp","href":"https:\/\/api.w.org\/{rel}","templated":true}]}}