{"id":170797,"date":"2019-06-17T18:10:11","date_gmt":"2019-06-17T15:10:11","guid":{"rendered":"http:\/\/www.tvturk.com\/index.php\/mustafa-denizli-irana-gitti\/"},"modified":"2019-06-17T18:10:11","modified_gmt":"2019-06-17T15:10:11","slug":"mustafa-denizli-irana-gitti","status":"publish","type":"post","link":"http:\/\/www.tvturk.com\/index.php\/mustafa-denizli-irana-gitti\/","title":{"rendered":"Mustafa Denizli \u0130ran\u2019a gitti"},"content":{"rendered":"<p>\u0130ran Pers K\u00f6rfez Pro Ligi ekiplerinden Trakt\u00f6r Sazi ile anla\u015fan deneyimli teknik adam Mustafa Denizli, yeni tak\u0131m\u0131yla \u00e7al\u0131\u015fmalara ba\u015flamak \u00fczere bu \u00fclkeye gitti.<\/p>\n<p>Son olarak S\u00fcper Lig\u2019de Kas\u0131mpa\u015fa\u2019n\u0131n ba\u015f\u0131nda bulunan Teknik Direkt\u00f6r Mustafa Denizli, ge\u00e7ti\u011fimiz g\u00fcnlerde \u0130ran ekibi Trakt\u00f6r Sazi ile anla\u015fma sa\u011flam\u0131\u015ft\u0131. Tecr\u00fcbeli \u00e7al\u0131\u015ft\u0131r\u0131c\u0131, bug\u00fcn de \u0130stanbul Havaliman\u0131\u2019ndan Urmiye kentine gitti. U\u00e7u\u015f \u00f6ncesinde bas\u0131n mensuplar\u0131na a\u00e7\u0131klamalarda bulunan Denizli, &#8220;Daha \u00f6nce Tahran\u2019dayd\u0131m, \u015fimdi Tebriz\u2019de olaca\u011f\u0131m. T\u00fcrklerin destek verdi\u011fi tak\u0131mla birlikte olaca\u011f\u0131z. \u0130n\u015fallah beklentileri kar\u015f\u0131lar\u0131z. Gidince k\u0131sa bir \u00e7al\u0131\u015fma yapaca\u011f\u0131z, kamp ve kadro ile ilgili. A\u015fa\u011f\u0131 yukar\u0131 40 g\u00fcn sonra da lig ma\u00e7lar\u0131 ba\u015fl\u0131yor. Benim i\u00e7in \u00f6nemli olan hem tak\u0131m\u0131n ba\u015far\u0131l\u0131 olmas\u0131 hem de iki \u00fclke aras\u0131ndaki yak\u0131n ili\u015fkilere katk\u0131da bulunabilmek&#8221; \u015feklinde konu\u015ftu.<\/p>\n<p>\u0130ran\u2019da kurallar gere\u011fi sadece 3 yabanc\u0131 futbolcu transferi hakk\u0131n\u0131n bulundu\u011funu ve mevcut durumda da 2 tane yabanc\u0131n\u0131n zaten tak\u0131m\u0131n kadrosunda yer ald\u0131\u011f\u0131n\u0131 dile getiren Mustafa Denizli, son transfer hakk\u0131n\u0131 bir T\u00fcrk futbolcudan yana kullan\u0131p kullanamayaca\u011f\u0131na karar vermedi\u011fini s\u00f6yledi.<\/p>\n<p>Denizli, Trakt\u00f6r Sazi y\u00f6neticilerinin 3 y\u0131ll\u0131k bir kontrat \u00f6nerdi\u011fini ancak kendisinin 1 y\u0131ll\u0131k s\u00f6zle\u015fme imzalaman\u0131n daha uygun olaca\u011f\u0131n\u0131 belirterek bu \u015fekilde anla\u015fma sa\u011flad\u0131klar\u0131n\u0131 dile getirdi.<\/p>\n","protected":false},"excerpt":{"rendered":"<p>\u0130RAN PERS K\u00d6RFEZ PRO L\u0130G\u0130 EK\u0130PLER\u0130NDEN TRAKT\u00d6R SAZ\u0130 \u0130LE ANLA\u015eAN DENEY\u0130ML\u0130 TEKN\u0130K ADAM MUSTAFA DEN\u0130ZL\u0130, YEN\u0130 TAKIMIYLA \u00c7ALI\u015eMALARA BA\u015eLAMAK \u00dcZERE BU \u00dcLKEYE G\u0130TT\u0130.<\/p>\n","protected":false},"author":1,"featured_media":0,"comment_status":"closed","ping_status":"open","sticky":false,"template":"","format":"standard","meta":{"jetpack_post_was_ever_published":false,"_jetpack_newsletter_access":"","_jetpack_dont_email_post_to_subs":false,"_jetpack_newsletter_tier_id":0,"_jetpack_memberships_contains_paywalled_content":false,"_jetpack_memberships_contains_paid_content":false,"footnotes":"","jetpack_publicize_message":"","jetpack_publicize_feature_enabled":true,"jetpack_social_post_already_shared":true,"jetpack_social_options":{"image_generator_settings":{"template":"highway","default_image_id":0,"font":"","enabled":false},"version":2}},"categories":[657],"tags":[2553,1601,12974,159],"class_list":["post-170797","post","type-post","status-publish","format-standard","hentry","category-spor","tag-denizli","tag-gitti","tag-irana","tag-mustafa"],"jetpack_publicize_connections":[],"jetpack_featured_media_url":"","jetpack_sharing_enabled":true,"jetpack_shortlink":"https:\/\/wp.me\/paKIfm-IqN","_links":{"self":[{"href":"http:\/\/www.tvturk.com\/index.php\/wp-json\/wp\/v2\/posts\/170797","targetHints":{"allow":["GET"]}}],"collection":[{"href":"http:\/\/www.tvturk.com\/index.php\/wp-json\/wp\/v2\/posts"}],"about":[{"href":"http:\/\/www.tvturk.com\/index.php\/wp-json\/wp\/v2\/types\/post"}],"author":[{"embeddable":true,"href":"http:\/\/www.tvturk.com\/index.php\/wp-json\/wp\/v2\/users\/1"}],"replies":[{"embeddable":true,"href":"http:\/\/www.tvturk.com\/index.php\/wp-json\/wp\/v2\/comments?post=170797"}],"version-history":[{"count":0,"href":"http:\/\/www.tvturk.com\/index.php\/wp-json\/wp\/v2\/posts\/170797\/revisions"}],"wp:attachment":[{"href":"http:\/\/www.tvturk.com\/index.php\/wp-json\/wp\/v2\/media?parent=170797"}],"wp:term":[{"taxonomy":"category","embeddable":true,"href":"http:\/\/www.tvturk.com\/index.php\/wp-json\/wp\/v2\/categories?post=170797"},{"taxonomy":"post_tag","embeddable":true,"href":"http:\/\/www.tvturk.com\/index.php\/wp-json\/wp\/v2\/tags?post=170797"}],"curies":[{"name":"wp","href":"https:\/\/api.w.org\/{rel}","templated":true}]}}