{"id":170805,"date":"2019-06-17T18:28:17","date_gmt":"2019-06-17T15:28:17","guid":{"rendered":"http:\/\/www.tvturk.com\/index.php\/dolu-ve-yagis-bileciki-vurdu\/"},"modified":"2019-06-17T18:28:17","modified_gmt":"2019-06-17T15:28:17","slug":"dolu-ve-yagis-bileciki-vurdu","status":"publish","type":"post","link":"http:\/\/www.tvturk.com\/index.php\/dolu-ve-yagis-bileciki-vurdu\/","title":{"rendered":"Dolu ve ya\u011f\u0131\u015f Bilecik\u2019i vurdu"},"content":{"rendered":"<p>Bilecik\u2019te aniden bast\u0131ran ya\u011f\u0131\u015fla birlikte dolu vatanda\u015flara zor anlar ya\u015fat\u0131rken, \u00e7ok say\u0131da i\u015fyerini sular bast\u0131.<\/p>\n<p>Bilecik\u2019te \u00f6\u011fleden sonra aniden bast\u0131ran \u015fiddetli ya\u011f\u0131\u015f akabinde doluya \u00e7evirdi. \u015eiddetli ya\u011f\u0131\u015f Bilecik\u2019in en i\u015flek caddesi olan Atat\u00fcrk ve Teyfikbey  caddelerinde \u00e7o\u011fu i\u015f yerinin sularla dolmas\u0131na neden olurken, \u015fiddetli ya\u011f\u0131\u015ftan her hafta pazartesi g\u00fcn\u00fc kurulan kapal\u0131 pazarda nasibini ald\u0131. Pazarc\u0131lar ellerindeki \u00e7ek \u00e7eklerle sular\u0131 d\u0131\u015far\u0131 atarken, bir \u00e7ok tezgah zarar g\u00f6rd\u00fc. Bah\u00e7elievler Mahallesinde Mehmet\u00e7ik sokak \u00fczerinde daha \u00f6nceden kafeterya olarak kullan\u0131lan i\u015f yeri defalarca sel suyuna maruz kal\u0131rken, i\u015f yeri sahibi ya\u015fanan olaydan sonra buray\u0131 bo\u015faltm\u0131\u015ft\u0131. Buray\u0131 kiralayan bir marketler zinciri selden nasibini ald\u0131. M\u00fc\u015fteriler i\u00e7eride mahsur kal\u0131rken, \u00e7al\u0131\u015fanlar i\u015f yerini bo\u015faltt\u0131. Yer yer 1 metreye kadar sular vatanda\u015flardan kendilerini zor kurtard\u0131.<\/p>\n","protected":false},"excerpt":{"rendered":"<p>DOLU VE YA\u011eI\u015e B\u0130LEC\u0130K&#8217;\u0130 VURDU<\/p>\n","protected":false},"author":1,"featured_media":0,"comment_status":"closed","ping_status":"open","sticky":false,"template":"","format":"standard","meta":{"jetpack_post_was_ever_published":false,"_jetpack_newsletter_access":"","_jetpack_dont_email_post_to_subs":false,"_jetpack_newsletter_tier_id":0,"_jetpack_memberships_contains_paywalled_content":false,"_jetpack_memberships_contains_paid_content":false,"footnotes":"","jetpack_publicize_message":"","jetpack_publicize_feature_enabled":true,"jetpack_social_post_already_shared":true,"jetpack_social_options":{"image_generator_settings":{"template":"highway","default_image_id":0,"font":"","enabled":false},"version":2}},"categories":[1],"tags":[41204,6667,2180,1577],"class_list":["post-170805","post","type-post","status-publish","format-standard","hentry","category-genel","tag-bileciki","tag-dolu","tag-vurdu","tag-yagis"],"jetpack_publicize_connections":[],"jetpack_featured_media_url":"","jetpack_sharing_enabled":true,"jetpack_shortlink":"https:\/\/wp.me\/paKIfm-IqV","_links":{"self":[{"href":"http:\/\/www.tvturk.com\/index.php\/wp-json\/wp\/v2\/posts\/170805","targetHints":{"allow":["GET"]}}],"collection":[{"href":"http:\/\/www.tvturk.com\/index.php\/wp-json\/wp\/v2\/posts"}],"about":[{"href":"http:\/\/www.tvturk.com\/index.php\/wp-json\/wp\/v2\/types\/post"}],"author":[{"embeddable":true,"href":"http:\/\/www.tvturk.com\/index.php\/wp-json\/wp\/v2\/users\/1"}],"replies":[{"embeddable":true,"href":"http:\/\/www.tvturk.com\/index.php\/wp-json\/wp\/v2\/comments?post=170805"}],"version-history":[{"count":0,"href":"http:\/\/www.tvturk.com\/index.php\/wp-json\/wp\/v2\/posts\/170805\/revisions"}],"wp:attachment":[{"href":"http:\/\/www.tvturk.com\/index.php\/wp-json\/wp\/v2\/media?parent=170805"}],"wp:term":[{"taxonomy":"category","embeddable":true,"href":"http:\/\/www.tvturk.com\/index.php\/wp-json\/wp\/v2\/categories?post=170805"},{"taxonomy":"post_tag","embeddable":true,"href":"http:\/\/www.tvturk.com\/index.php\/wp-json\/wp\/v2\/tags?post=170805"}],"curies":[{"name":"wp","href":"https:\/\/api.w.org\/{rel}","templated":true}]}}