{"id":170813,"date":"2019-06-17T18:37:24","date_gmt":"2019-06-17T15:37:24","guid":{"rendered":"http:\/\/www.tvturk.com\/index.php\/3-vatandasi-ayi-esaretinden-kurtaran-polisler-konustu\/"},"modified":"2019-06-17T18:37:24","modified_gmt":"2019-06-17T15:37:24","slug":"3-vatandasi-ayi-esaretinden-kurtaran-polisler-konustu","status":"publish","type":"post","link":"http:\/\/www.tvturk.com\/index.php\/3-vatandasi-ayi-esaretinden-kurtaran-polisler-konustu\/","title":{"rendered":"3 vatanda\u015f\u0131 ay\u0131 esaretinden kurtaran polisler konu\u015ftu"},"content":{"rendered":"<p>Kastamonu\u2019nun A\u011fl\u0131 il\u00e7esinde ormanda kesim yapan 3 i\u015f\u00e7iyi ay\u0131 ve 2 yavrusunun esaretinden kurtaran kahraman polisler konu\u015ftu. Polis memurlar\u0131, kolluk kuvvetlerinin g\u00f6revinin su\u00e7u \u00f6nlemek, su\u00e7luyu yakalamak olmad\u0131\u011f\u0131n\u0131, ayn\u0131 \u015fekilde vatanda\u015flar\u0131n can ve mal g\u00fcvenli\u011fini sa\u011flamak oldu\u011funu kaydetti.<\/p>\n<p>Kastamonu\u2019nun A\u011fl\u0131 il\u00e7esine ba\u011fl\u0131 Dikmen Mahallesi\u2019nde cuma g\u00fcn\u00fc ormanl\u0131k alanda kesim i\u015fi ile u\u011fra\u015fan 3 i\u015f\u00e7iyi, bir ay\u0131 ve 2 yavrusu \u2018rehin\u2019 ald\u0131. Yakla\u015f\u0131k 1 saat anne ay\u0131 ile 2 yavrusunu bulunduklar\u0131 b\u00f6lgeden uzakla\u015ft\u0131rmaya \u00e7al\u0131\u015fan i\u015f\u00e7iler ba\u015far\u0131l\u0131 olamay\u0131nca durumu \u00f6nce 156 jandarma \u0130hbar Hatt\u0131na, olay\u0131n ge\u00e7ti\u011fi b\u00f6lgenin polis sorumluluk b\u00f6lgesi olmas\u0131 nedeniyle 155 Polis \u0130mdat Hatt\u0131\u2019na bildirdi.<\/p>\n<p>\u0130hbar\u0131 al\u0131r almaz 7 dakika gibi \u00e7ok k\u0131sa bir s\u00fcrede olay yerine ula\u015fan polis ekipleri, k\u0131sa bir y\u00fcr\u00fcy\u00fc\u015f\u00fcn ard\u0131ndan i\u015f\u00e7ilerin bulundu\u011fu alana ula\u015ft\u0131. Anne ay\u0131 ve yavrular\u0131n\u0131n hala b\u00f6lgede oldu\u011funu \u00f6\u011frenen polis ekipleri havaya birka\u00e7 el ate\u015f ederek ay\u0131lar\u0131n b\u00f6lgeden uzakla\u015fmas\u0131n\u0131 sa\u011flad\u0131.<\/p>\n<p>Trakt\u00f6r \u00fczerinde korkmu\u015f bir vaziyette bulunan 3 i\u015f\u00e7i polis ekiplerinin kontrol\u00fcnde A\u011fl\u0131 il\u00e7e merkezinde getirildi. Olay\u0131n \u015fokunu uzun s\u00fcre \u00fczerinden atamayan i\u015f\u00e7ileri polis ekipleri sakinle\u015ftirdi.<\/p>\n<p>Ormanl\u0131k alanda kesim yapt\u0131klar\u0131 esnada anne ay\u0131 ve 2 yavrusu taraf\u0131ndan yakla\u015f\u0131k 1 saat esir al\u0131nan ve polis ekipleri sayesinde kurtulan Mustafa Er, Ceyhun \u00d6zde\u015f ve R\u0131dvan Kul adl\u0131 3 i\u015f\u00e7i kendilerini ay\u0131 sald\u0131r\u0131s\u0131ndan kurtaran polis ekiplerine te\u015fekk\u00fcr ziyaretinde bulundu.<\/p>\n<p>Polislere elleriyle tatl\u0131 ikram eden Mustafa Er, Ceyhun \u00d6zde\u015f ve R\u0131dvan Kul adl\u0131 3 i\u015f\u00e7i, yard\u0131mlar\u0131ndan \u00f6t\u00fcr\u00fc polis ekiplerine te\u015fekk\u00fcr ederek, canlar\u0131n\u0131 polis ekipleri sayesinde kurtard\u0131klar\u0131n\u0131, polis ekiplerinin zaman\u0131nda yeti\u015fmemesi durumunda belki de hayatta olamayabileceklerini vurgulad\u0131.<\/p>\n<p>3 orman i\u015f\u00e7isini makam\u0131nda kabul eden A\u011fl\u0131 \u0130l\u00e7e Emniyet Amiri Komiser Adem Akman, ziyaretten duydu\u011fu memnuniyeti dile getirdi.<\/p>\n<p>Yaz aylar\u0131n\u0131n gelmesiyle birlikte ormanl\u0131k alanda bulunan yabani hayvanlar\u0131n son d\u00f6nemlerde \u015fehir merkezine kadar geldikleri ihbarlar\u0131n\u0131 s\u0131k s\u0131k ald\u0131klar\u0131n\u0131 ifade eden A\u011fl\u0131 \u0130l\u00e7e Emniyet Amiri Komiser Adem Akman, vatanda\u015flar\u0131n zarar g\u00f6rmemi ad\u0131na konuyu Milli Parklar M\u00fcd\u00fcrl\u00fc\u011f\u00fc\u2019ne ileteceklerini s\u00f6yledi.<\/p>\n<p>\u201cVatanda\u015flar\u0131m\u0131z\u0131 g\u00fcvenli ve sa\u011fl\u0131kl\u0131 bir \u015fekilde olduklar\u0131 yerden getirdik\u201d<\/p>\n<p>Ya\u015fanan olay hakk\u0131nda konu\u015fan Komiser Adem Akman, Cuma 155 Polis \u0130hbar Hatt\u0131na Dikmen Mahallesi Topalo\u011flu mevkiinde 3 ki\u015finin ay\u0131lar taraf\u0131ndan rehin al\u0131nd\u0131\u011f\u0131na y\u00f6nelik ihbar d\u00fc\u015ft\u00fc\u011f\u00fcn\u00fc, ihbar sonucunda ekiplerini ivedi \u015fekilde olay yerine intikal etti\u011fini ifade etti. 1 anne ay\u0131 ve 2 yavru ay\u0131n\u0131n \u00e7al\u0131\u015fan 3 i\u015f\u00e7iye yakla\u015ft\u0131\u011f\u0131 ihbar\u0131n\u0131 ald\u0131klar\u0131n\u0131 belirten Adem Akman,  \u201cEkiplerimiz ivedi bir \u015fekilde olay yerine gittiler. Arkada\u015flar\u0131m\u0131z gerekli kontrolleri yapt\u0131lar. Vatanda\u015flar\u0131m\u0131z\u0131n herhangi can ve mal g\u00fcvenli\u011fine s\u0131k\u0131nt\u0131 gelmeyecek \u015fekilde anne ay\u0131 ve yavru ay\u0131lar\u0131 uzakla\u015ft\u0131rd\u0131lar. Vatanda\u015flar\u0131m\u0131z\u0131 g\u00fcvenli ve sa\u011fl\u0131kl\u0131 bir \u015fekilde olduklar\u0131 yerden getirdik\u201d dedi.<\/p>\n<p>\u201cVatanda\u015flar\u0131m\u0131z\u0131n her t\u00fcrl\u00fc yan\u0131nda oldu\u011fumuzu bilmelerini isteriz\u201d<\/p>\n<p>Vatanda\u015flar\u0131n can ve mal g\u00fcvenli\u011fini sa\u011flamak i\u00e7in g\u00f6rev yapt\u0131klar\u0131na dikkat \u00e7eken Akman, \u201cBizim g\u00f6revimiz su\u00e7luyu yakalamak, su\u00e7u \u00f6nlemek de\u011fil, ayn\u0131 \u015fekilde vatanda\u015flar\u0131m\u0131z\u0131n can ve mal g\u00fcvenli\u011fini de sa\u011flamakt\u0131r. A\u011fl\u0131\u2019n\u0131n huzur ve g\u00fcvenli\u011fi i\u00e7in elimizden gelen her \u015feyi yap\u0131yoruz, vatanda\u015flar\u0131m\u0131z\u0131n yan\u0131nda oldu\u011fumuzu bilmelerini isteriz. Vatanda\u015flar\u0131m\u0131z da te\u015fekk\u00fcr i\u00e7in bize gelmi\u015fler biz de onlara te\u015fekk\u00fcr ediyoruz, bu g\u00fczel davran\u0131\u015flar\u0131 i\u00e7in. Yaz aylar\u0131n\u0131n ba\u015flamas\u0131 ile beraber, ay\u0131lar\u0131n ormanl\u0131k alanda gezdi\u011fini vatanda\u015flardan bizde duyuyoruz. Bu konu hakk\u0131nda vatanda\u015flar ile g\u00f6r\u00fc\u015fmemizde duyuyoruz ay\u0131lar\u0131n yerle\u015fim yerlerine yakla\u015ft\u0131klar\u0131n\u0131, biz de bu konu hakk\u0131nda gerekli kurumlarla ileti\u015fime ge\u00e7ece\u011fiz, gerekli bilgilendirmeleri yapaca\u011f\u0131z hem vatanda\u015flar\u0131n can ve mal g\u00fcvenli\u011fi i\u00e7in gerekli oldu\u011fu zamanlarda vatanda\u015flar\u0131m\u0131z\u0131 da uyar\u0131yoruz. Bu sadece ay\u0131 vakas\u0131 olmayabilir farkl\u0131 hayvan t\u00fcrlerini de bar\u0131nd\u0131rmaktad\u0131r. A\u011fl\u0131 il\u00e7esi da\u011fl\u0131k ve engebeli oldu\u011fu i\u00e7in bir o kadar da a\u011fa\u00e7l\u0131k bir alan oldu\u011fu i\u00e7in ormanl\u0131k bir alan oldu\u011fu i\u00e7in vatanda\u015flardan yava\u015f yava\u015f ay\u0131 vakalar\u0131n\u0131 duymaya ba\u015fl\u0131yoruz\u201d diye konu\u015ftu.<\/p>\n<p>\u201c\u0130hbar\u0131 al\u0131r almaz olay yerine intikal ettik\u201d<\/p>\n<p>Anne ay\u0131 ve 2 yavrusunun rehin ald\u0131\u011f\u0131 3 i\u015f\u00e7iyi b\u00f6lgeden kurtarmak i\u00e7in olay yerine gittiklerini dile getiren A\u011fl\u0131 \u0130l\u00e7e Karakol Amiri Ba\u015fpolis Burhan \u0130nan ise,  \u201c13 Haziran Cuma G\u00fcn\u00fc 12.53 s\u0131ralar\u0131nda 155 telefonuna gelen ihbar ile i\u015f\u00e7iler kendilerinin orman kesimi yapt\u0131\u011f\u0131n\u0131, daha sonra da kesim yapt\u0131\u011f\u0131 esnada bir tane b\u00fcy\u00fck ay\u0131 ve 2 tane k\u00fc\u00e7\u00fck yavrusunun gelerek kendilerini rahats\u0131z etti\u011fini ve \u00e7ok korktuklar\u0131n\u0131 beyan ettiler. Biz de ihbar\u0131 al\u0131r almaz olay yerine intikal ettik. Arac\u0131m\u0131z\u0131 b\u0131rakarak \u00e7evredeki vatanda\u015flardan da yard\u0131m alarak onlar\u0131n bulundu\u011fu yere orman\u0131n i\u00e7erisinden y\u00fcr\u00fcyerek, \u00e7amur i\u00e7inde devam ettik. Bu esnada biz ba\u011f\u0131rma diye tabir edilen \u00e7ok y\u00fcksek sesle konu\u015farak \u2018durumunuz nas\u0131l, iyi misiniz, nas\u0131ls\u0131n\u0131z\u2019 falan diye sorduk. Onlar\u0131n yan\u0131na sadece ba\u011f\u0131rma \u015feklinde haberle\u015ferek giderek onlar\u0131 bulduk. Buldu\u011fumuz da vatanda\u015flar\u0131m\u0131z olduk\u00e7a korkmu\u015ftu. Biz gitti\u011fimizde trakt\u00f6r\u00fcn \u00fczerindeydiler. Bizi g\u00f6r\u00fcnce arkada\u015flar a\u015fa\u011f\u0131 indiler. Bizde \u00e7evrede ara\u015ft\u0131rmam\u0131z\u0131 yapt\u0131k. \u0130lk ba\u015fta herhangi bir ay\u0131ya rastlayamad\u0131k. Daha sonra ara\u015ft\u0131rma yapt\u0131\u011f\u0131m\u0131z esnada i\u015f\u00e7ilerden bir tanesi ay\u0131y\u0131 g\u00f6sterdi. Bende bakt\u0131m ger\u00e7ekten anne ay\u0131ya benziyordu. Tam o s\u0131rada ay\u0131 g\u00f6zden kayboldu. Biz de ayn\u0131 \u015fekilde vatanda\u015flar\u0131m\u0131z\u0131n ve kendimizin can ve mal g\u00fcvenli\u011fini sa\u011flamak i\u00e7in havaya kontroll\u00fc \u015fekilde bir iki el ate\u015f ettik. Daha sonra vatanda\u015flarla birlikte ayn\u0131 yoldan y\u00fcr\u00fcyerek tekrardan polis merkezine intikal ettik\u201d diye konu\u015ftu.<\/p>\n","protected":false},"excerpt":{"rendered":"<p>KASTAMONU\u2019NUN A\u011eLI \u0130L\u00c7ES\u0130NDE CUMA G\u00dcN\u00dc ORMANDA KES\u0130M YAPAN 3 \u0130\u015e\u00c7\u0130Y\u0130 ANNE AYI VE 2 YAVRUSUNUN ESARET\u0130NDEN KURTARAN KAHRAMAN POL\u0130SLER KONU\u015eTU.<\/p>\n","protected":false},"author":1,"featured_media":0,"comment_status":"closed","ping_status":"open","sticky":false,"template":"","format":"standard","meta":{"jetpack_post_was_ever_published":false,"_jetpack_newsletter_access":"","_jetpack_dont_email_post_to_subs":false,"_jetpack_newsletter_tier_id":0,"_jetpack_memberships_contains_paywalled_content":false,"_jetpack_memberships_contains_paid_content":false,"footnotes":"","jetpack_publicize_message":"","jetpack_publicize_feature_enabled":true,"jetpack_social_post_already_shared":true,"jetpack_social_options":{"image_generator_settings":{"template":"highway","default_image_id":0,"font":"","enabled":false},"version":2}},"categories":[1],"tags":[345,41208,4045,6828,225,1931],"class_list":["post-170813","post","type-post","status-publish","format-standard","hentry","category-genel","tag-ayi","tag-esaretinden","tag-konustu","tag-kurtaran","tag-polisler","tag-vatandasi"],"jetpack_publicize_connections":[],"jetpack_featured_media_url":"","jetpack_sharing_enabled":true,"jetpack_shortlink":"https:\/\/wp.me\/paKIfm-Ir3","_links":{"self":[{"href":"http:\/\/www.tvturk.com\/index.php\/wp-json\/wp\/v2\/posts\/170813","targetHints":{"allow":["GET"]}}],"collection":[{"href":"http:\/\/www.tvturk.com\/index.php\/wp-json\/wp\/v2\/posts"}],"about":[{"href":"http:\/\/www.tvturk.com\/index.php\/wp-json\/wp\/v2\/types\/post"}],"author":[{"embeddable":true,"href":"http:\/\/www.tvturk.com\/index.php\/wp-json\/wp\/v2\/users\/1"}],"replies":[{"embeddable":true,"href":"http:\/\/www.tvturk.com\/index.php\/wp-json\/wp\/v2\/comments?post=170813"}],"version-history":[{"count":0,"href":"http:\/\/www.tvturk.com\/index.php\/wp-json\/wp\/v2\/posts\/170813\/revisions"}],"wp:attachment":[{"href":"http:\/\/www.tvturk.com\/index.php\/wp-json\/wp\/v2\/media?parent=170813"}],"wp:term":[{"taxonomy":"category","embeddable":true,"href":"http:\/\/www.tvturk.com\/index.php\/wp-json\/wp\/v2\/categories?post=170813"},{"taxonomy":"post_tag","embeddable":true,"href":"http:\/\/www.tvturk.com\/index.php\/wp-json\/wp\/v2\/tags?post=170813"}],"curies":[{"name":"wp","href":"https:\/\/api.w.org\/{rel}","templated":true}]}}