{"id":170823,"date":"2019-06-17T19:44:12","date_gmt":"2019-06-17T16:44:12","guid":{"rendered":"http:\/\/www.tvturk.com\/index.php\/murat-cavcav-mustafa-kaplan-isminde-fikir-birligine-vardik\/"},"modified":"2019-06-17T19:44:12","modified_gmt":"2019-06-17T16:44:12","slug":"murat-cavcav-mustafa-kaplan-isminde-fikir-birligine-vardik","status":"publish","type":"post","link":"http:\/\/www.tvturk.com\/index.php\/murat-cavcav-mustafa-kaplan-isminde-fikir-birligine-vardik\/","title":{"rendered":"Murat Cavcav: \u201cMustafa Kaplan isminde fikir birli\u011fine vard\u0131k\u201d"},"content":{"rendered":"<p>Gen\u00e7lerbirli\u011fi y\u00f6netimi, MKE Ankarag\u00fcc\u00fc ile anla\u015fma sa\u011flayamayan Mustafa Kaplan ile g\u00f6r\u00fc\u015fme karar\u0131 ald\u0131.<\/p>\n<p>Gen\u00e7lerbirli\u011fi\u2019nde Ba\u015fkan Murat Cavcav bug\u00fcn yap\u0131lan y\u00f6netim kurulu toplant\u0131s\u0131 sonras\u0131nda bas\u0131n mensuplar\u0131na a\u00e7\u0131klamada bulundu. Cavcav, \u201cOla\u011fan genel kurulumuzu tamamlad\u0131k. Birinci ad\u0131m\u0131m\u0131z\u0131 atlatt\u0131k. Bug\u00fcn y\u00f6netim kurulumuzla birlikte toplant\u0131m\u0131z\u0131 d\u00fczenledik. Burada g\u00f6rev da\u011f\u0131l\u0131m\u0131n\u0131 ve planlamalar\u0131m\u0131z\u0131 yapt\u0131k. Hoca konusunda Mustafa Kaplan isminde fikir birli\u011fine vard\u0131k. Yar\u0131n kendisi ile g\u00f6r\u00fc\u015fece\u011fim\u201d \u015feklinde konu\u015ftu.<\/p>\n","protected":false},"excerpt":{"rendered":"<p>GEN\u00c7LERB\u0130RL\u0130\u011e\u0130 Y\u00d6NET\u0130M\u0130, MKE ANKARAG\u00dcC\u00dc \u0130LE ANLA\u015eMA SA\u011eLAYAMAYAN MUSTAFA KAPLAN \u0130LE G\u00d6R\u00dc\u015eME KARARI ALDI.<\/p>\n","protected":false},"author":1,"featured_media":0,"comment_status":"closed","ping_status":"open","sticky":false,"template":"","format":"standard","meta":{"jetpack_post_was_ever_published":false,"_jetpack_newsletter_access":"","_jetpack_dont_email_post_to_subs":false,"_jetpack_newsletter_tier_id":0,"_jetpack_memberships_contains_paywalled_content":false,"_jetpack_memberships_contains_paid_content":false,"footnotes":"","jetpack_publicize_message":"","jetpack_publicize_feature_enabled":true,"jetpack_social_post_already_shared":true,"jetpack_social_options":{"image_generator_settings":{"template":"highway","default_image_id":0,"font":"","enabled":false},"version":2}},"categories":[657],"tags":[4725,40996,32169,37837,7105,908,159,40531],"class_list":["post-170823","post","type-post","status-publish","format-standard","hentry","category-spor","tag-birligine","tag-cavcav","tag-fikir","tag-isminde","tag-kaplan","tag-murat","tag-mustafa","tag-vardik"],"jetpack_publicize_connections":[],"jetpack_featured_media_url":"","jetpack_sharing_enabled":true,"jetpack_shortlink":"https:\/\/wp.me\/paKIfm-Ird","_links":{"self":[{"href":"http:\/\/www.tvturk.com\/index.php\/wp-json\/wp\/v2\/posts\/170823","targetHints":{"allow":["GET"]}}],"collection":[{"href":"http:\/\/www.tvturk.com\/index.php\/wp-json\/wp\/v2\/posts"}],"about":[{"href":"http:\/\/www.tvturk.com\/index.php\/wp-json\/wp\/v2\/types\/post"}],"author":[{"embeddable":true,"href":"http:\/\/www.tvturk.com\/index.php\/wp-json\/wp\/v2\/users\/1"}],"replies":[{"embeddable":true,"href":"http:\/\/www.tvturk.com\/index.php\/wp-json\/wp\/v2\/comments?post=170823"}],"version-history":[{"count":0,"href":"http:\/\/www.tvturk.com\/index.php\/wp-json\/wp\/v2\/posts\/170823\/revisions"}],"wp:attachment":[{"href":"http:\/\/www.tvturk.com\/index.php\/wp-json\/wp\/v2\/media?parent=170823"}],"wp:term":[{"taxonomy":"category","embeddable":true,"href":"http:\/\/www.tvturk.com\/index.php\/wp-json\/wp\/v2\/categories?post=170823"},{"taxonomy":"post_tag","embeddable":true,"href":"http:\/\/www.tvturk.com\/index.php\/wp-json\/wp\/v2\/tags?post=170823"}],"curies":[{"name":"wp","href":"https:\/\/api.w.org\/{rel}","templated":true}]}}