{"id":170896,"date":"2019-06-18T09:48:00","date_gmt":"2019-06-18T06:48:00","guid":{"rendered":"http:\/\/www.tvturk.com\/index.php\/genc-kiz-metrelerce-savrulup-aci-icerisinde-yere-yigildi\/"},"modified":"2019-06-18T09:48:00","modified_gmt":"2019-06-18T06:48:00","slug":"genc-kiz-metrelerce-savrulup-aci-icerisinde-yere-yigildi","status":"publish","type":"post","link":"http:\/\/www.tvturk.com\/index.php\/genc-kiz-metrelerce-savrulup-aci-icerisinde-yere-yigildi\/","title":{"rendered":"Gen\u00e7 k\u0131z, metrelerce savrulup ac\u0131 i\u00e7erisinde yere y\u0131\u011f\u0131ld\u0131"},"content":{"rendered":"<p>Antalya\u2019da yaya ge\u00e7idinden kar\u015f\u0131ya ge\u00e7mek isterken k\u0131rm\u0131z\u0131 \u0131\u015f\u0131kta ge\u00e7ti\u011fi iddia edilen otomobilin \u00e7arpt\u0131\u011f\u0131 gen\u00e7 k\u0131z yaraland\u0131. Metrelerce savrulup ac\u0131 i\u00e7erisinde yere y\u0131\u011f\u0131lan gen\u00e7 k\u0131z, uzun s\u00fcre g\u00f6zya\u015f\u0131 d\u00f6kt\u00fc.<\/p>\n<p>Kaza, d\u00fcn ak\u015fam 19.30 s\u0131ralar\u0131nda Muratpa\u015fa il\u00e7esi Aspendos Bulvar\u0131 \u00fczerinde meydana geldi. Edinilen bilgiye g\u00f6re, Meydan tramvay dura\u011f\u0131ndaki yaya ge\u00e7idine gelen 23 ya\u015f\u0131ndaki Yelda Durmaz\u2019a, kar\u015f\u0131ya ge\u00e7ece\u011fi s\u0131rada iddiaya g\u00f6re, k\u0131rm\u0131z\u0131 \u0131\u015f\u0131kta ge\u00e7en H.\u00c7. y\u00f6netimindeki 07 CTH 38 plakal\u0131 otomobil \u00e7arpt\u0131. \u00c7arpman\u0131n etkisiyle metrelerce savrulan Durmaz yere y\u0131\u011f\u0131ld\u0131. \u00c7evredeki vatanda\u015flar\u0131n yard\u0131m etti\u011fi gen\u00e7 k\u0131z, uzun s\u00fcre ac\u0131 i\u00e7erisinde g\u00f6zya\u015f\u0131 d\u00f6kt\u00fc. S\u00fcr\u00fcc\u00fc H.\u00c7.\u2019nin yaral\u0131n\u0131n ba\u015f\u0131ndan ayr\u0131lmad\u0131\u011f\u0131 g\u00f6zlenirken,  \u00e7evredekilerin ihbar\u0131 \u00fczerine olay yerine sa\u011fl\u0131k ekipleri ve polis sevk edildi. K\u0131sa s\u00fcrede olay yerine gelen sa\u011fl\u0131k ekiplerinin ilk m\u00fcdahalesinin ard\u0131ndan ambulansla hastaneye kald\u0131r\u0131lan Durmaz tedavi alt\u0131na al\u0131nd\u0131.  Gen\u00e7 k\u0131za \u00e7arpan otomobilin \u00f6n camlar\u0131 yola sa\u00e7\u0131ld\u0131\u011f\u0131 g\u00f6zlenirken, yoldaki metrelerce uzunluktaki fren izleri de dikkat \u00e7ekti. Bir s\u00fcre sonra kaza yerine gelen polisler taraf\u0131ndan yol trafi\u011fi tek tarafl\u0131 sa\u011fland\u0131.<\/p>\n<p>\u201cO kadar h\u0131zl\u0131 \u00e7arpt\u0131 ki; havada g\u00f6rd\u00fcm sadece\u201d<\/p>\n<p>Kazay\u0131 g\u00f6ren vatanda\u015flardan Tu\u011fba Kurtar, \u201cBiz kar\u015f\u0131ya ge\u00e7mek isterken araba k\u0131rm\u0131z\u0131 \u0131\u015f\u0131kta ge\u00e7ti. Bayan da buradan ge\u00e7iyordu, k\u0131rm\u0131z\u0131 \u0131\u015f\u0131kta durmad\u0131 ve k\u0131za \u00e7arpt\u0131. O kadar h\u0131zl\u0131 \u00e7arpt\u0131 ki, hava da g\u00f6rd\u00fcm sadece\u201d s\u00f6zleriyle s\u00fcr\u00fcc\u00fcn\u00fcn hatal\u0131 oldu\u011funu ileri s\u00fcrd\u00fc.<\/p>\n<p>Polis taraf\u0131ndan alkol testine sokulan s\u00fcr\u00fcc\u00fc H.\u00c7., sar\u0131 \u0131\u015f\u0131kta ge\u00e7ti\u011fini savunarak, gen\u00e7 k\u0131z\u0131n kula\u011f\u0131nda kulakl\u0131k oldu\u011funu ve bu y\u00fczden de kendisini fark edemedi\u011fini \u00f6ne s\u00fcrd\u00fc. S\u00fcr\u00fcc\u00fc H.\u00c7., ifadesi al\u0131nmak \u00fczere polis merkezine g\u00f6t\u00fcr\u00fcld\u00fc.<\/p>\n<p>\u00d6te yandan tedaviye al\u0131nan Yelda Durmaz\u2019\u0131n ise sa\u011fl\u0131k durumunun iyi oldu\u011fu \u00f6\u011frenildi.<\/p>\n","protected":false},"excerpt":{"rendered":"<p>ANTALYA\u2019DA YAYA GE\u00c7\u0130D\u0130NDEN KAR\u015eIYA GE\u00c7MEK \u0130STERKEN KIRMIZI I\u015eIKTA GE\u00c7T\u0130\u011e\u0130 \u0130DD\u0130A ED\u0130LEN OTOMOB\u0130L\u0130N \u00c7ARPTI\u011eI GEN\u00c7 KIZ YARALANDI. METRELERCE SAVRULUP ACI \u0130\u00c7ER\u0130S\u0130NDE YERE YI\u011eILAN GEN\u00c7 KIZ, UZUN S\u00dcRE G\u00d6ZYA\u015eI D\u00d6KT\u00dc.<\/p>\n","protected":false},"author":1,"featured_media":0,"comment_status":"closed","ping_status":"open","sticky":false,"template":"","format":"standard","meta":{"jetpack_post_was_ever_published":false,"_jetpack_newsletter_access":"","_jetpack_dont_email_post_to_subs":false,"_jetpack_newsletter_tier_id":0,"_jetpack_memberships_contains_paywalled_content":false,"_jetpack_memberships_contains_paid_content":false,"footnotes":"","jetpack_publicize_message":"","jetpack_publicize_feature_enabled":true,"jetpack_social_post_already_shared":true,"jetpack_social_options":{"image_generator_settings":{"template":"highway","default_image_id":0,"font":"","enabled":false},"version":2}},"categories":[1],"tags":[872,803,6950,4200,2765,41224,1048,41225],"class_list":["post-170896","post","type-post","status-publish","format-standard","hentry","category-genel","tag-aci","tag-genc","tag-icerisinde","tag-kiz","tag-metrelerce","tag-savrulup","tag-yere","tag-yigildi"],"jetpack_publicize_connections":[],"jetpack_featured_media_url":"","jetpack_sharing_enabled":true,"jetpack_shortlink":"https:\/\/wp.me\/paKIfm-Iso","_links":{"self":[{"href":"http:\/\/www.tvturk.com\/index.php\/wp-json\/wp\/v2\/posts\/170896","targetHints":{"allow":["GET"]}}],"collection":[{"href":"http:\/\/www.tvturk.com\/index.php\/wp-json\/wp\/v2\/posts"}],"about":[{"href":"http:\/\/www.tvturk.com\/index.php\/wp-json\/wp\/v2\/types\/post"}],"author":[{"embeddable":true,"href":"http:\/\/www.tvturk.com\/index.php\/wp-json\/wp\/v2\/users\/1"}],"replies":[{"embeddable":true,"href":"http:\/\/www.tvturk.com\/index.php\/wp-json\/wp\/v2\/comments?post=170896"}],"version-history":[{"count":0,"href":"http:\/\/www.tvturk.com\/index.php\/wp-json\/wp\/v2\/posts\/170896\/revisions"}],"wp:attachment":[{"href":"http:\/\/www.tvturk.com\/index.php\/wp-json\/wp\/v2\/media?parent=170896"}],"wp:term":[{"taxonomy":"category","embeddable":true,"href":"http:\/\/www.tvturk.com\/index.php\/wp-json\/wp\/v2\/categories?post=170896"},{"taxonomy":"post_tag","embeddable":true,"href":"http:\/\/www.tvturk.com\/index.php\/wp-json\/wp\/v2\/tags?post=170896"}],"curies":[{"name":"wp","href":"https:\/\/api.w.org\/{rel}","templated":true}]}}