{"id":170992,"date":"2019-06-18T11:31:44","date_gmt":"2019-06-18T08:31:44","guid":{"rendered":"http:\/\/www.tvturk.com\/index.php\/karayolu-kenarinda-sahte-bal-satisina-sok-baskin\/"},"modified":"2019-06-18T11:31:44","modified_gmt":"2019-06-18T08:31:44","slug":"karayolu-kenarinda-sahte-bal-satisina-sok-baskin","status":"publish","type":"post","link":"http:\/\/www.tvturk.com\/index.php\/karayolu-kenarinda-sahte-bal-satisina-sok-baskin\/","title":{"rendered":"Karayolu kenar\u0131nda sahte bal sat\u0131\u015f\u0131na \u015fok bask\u0131n"},"content":{"rendered":"<p>Antalya-Konya karayolunda \u00fczerinde yol kenar\u0131nda tezgahlarda g\u0131da sat\u0131\u015f\u0131 yapanlar ve i\u015fletmeler denetlendi. Jandarma, tar\u0131m \u0130l m\u00fcd\u00fcrl\u00fc\u011f\u00fc g\u00f6revlileri ve zab\u0131tan\u0131n destek verdi\u011fi denetimlerde 961 kilogram sahte bal, 865 kilogram re\u00e7el, 650 kilogram pekmez ve 400 kilogram zeytinya\u011f\u0131 olmak \u00fczere toplam bin 340 adet adet etiketsiz ve bandrols\u00fcz \u00fcr\u00fcn ele ge\u00e7irildi.<\/p>\n<p>Akseki Kaymakaml\u0131\u011f\u0131 taraf\u0131ndan olu\u015fturulan Denetim Komisyonu taraf\u0131ndan yol kenar\u0131nda kurduklar\u0131 tezgahlarda g\u0131da sat\u0131\u015f\u0131 yapanlar denetlendi. Vatanda\u015flar\u0131n daha sa\u011fl\u0131kl\u0131 g\u0131da t\u00fcketmesi i\u00e7in yo\u011fun \u00e7aba harcayan Akseki Kaymakaml\u0131\u011f\u0131nca olu\u015fturulan denetim komisyonu \u00fcyeleriyle birlikte Akseki-Konya, Akseki-Manavgat karayolu \u00fczerinde bulunan tesisler, g\u00f6zlemecilerle seyyar bal sat\u0131c\u0131lar\u0131 denetlendi.<\/p>\n<p>Yol \u00fczerinde yap\u0131lan denetimlerde 961 kilogram sahte bal, 865 kilogram re\u00e7el, 650 kilogram pekmez ve 400 kilogram zeytinya\u011f\u0131 olmak \u00fczere toplam bir 340 adet adet etiketsiz ve bandrols\u00fcz \u00fcr\u00fcn ele ge\u00e7irildi. Yol \u00fczerinde sahte bal satan ve baz\u0131 i\u015fletmeler olmak \u00fczere toplam 15 i\u015fletmeye 54 bin 465 lira ceza kesildi.<\/p>\n<p>Denetimler kapsam\u0131nda tesislerde \u00f6ncelikle i\u015f yeri a\u00e7ma ve \u00e7al\u0131\u015fma belgesi olmak \u00fczere i\u015f yerinin genel temizli\u011fi, son t\u00fcketim tarihi ge\u00e7mi\u015f maddeler ile g\u0131da ve temizlik \u00fcr\u00fcnlerinin ayr\u0131 raflarda olmas\u0131 gibi hususlara bak\u0131ld\u0131. Ekipler, denetim s\u0131ras\u0131nda ayn\u0131 zamanda i\u015f yerlerine uymalar\u0131 gereken kurallara hassasiyet g\u00f6stermeleri noktas\u0131nda uyar\u0131larda bulundu. Ayr\u0131ca yap\u0131lan t\u00fcm uyar\u0131lara ra\u011fmen y\u00f6netmeli\u011fe uymayan i\u015f yeri sahiplerine ceza-i m\u00fceyyide ile kar\u015f\u0131la\u015facaklar\u0131 kendilerine bizzat ekiplerce iletildi. Seyyar sahte bal sat\u0131c\u0131lar\u0131 ise uyar\u0131larak bir daha yol \u00fczerinde bal satmamalar\u0131 konusunda uyar\u0131ld\u0131.<\/p>\n<p>Akseki Belediye Ba\u015fkan\u0131 \u0130brahim \u00d6zkan, gazetecilere yapt\u0131\u011f\u0131 a\u00e7\u0131klamada Akseki-Seydi\u015fehir karayolunda sahte bal satt\u0131klar\u0131 gerek\u00e7esi ile kendilerine \u00e7ok say\u0131da \u015fikayetler geldi\u011fini s\u00f6yledi. \u00d6zkan, Akseki Kaymakaml\u0131\u011f\u0131nca \u0130l\u00e7e Jandarma Komutanl\u0131\u011f\u0131, \u0130l\u00e7e Tar\u0131m ve Orman M\u00fcd\u00fcrl\u00fc\u011f\u00fc, Mal M\u00fcd\u00fcrl\u00fc\u011f\u00fc ve Belediye Zab\u0131ta ekibinin bulundu\u011fu bir komisyon olu\u015fturuldu\u011funu s\u00f6yledi.<\/p>\n<p>Yap\u0131lan denetimlerde sahte ve ka\u00e7ak oldu\u011fu belirlenen ballara ve baz\u0131 \u00fcr\u00fcnlere el konulurken Akseki Belediye Ba\u015fkan\u0131 \u0130brahim \u00d6zkan, vatanda\u015flara uyar\u0131da bulunarak bu t\u00fcr ballardan uzak durulmas\u0131n\u0131 istedi. \u00d6zkan, &#8220;Akseki &#8211; Konya karayolunda yol kenarlar\u0131nda sertifikas\u0131z \u00fcr\u00fcnler piyasada sorun olu\u015fturmakta. Biz de bu konuyla ilgili olarak Akseki Kaymakaml\u0131\u011f\u0131n\u0131n olu\u015fturmu\u015f oldu\u011fu denetim komisyonu ile birlikte ekiplerimizle birlikte ka\u00e7ak \u00fcr\u00fcnlerin \u00fczerine gitmekteyiz. Bu \u00f6nemsedi\u011fimiz ve \u00f6nemli bir ekonomik bir girdinin unsuru olan ar\u0131c\u0131l\u0131k faaliyeti ve bal yeti\u015ftiricili\u011fiyle kendi yerel da\u011farlar\u0131m\u0131z\u0131n organik olmas\u0131 gibi d\u0131\u015far\u0131dan gelen bu \u00fcr\u00fcn derhal men etmemiz gerekmektedir&#8221; dedi.<\/p>\n<p>Akseki bal\u0131 yolda sat\u0131lmaz<\/p>\n<p>Akseki Belediye Ba\u015fkan\u0131 \u0130brahim \u00d6zkan, \u00c7imi Yaylas\u0131\u2019n\u0131n endemik bitkiler ve \u00e7i\u00e7ek floras\u0131 a\u00e7\u0131s\u0131ndan \u00e7ok zengin bir b\u00f6lge oldu\u011funu dile getirerek, burada yeti\u015fen ballar\u0131n hem bal tad\u0131 olarak, hem de i\u00e7erisindeki organik maddeler olarak \u00e7ok \u00f6nemli bir \u00fcr\u00fcn oldu\u011funu s\u00f6yledi.<\/p>\n<p>G\u00fcn\u00fcm\u00fczde yol kenar\u0131nda Akseki bal\u0131 olarak sat\u0131lan \u00fcr\u00fcnler oldu\u011funu, ancak Akseki bal\u0131n\u0131n yol kenarlar\u0131nda sat\u0131lmad\u0131\u011f\u0131n\u0131 s\u00f6yleyen ba\u015fkan \u00d6zkan, &#8220;Akseki bal\u0131n\u0131 bulman\u0131z i\u00e7in ancak bir sene \u00f6nceden bunu \u00fcreticilerine s\u00f6ylemeniz laz\u0131m. Bal yeti\u015firken ancak \u00f6yle bulabilirsiniz. D\u0131\u015far\u0131da sat\u0131lan ballar\u0131n hi\u00e7birisi Akseki bal\u0131 de\u011fildir. Ne oldu\u011fu belli de\u011fildir. Bunlarla u\u011fra\u015fmak durumunday\u0131z. \u00c7\u00fcnk\u00fc bizim d\u00fcnyaca \u00fcnl\u00fc markam\u0131z olan \u00c7imi Yaylas\u0131n\u0131n bal\u0131 ba\u015fka bir iklimde, ba\u015fka bir ortamda bulunan yap\u0131lan bal de\u011fildir. Herkes kendi bal\u0131n\u0131 \u00f6ver, fakat buradaki endemik ve \u00f6zel \u00e7i\u00e7eklerin i\u00e7erisinde \u00fcretilmi\u015f olan bal di\u011fer ballardan \u00e7ok \u00f6zeldir. Zaten bunu y\u0131llar \u00f6nce dedelerimiz zaman\u0131nda Avrupa\u2019da d\u00fcnyada Akseki\u2019nin \u00c7imi bal\u0131n\u0131n ne oldu\u011funu bilmektedir. Ben vatanda\u015flar\u0131m\u0131zdan rica ediyorum. Yol kenarlar\u0131nda Akseki bal\u0131 diye sat\u0131lan \u00fcr\u00fcnlere ra\u011fbet etmesinler. \u00c7\u00fcnk\u00fc yol kenar\u0131nda \u00f6yle bir \u00fcr\u00fcn yok. \u00c7\u00fcnk\u00fc \u00c7imi bal\u0131 ancak \u00c7imi\u2019den ve daha \u00f6nceden sipari\u015f verilerek yenilen bir bald\u0131r&#8221; diye konu\u015ftu.<\/p>\n<p>\u00d6zkan, denetimlerin aral\u0131ks\u0131z olarak s\u00fcrece\u011fini s\u00f6yledi.<\/p>\n","protected":false},"excerpt":{"rendered":"<p>ANTALYA-KONYA KARAYOLUNDA \u00dcZER\u0130NDE YOL KENARINDA TEZGAHLARDA GIDA SATI\u015eI YAPANLAR VE \u0130\u015eLETMELER DENETLEND\u0130. JANDARMA, TARIM \u0130L M\u00dcD\u00dcRL\u00dc\u011e\u00dc G\u00d6REVL\u0130LER\u0130 VE ZABITANIN DESTEK VERD\u0130\u011e\u0130 DENET\u0130MLERDE 961 K\u0130LOGRAM SAHTE BAL, 865 K\u0130LOGRAM RE\u00c7EL, 650 K\u0130LOGRAM PEKMEZ VE 400 K\u0130LOGRAM ZEYT\u0130NYA\u011eI OLMAK \u00dcZERE TOPLAM B\u0130N 340 ADET ADET ET\u0130KETS\u0130Z VE BANDROLS\u00dcZ \u00dcR\u00dcN ELE GE\u00c7\u0130R\u0130LD\u0130.<\/p>\n","protected":false},"author":1,"featured_media":0,"comment_status":"closed","ping_status":"open","sticky":false,"template":"","format":"standard","meta":{"jetpack_post_was_ever_published":false,"_jetpack_newsletter_access":"","_jetpack_dont_email_post_to_subs":false,"_jetpack_newsletter_tier_id":0,"_jetpack_memberships_contains_paywalled_content":false,"_jetpack_memberships_contains_paid_content":false,"footnotes":"","jetpack_publicize_message":"","jetpack_publicize_feature_enabled":true,"jetpack_social_post_already_shared":true,"jetpack_social_options":{"image_generator_settings":{"template":"highway","default_image_id":0,"font":"","enabled":false},"version":2}},"categories":[1],"tags":[2390,10042,1532,8311,875,18088,8402],"class_list":["post-170992","post","type-post","status-publish","format-standard","hentry","category-genel","tag-bal","tag-baskin","tag-karayolu","tag-kenarinda","tag-sahte","tag-satisina","tag-sok"],"jetpack_publicize_connections":[],"jetpack_featured_media_url":"","jetpack_sharing_enabled":true,"jetpack_shortlink":"https:\/\/wp.me\/paKIfm-ItW","_links":{"self":[{"href":"http:\/\/www.tvturk.com\/index.php\/wp-json\/wp\/v2\/posts\/170992","targetHints":{"allow":["GET"]}}],"collection":[{"href":"http:\/\/www.tvturk.com\/index.php\/wp-json\/wp\/v2\/posts"}],"about":[{"href":"http:\/\/www.tvturk.com\/index.php\/wp-json\/wp\/v2\/types\/post"}],"author":[{"embeddable":true,"href":"http:\/\/www.tvturk.com\/index.php\/wp-json\/wp\/v2\/users\/1"}],"replies":[{"embeddable":true,"href":"http:\/\/www.tvturk.com\/index.php\/wp-json\/wp\/v2\/comments?post=170992"}],"version-history":[{"count":0,"href":"http:\/\/www.tvturk.com\/index.php\/wp-json\/wp\/v2\/posts\/170992\/revisions"}],"wp:attachment":[{"href":"http:\/\/www.tvturk.com\/index.php\/wp-json\/wp\/v2\/media?parent=170992"}],"wp:term":[{"taxonomy":"category","embeddable":true,"href":"http:\/\/www.tvturk.com\/index.php\/wp-json\/wp\/v2\/categories?post=170992"},{"taxonomy":"post_tag","embeddable":true,"href":"http:\/\/www.tvturk.com\/index.php\/wp-json\/wp\/v2\/tags?post=170992"}],"curies":[{"name":"wp","href":"https:\/\/api.w.org\/{rel}","templated":true}]}}