{"id":171016,"date":"2019-06-18T11:56:34","date_gmt":"2019-06-18T08:56:34","guid":{"rendered":"http:\/\/www.tvturk.com\/index.php\/ajda-pekkan-alanyada-hayranlarini-costurdu\/"},"modified":"2019-06-18T11:56:34","modified_gmt":"2019-06-18T08:56:34","slug":"ajda-pekkan-alanyada-hayranlarini-costurdu","status":"publish","type":"post","link":"http:\/\/www.tvturk.com\/index.php\/ajda-pekkan-alanyada-hayranlarini-costurdu\/","title":{"rendered":"Ajda Pekkan, Alanya\u2019da hayranlar\u0131n\u0131 co\u015fturdu"},"content":{"rendered":"<p>Antalya\u2019n\u0131n Alanya il\u00e7esinde d\u00fczenlenen 19. Alanya Uluslararas\u0131 Turizm ve Sanat Festivali\u2019nin son g\u00fcn\u00fcnde s\u00fcper star Ajda Pekkan, konser verdi. Sevilen \u015fark\u0131lar\u0131n\u0131 hayranlar\u0131yla birlikte seslendiren Pekkan, hayranlar\u0131na g\u00fczel bir gece ya\u015fatt\u0131.<\/p>\n<p>Alanya Belediyesince d\u00fczenlenen Alanya Uluslararas\u0131 Turizm ve Sanat Festivali\u2019nin son g\u00fcn\u00fc e\u011flenceleri, DJ Haluk Sar\u0131ta\u015f performans\u0131yla ba\u015flad\u0131. Yakla\u015f\u0131k 20 bin ki\u015finin izledi\u011fi konser etkinli\u011finde 1,5 saat mikser ba\u015f\u0131nda kalan Sar\u0131ta\u015f, birbirinden hareketli par\u00e7alarla Alanyal\u0131lar\u0131 co\u015fturdu. DJ performans\u0131n\u0131n ard\u0131ndan sahneye T\u00fcrk Pop M\u00fczi\u011fi\u2019nin efsane ismi Ajda Pekkan \u00e7\u0131kt\u0131. Gece i\u00e7in \u00f6zel olarak tasarlanan sahne kost\u00fcm\u00fc ile dikkat \u00e7eken Pekkan, konserine \u2019Heves\u2019 \u015fark\u0131s\u0131yla ba\u015flad\u0131. Dans\u00e7\u0131 k\u0131zlar\u0131n sahnede e\u015flik etti\u011fi Pekkan\u2019\u0131n keyifli oldu\u011fu g\u00f6r\u00fcld\u00fc. \u015eark\u0131lar\u0131n\u0131 seslendirirken bol bol dans da eden Ajda Pekkan, gen\u00e7lere ta\u015f \u00e7\u0131kartt\u0131. \u015eark\u0131 aras\u0131nda sahneye gelerek Pekkan\u2019a \u00fczerine resminin i\u015flendi\u011fi su kaba\u011f\u0131yla \u00e7i\u00e7ek veren Alanya Belediye Ba\u015fkan\u0131 Adem Murat Y\u00fccel, 82 numaral\u0131 Alanyaspor formas\u0131 hediye etti.<\/p>\n<p>Alanya\u2019n\u0131n krali\u00e7esi Pekkan oldu<\/p>\n<p>Ba\u015fkan Y\u00fccel, \u201cS\u00fcper star\u0131m\u0131zla da buradan vilayet olma arzumuzu bir kez daha dile getirmek istiyorum\u201d dedi.<\/p>\n<p>Alanya Belediyesi \u0130pek Kozas\u0131 At\u00f6lyeleri\u2019nde haz\u0131rlanan kozadan yap\u0131lma ta\u00e7 da Ba\u015fkan Y\u00fccel\u2019in e\u015fi Y\u0131ld\u0131z Y\u00fccel taraf\u0131ndan s\u00fcper star Ajda Pekkan\u2019a takdim edildi. Y\u0131ld\u0131z Y\u00fccel, \u201cAlanyam\u0131z\u0131n art\u0131k s\u00fcper star bir krali\u00e7esi var\u201d diye konu\u015ftu.<\/p>\n<p>Pekkan da kendisine sunulan hediyelerden dolay\u0131 olduk\u00e7a mutlu oldu\u011funu ifade ederek Ba\u015fkan Y\u00fccel ve e\u015fi Y\u0131ld\u0131z Y\u00fccel\u2019e te\u015fekk\u00fcr etti.<\/p>\n<p>Temposunu d\u00fc\u015f\u00fcrmeden konserini s\u00fcrd\u00fcren Pekkan, sevilen \u015fark\u0131lar\u0131n\u0131 hayranlar\u0131 e\u015fli\u011finde seslendirdi. Yakla\u015f\u0131k 2 saat sahnede kalan Pekkan, izleyenlere keyifli bir gece ya\u015fatt\u0131.<\/p>\n","protected":false},"excerpt":{"rendered":"<p>ANTALYA\u2019NIN ALANYA \u0130L\u00c7ES\u0130NDE D\u00dcZENLENEN 19. ALANYA ULUSLARARASI TUR\u0130ZM VE SANAT FEST\u0130VAL\u0130&#8217;N\u0130N SON G\u00dcN\u00dcNDE S\u00dcPER STAR AJDA PEKKAN, KONSER VERD\u0130. SEV\u0130LEN \u015eARKILARINI HAYRANLARIYLA B\u0130RL\u0130KTE SESLEND\u0130REN PEKKAN, G\u00dcZEL B\u0130R GECE YA\u015eATTI.<\/p>\n","protected":false},"author":1,"featured_media":0,"comment_status":"closed","ping_status":"open","sticky":false,"template":"","format":"standard","meta":{"jetpack_post_was_ever_published":false,"_jetpack_newsletter_access":"","_jetpack_dont_email_post_to_subs":false,"_jetpack_newsletter_tier_id":0,"_jetpack_memberships_contains_paywalled_content":false,"_jetpack_memberships_contains_paid_content":false,"footnotes":"","jetpack_publicize_message":"","jetpack_publicize_feature_enabled":true,"jetpack_social_post_already_shared":true,"jetpack_social_options":{"image_generator_settings":{"template":"highway","default_image_id":0,"font":"","enabled":false},"version":2}},"categories":[1],"tags":[39843,11400,23170,32007,41256],"class_list":["post-171016","post","type-post","status-publish","format-standard","hentry","category-genel","tag-ajda","tag-alanyada","tag-costurdu","tag-hayranlarini","tag-pekkan"],"jetpack_publicize_connections":[],"jetpack_featured_media_url":"","jetpack_sharing_enabled":true,"jetpack_shortlink":"https:\/\/wp.me\/paKIfm-Iuk","_links":{"self":[{"href":"http:\/\/www.tvturk.com\/index.php\/wp-json\/wp\/v2\/posts\/171016","targetHints":{"allow":["GET"]}}],"collection":[{"href":"http:\/\/www.tvturk.com\/index.php\/wp-json\/wp\/v2\/posts"}],"about":[{"href":"http:\/\/www.tvturk.com\/index.php\/wp-json\/wp\/v2\/types\/post"}],"author":[{"embeddable":true,"href":"http:\/\/www.tvturk.com\/index.php\/wp-json\/wp\/v2\/users\/1"}],"replies":[{"embeddable":true,"href":"http:\/\/www.tvturk.com\/index.php\/wp-json\/wp\/v2\/comments?post=171016"}],"version-history":[{"count":0,"href":"http:\/\/www.tvturk.com\/index.php\/wp-json\/wp\/v2\/posts\/171016\/revisions"}],"wp:attachment":[{"href":"http:\/\/www.tvturk.com\/index.php\/wp-json\/wp\/v2\/media?parent=171016"}],"wp:term":[{"taxonomy":"category","embeddable":true,"href":"http:\/\/www.tvturk.com\/index.php\/wp-json\/wp\/v2\/categories?post=171016"},{"taxonomy":"post_tag","embeddable":true,"href":"http:\/\/www.tvturk.com\/index.php\/wp-json\/wp\/v2\/tags?post=171016"}],"curies":[{"name":"wp","href":"https:\/\/api.w.org\/{rel}","templated":true}]}}