{"id":171020,"date":"2019-06-18T12:00:11","date_gmt":"2019-06-18T09:00:11","guid":{"rendered":"http:\/\/www.tvturk.com\/index.php\/nesibe-aydina-uluslararasi-stem-odulu\/"},"modified":"2019-06-18T12:00:11","modified_gmt":"2019-06-18T09:00:11","slug":"nesibe-aydina-uluslararasi-stem-odulu","status":"publish","type":"post","link":"http:\/\/www.tvturk.com\/index.php\/nesibe-aydina-uluslararasi-stem-odulu\/","title":{"rendered":"Nesibe Ayd\u0131n\u2019a Uluslararas\u0131 STEM \u00d6d\u00fcl\u00fc"},"content":{"rendered":"<p>Nesibe Ayd\u0131n Okullar\u0131, uzun zamand\u0131r yapt\u0131\u011f\u0131 bilimsel \u00e7al\u0131\u015fmalar\u0131n\u0131 Uluslararas\u0131 STEM E\u011fitim Konferans\u0131nda ald\u0131\u011f\u0131 \u201cEn \u0130yi Sosyal Etkile\u015fim\u201d \u00f6d\u00fcl\u00fc ile ta\u00e7land\u0131rd\u0131.<\/p>\n<p>Milli E\u011fitim Bakanl\u0131\u011f\u0131, Uluslararas\u0131 STEM E\u011fitim Merkezi (ICSE), \u0130stanbul Ayvansaray \u00dcniversitesi, T\u00fcrkiye STEM \u0130ttifak\u0131 ve Hacettepe \u00dcniversitesi i\u015f birli\u011fiyle d\u00fczenlenen Uluslararas\u0131 STEM E\u011fitim Konferans\u0131, 13-14 Haziran 2019 tarihinde \u0130stanbul\u2019da yap\u0131ld\u0131. STEM E\u011fitimi uygulamalar\u0131n\u0131 geli\u015ftirilmek amac\u0131yla d\u00fcnyan\u0131n d\u00f6rt bir yan\u0131ndan \u00f6\u011fretmenleri, ara\u015ft\u0131rmac\u0131lar\u0131 ve payda\u015flar\u0131 bir araya getiren konferansta Nesibe Ayd\u0131n Okullar\u0131 \u00f6\u011fretmenleri Arash Salimi Kia \u201cUnderstanding Quantum Phenomena by Simple Quantum Eraser Experiment\u201d ve Gizem Yent\u00fcr \u201cBasit Malzemelerle \u0130novasyon Yapma Sanat\u0131\u201d projeleriyle \u201cEn \u0130yi Sosyal Etkile\u015fim\u201d \u00f6d\u00fcl\u00fcne lay\u0131k g\u00f6r\u00fcld\u00fc.<\/p>\n<p>\u00d6d\u00fcllerini Milli E\u011fitim Bakan\u0131 Dan\u0131\u015fman\u0131 Prof. Dr. Mustafa Yavuz\u2019dan alan Nesibe Ayd\u0131n Okullar\u0131 \u00f6\u011fretmenleri Arash Salimi Kia ve Gizem Yent\u00fcr\u2019\u00fc tebrik eden Nesibe Ayd\u0131n Okullar\u0131 Kurucusu, E\u011fitimci Yazar Nesibe Ayd\u0131n ise yapt\u0131\u011f\u0131 a\u00e7\u0131klamada, \u201cNesibe Ayd\u0131n Okullar\u0131 olarak uzun y\u0131llard\u0131r bilimsel \u00e7al\u0131\u015fmalara yat\u0131r\u0131m yap\u0131yor, \u00e7ocuklar\u0131m\u0131z\u0131n d\u00fcnya vatanda\u015f\u0131 olarak yeti\u015fmeleri i\u00e7in emek veriyoruz. Y\u0131llard\u0131r yapt\u0131\u011f\u0131m\u0131z \u00e7al\u0131\u015fmalar\u0131n yan\u0131nda sadece bu y\u0131l Ankara, Kocaeli, Mersin, Antalya, Konya, Gaziantep ve Diyarbak\u0131r Okullar\u0131m\u0131z\u0131n koordinasyonunda d\u00fczenledi\u011fimiz STEM Fest etkinliklerinde, 60 bin \u00e7ocu\u011fumuzu fen, matematik, teknoloji ve bilimin e\u011flenceli d\u00fcnyas\u0131yla tan\u0131\u015ft\u0131rman\u0131n mutlulu\u011funu ya\u015fad\u0131k. \u00dclke \u00e7ap\u0131nda yapt\u0131\u011f\u0131m\u0131z STEM Fest etkinliklerinde ve 21. y\u00fczy\u0131l\u0131n e\u011fitimini bug\u00fcnden vermeyi ilke edinen okullar\u0131m\u0131zda, teknoloji okuryazarl\u0131\u011f\u0131 geli\u015fmi\u015f, bilimsel \u00e7al\u0131\u015fmalarla \u00fclkesine fayda sa\u011flayan bireyler yeti\u015ftirmek i\u00e7in gece g\u00fcnd\u00fcz demeden \u00e7al\u0131\u015fan ve bu \u00f6d\u00fcl\u00fc sonuna kadar hak eden \u00f6\u011fretmenlerimi tebrik ediyorum&#8221; ifadelerini kulland\u0131.<\/p>\n","protected":false},"excerpt":{"rendered":"<p>NES\u0130BE AYDIN OKULLARI, UZUN ZAMANDIR YAPTI\u011eI B\u0130L\u0130MSEL \u00c7ALI\u015eMALARINI ULUSLARARASI STEM E\u011e\u0130T\u0130M KONFERANSINDA ALDI\u011eI \u201cEN \u0130Y\u0130 SOSYAL ETK\u0130LE\u015e\u0130M\u201d \u00d6D\u00dcL\u00dc \u0130LE TA\u00c7LANDIRDI.<\/p>\n","protected":false},"author":1,"featured_media":0,"comment_status":"closed","ping_status":"open","sticky":false,"template":"","format":"standard","meta":{"jetpack_post_was_ever_published":false,"_jetpack_newsletter_access":"","_jetpack_dont_email_post_to_subs":false,"_jetpack_newsletter_tier_id":0,"_jetpack_memberships_contains_paywalled_content":false,"_jetpack_memberships_contains_paid_content":false,"footnotes":"","jetpack_publicize_message":"","jetpack_publicize_feature_enabled":true,"jetpack_social_post_already_shared":true,"jetpack_social_options":{"image_generator_settings":{"template":"highway","default_image_id":0,"font":"","enabled":false},"version":2}},"categories":[1],"tags":[4839,5662,16145,1553,2824],"class_list":["post-171020","post","type-post","status-publish","format-standard","hentry","category-genel","tag-uluslararasi","tag-aydina","tag-nesibe","tag-odulu","tag-stem"],"jetpack_publicize_connections":[],"jetpack_featured_media_url":"","jetpack_sharing_enabled":true,"jetpack_shortlink":"https:\/\/wp.me\/paKIfm-Iuo","_links":{"self":[{"href":"http:\/\/www.tvturk.com\/index.php\/wp-json\/wp\/v2\/posts\/171020","targetHints":{"allow":["GET"]}}],"collection":[{"href":"http:\/\/www.tvturk.com\/index.php\/wp-json\/wp\/v2\/posts"}],"about":[{"href":"http:\/\/www.tvturk.com\/index.php\/wp-json\/wp\/v2\/types\/post"}],"author":[{"embeddable":true,"href":"http:\/\/www.tvturk.com\/index.php\/wp-json\/wp\/v2\/users\/1"}],"replies":[{"embeddable":true,"href":"http:\/\/www.tvturk.com\/index.php\/wp-json\/wp\/v2\/comments?post=171020"}],"version-history":[{"count":0,"href":"http:\/\/www.tvturk.com\/index.php\/wp-json\/wp\/v2\/posts\/171020\/revisions"}],"wp:attachment":[{"href":"http:\/\/www.tvturk.com\/index.php\/wp-json\/wp\/v2\/media?parent=171020"}],"wp:term":[{"taxonomy":"category","embeddable":true,"href":"http:\/\/www.tvturk.com\/index.php\/wp-json\/wp\/v2\/categories?post=171020"},{"taxonomy":"post_tag","embeddable":true,"href":"http:\/\/www.tvturk.com\/index.php\/wp-json\/wp\/v2\/tags?post=171020"}],"curies":[{"name":"wp","href":"https:\/\/api.w.org\/{rel}","templated":true}]}}