{"id":171022,"date":"2019-06-18T12:00:19","date_gmt":"2019-06-18T09:00:19","guid":{"rendered":"http:\/\/www.tvturk.com\/index.php\/bozuyuk-cumhuriyet-bassavcisi-bicakci-bayburt-cumhuriyet-bassavciligina-atandi\/"},"modified":"2019-06-18T12:00:19","modified_gmt":"2019-06-18T09:00:19","slug":"bozuyuk-cumhuriyet-bassavcisi-bicakci-bayburt-cumhuriyet-bassavciligina-atandi","status":"publish","type":"post","link":"http:\/\/www.tvturk.com\/index.php\/bozuyuk-cumhuriyet-bassavcisi-bicakci-bayburt-cumhuriyet-bassavciligina-atandi\/","title":{"rendered":"Boz\u00fcy\u00fck Cumhuriyet Ba\u015fsavc\u0131s\u0131 B\u0131\u00e7akc\u0131, Bayburt Cumhuriyet Ba\u015fsavc\u0131l\u0131\u011f\u0131na atand\u0131"},"content":{"rendered":"<p>Bilecik\u2019in Boz\u00fcy\u00fck il\u00e7esinde yakla\u015f\u0131k 16 ayd\u0131r Cumhuriyet Ba\u015fsavc\u0131l\u0131\u011f\u0131 g\u00f6revini y\u00fcr\u00fcten Mahmut B\u0131\u00e7akc\u0131, Bayburt Cumhuriyet Ba\u015fsavc\u0131l\u0131\u011f\u0131na atand\u0131. Boz\u00fcy\u00fck Ba\u015fsavc\u0131l\u0131\u011f\u0131na ise Erzurum Cumhuriyet Savc\u0131s\u0131 Mehmet \u00c7epni atand\u0131.<\/p>\n<p>Hakimler ve Savc\u0131lar Kurulunun (HSK) 2019 y\u0131l\u0131 ana kararnamesine g\u00f6re Bayburt Cumhuriyet Ba\u015fsavc\u0131l\u0131\u011f\u0131 g\u00f6revine atanan Mahmut B\u0131\u00e7akc\u0131, il\u00e7ede k\u0131sa s\u00fcre g\u00f6rev yapm\u0131\u015f olmas\u0131na ra\u011fmen kurumlar aras\u0131nda uyumlu \u00e7al\u0131\u015fmas\u0131 ve il\u00e7edeki g\u00fcven ve huzur ortam\u0131n\u0131n sa\u011flanmas\u0131 noktas\u0131nda \u00e7aba sarf ederek takdir toplad\u0131. Adaletin hakim oldu\u011fu bir yap\u0131 i\u00e7erisinde g\u00f6revini yerine getirmeye \u00e7al\u0131\u015fan Ba\u015fsavc\u0131 B\u0131\u00e7akc\u0131\u2019n\u0131n, ilerleyen g\u00fcnlerde yeni g\u00f6rev yeri olan Bayburt\u2019a hareket edece\u011fi \u00f6\u011frenildi.<\/p>\n<p>Boz\u00fcy\u00fck Ba\u015fsavc\u0131l\u0131\u011f\u0131na ise Erzurum Cumhuriyet Savc\u0131s\u0131 Mehmet \u00c7epni atand\u0131.<\/p>\n","protected":false},"excerpt":{"rendered":"<p>B\u0130LEC\u0130K&#8217;\u0130N BOZ\u00dcY\u00dcK \u0130L\u00c7ES\u0130NDE YAKLA\u015eIK 16 AYDIR CUMHUR\u0130YET BA\u015eSAVCILI\u011eI G\u00d6REV\u0130N\u0130 Y\u00dcR\u00dcTEN MAHMUT BI\u00c7AKCI, BAYBURT CUMHUR\u0130YET BA\u015eSAVCILI\u011eINA ATANDI.<\/p>\n","protected":false},"author":1,"featured_media":0,"comment_status":"closed","ping_status":"open","sticky":false,"template":"","format":"standard","meta":{"jetpack_post_was_ever_published":false,"_jetpack_newsletter_access":"","_jetpack_dont_email_post_to_subs":false,"_jetpack_newsletter_tier_id":0,"_jetpack_memberships_contains_paywalled_content":false,"_jetpack_memberships_contains_paid_content":false,"footnotes":"","jetpack_publicize_message":"","jetpack_publicize_feature_enabled":true,"jetpack_social_post_already_shared":true,"jetpack_social_options":{"image_generator_settings":{"template":"highway","default_image_id":0,"font":"","enabled":false},"version":2}},"categories":[1],"tags":[3143,41257,5127,9987,38828,4422,3307],"class_list":["post-171022","post","type-post","status-publish","format-standard","hentry","category-genel","tag-atandi","tag-bassavciligina","tag-bassavcisi","tag-bayburt","tag-bicakci","tag-bozuyuk","tag-cumhuriyet"],"jetpack_publicize_connections":[],"jetpack_featured_media_url":"","jetpack_sharing_enabled":true,"jetpack_shortlink":"https:\/\/wp.me\/paKIfm-Iuq","_links":{"self":[{"href":"http:\/\/www.tvturk.com\/index.php\/wp-json\/wp\/v2\/posts\/171022","targetHints":{"allow":["GET"]}}],"collection":[{"href":"http:\/\/www.tvturk.com\/index.php\/wp-json\/wp\/v2\/posts"}],"about":[{"href":"http:\/\/www.tvturk.com\/index.php\/wp-json\/wp\/v2\/types\/post"}],"author":[{"embeddable":true,"href":"http:\/\/www.tvturk.com\/index.php\/wp-json\/wp\/v2\/users\/1"}],"replies":[{"embeddable":true,"href":"http:\/\/www.tvturk.com\/index.php\/wp-json\/wp\/v2\/comments?post=171022"}],"version-history":[{"count":0,"href":"http:\/\/www.tvturk.com\/index.php\/wp-json\/wp\/v2\/posts\/171022\/revisions"}],"wp:attachment":[{"href":"http:\/\/www.tvturk.com\/index.php\/wp-json\/wp\/v2\/media?parent=171022"}],"wp:term":[{"taxonomy":"category","embeddable":true,"href":"http:\/\/www.tvturk.com\/index.php\/wp-json\/wp\/v2\/categories?post=171022"},{"taxonomy":"post_tag","embeddable":true,"href":"http:\/\/www.tvturk.com\/index.php\/wp-json\/wp\/v2\/tags?post=171022"}],"curies":[{"name":"wp","href":"https:\/\/api.w.org\/{rel}","templated":true}]}}