{"id":171030,"date":"2019-06-18T12:17:00","date_gmt":"2019-06-18T09:17:00","guid":{"rendered":"http:\/\/www.tvturk.com\/index.php\/evkur-yeni-malatyaspor-yeni-sezona-bolu-ve-duzcede-hazirlanacak\/"},"modified":"2019-06-18T12:17:00","modified_gmt":"2019-06-18T09:17:00","slug":"evkur-yeni-malatyaspor-yeni-sezona-bolu-ve-duzcede-hazirlanacak","status":"publish","type":"post","link":"http:\/\/www.tvturk.com\/index.php\/evkur-yeni-malatyaspor-yeni-sezona-bolu-ve-duzcede-hazirlanacak\/","title":{"rendered":"Evkur Yeni Malatyaspor yeni sezona Bolu ve D\u00fczce\u2019de haz\u0131rlanacak"},"content":{"rendered":"<p>Evkur Yeni Malatyaspor\u2019da yeni sezon kamp program\u0131 netle\u015fti. S\u00fcper Lig\u2019deki \u00fc\u00e7\u00fcnc\u00fc sezonuna haz\u0131rlanan sar\u0131-k\u0131rm\u0131z\u0131l\u0131 kul\u00fcpte Teknik Direkt\u00f6r olarak Sergen Yal\u00e7\u0131n ile resmi imzalar\u0131n at\u0131lmas\u0131n\u0131n ard\u0131ndan g\u00f6zler haz\u0131rl\u0131k kamp\u0131na \u00e7evrildi.<\/p>\n<p>Sar\u0131 k\u0131rm\u0131z\u0131l\u0131larda teknik direkt\u00f6r Sergen Yal\u00e7\u0131n, Sportif Direkt\u00f6r Ali Ravc\u0131 ve y\u00f6netim kurulunun ortak kararla \u015fekillenen yeni sezon haz\u0131rl\u0131k kamp\u0131 ile detaylar belli oldu. Buna g\u00f6re E.Yeni Malatyaspor, 25 Haziran Pazartesi g\u00fcn\u00fc Malatya\u2019da toplanarak kamp\u0131n start\u0131n\u0131 verecek. Sar\u0131-k\u0131rm\u0131z\u0131l\u0131lar Malatya\u2019da 5 g\u00fcnl\u00fck sa\u011fl\u0131k kontrolleri ve kampa haz\u0131rl\u0131k a\u015famas\u0131ndan sonra ilk etap \u00e7al\u0131\u015fmalar\u0131 i\u00e7in 1 Temmuz\u2019da Bolu Abant\u2019a ge\u00e7ecek. Bolu\u2019da 14 g\u00fcn s\u00fcrecek bir kamp program\u0131 planlayan Malatya temsilcisinin, ikinci etap kamp\u0131n\u0131 ise 14 Temmuz\u2019da D\u00fczce Topuk Yaylas\u0131\u2019nda ger\u00e7ekle\u015ftirece\u011fi belirtildi.<\/p>\n<p>E.Yeni Malatyaspor\u2019da T\u00fcrkiye d\u0131\u015f\u0131nda bir kamp program\u0131n\u0131n ise \u015fu an i\u00e7in d\u00fc\u015f\u00fcn\u00fclmedi\u011fi bildirildi.<\/p>\n<p>Sar\u0131-k\u0131rm\u0131z\u0131l\u0131larda s\u00f6zle\u015fmeleri sona eren ve yeni sezon i\u00e7in tekrar anla\u015fma yap\u0131lmayan oyuncular\u0131n d\u0131\u015f\u0131ndaki isimlerin kamp \u00e7al\u0131\u015fmalar\u0131na kat\u0131laca\u011f\u0131 \u00f6\u011frenildi.<\/p>\n","protected":false},"excerpt":{"rendered":"<p>EVKUR YEN\u0130 MALATYASPOR YEN\u0130 SEZONA BOLU VE D\u00dcZCE\u2019DE HAZIRLANACAK<\/p>\n","protected":false},"author":1,"featured_media":0,"comment_status":"closed","ping_status":"open","sticky":false,"template":"","format":"standard","meta":{"jetpack_post_was_ever_published":false,"_jetpack_newsletter_access":"","_jetpack_dont_email_post_to_subs":false,"_jetpack_newsletter_tier_id":0,"_jetpack_memberships_contains_paywalled_content":false,"_jetpack_memberships_contains_paid_content":false,"footnotes":"","jetpack_publicize_message":"","jetpack_publicize_feature_enabled":true,"jetpack_social_post_already_shared":true,"jetpack_social_options":{"image_generator_settings":{"template":"highway","default_image_id":0,"font":"","enabled":false},"version":2}},"categories":[657],"tags":[3843,6824,14168,12853,528,27637,87],"class_list":["post-171030","post","type-post","status-publish","format-standard","hentry","category-spor","tag-bolu","tag-duzcede","tag-evkur","tag-hazirlanacak","tag-malatyaspor","tag-sezona","tag-yeni"],"jetpack_publicize_connections":[],"jetpack_featured_media_url":"","jetpack_sharing_enabled":true,"jetpack_shortlink":"https:\/\/wp.me\/paKIfm-Iuy","_links":{"self":[{"href":"http:\/\/www.tvturk.com\/index.php\/wp-json\/wp\/v2\/posts\/171030","targetHints":{"allow":["GET"]}}],"collection":[{"href":"http:\/\/www.tvturk.com\/index.php\/wp-json\/wp\/v2\/posts"}],"about":[{"href":"http:\/\/www.tvturk.com\/index.php\/wp-json\/wp\/v2\/types\/post"}],"author":[{"embeddable":true,"href":"http:\/\/www.tvturk.com\/index.php\/wp-json\/wp\/v2\/users\/1"}],"replies":[{"embeddable":true,"href":"http:\/\/www.tvturk.com\/index.php\/wp-json\/wp\/v2\/comments?post=171030"}],"version-history":[{"count":0,"href":"http:\/\/www.tvturk.com\/index.php\/wp-json\/wp\/v2\/posts\/171030\/revisions"}],"wp:attachment":[{"href":"http:\/\/www.tvturk.com\/index.php\/wp-json\/wp\/v2\/media?parent=171030"}],"wp:term":[{"taxonomy":"category","embeddable":true,"href":"http:\/\/www.tvturk.com\/index.php\/wp-json\/wp\/v2\/categories?post=171030"},{"taxonomy":"post_tag","embeddable":true,"href":"http:\/\/www.tvturk.com\/index.php\/wp-json\/wp\/v2\/tags?post=171030"}],"curies":[{"name":"wp","href":"https:\/\/api.w.org\/{rel}","templated":true}]}}