{"id":171046,"date":"2019-06-18T12:24:07","date_gmt":"2019-06-18T09:24:07","guid":{"rendered":"http:\/\/www.tvturk.com\/index.php\/beykent-universitesi-19-donem-mezunlarini-verdi\/"},"modified":"2019-06-18T12:24:07","modified_gmt":"2019-06-18T09:24:07","slug":"beykent-universitesi-19-donem-mezunlarini-verdi","status":"publish","type":"post","link":"http:\/\/www.tvturk.com\/index.php\/beykent-universitesi-19-donem-mezunlarini-verdi\/","title":{"rendered":"Beykent \u00dcniversitesi 19. d\u00f6nem mezunlar\u0131n\u0131 verdi"},"content":{"rendered":"<p>Beykent \u00dcniversitesi  2018-2019 Akademik Y\u0131l\u0131 Mezuniyet T\u00f6reni ile 19. d\u00f6nem mezunlar\u0131n\u0131 b\u00fcy\u00fck bir co\u015fkuyla u\u011furlad\u0131.<\/p>\n<p>Beykent \u00dcniversitesi\u2019nde 2018-2019 akademik y\u0131l\u0131nda mezun olan yakla\u015f\u0131k 7 bin \u00f6\u011frenci b\u00fcy\u00fck bir t\u00f6renle diplomalar\u0131n\u0131 ald\u0131. Yahya Kemal G\u00f6steri Merkezi\u2019nde ger\u00e7ekle\u015fen renkli t\u00f6rene Beykent \u00dcniversitesi M\u00fctevelli Heyeti Ba\u015fkan\u0131 Adem \u00c7elik,  Rekt\u00f6r Prof. Dr. Murat Ferman, akademik kadro, \u00f6\u011frenciler ve \u00f6\u011frenci velileri kat\u0131l\u0131m g\u00f6sterdi.<\/p>\n<p>T\u00f6renin a\u00e7\u0131l\u0131\u015f konu\u015fmas\u0131n\u0131 ger\u00e7ekle\u015ftiren Rekt\u00f6r Prof. Dr. Murat Ferman, \u201cDiploma bir ba\u015flang\u0131\u00e7t\u0131r. \u00c2dete temel olan\u0131 sa\u011flamakt\u0131r. Gereken ba\u015far\u0131y\u0131 sa\u011flay\u0131p, uluslararas\u0131 standartlar\u0131n gere\u011fini yerine getirerek diploma almaya hak kazanman\u0131zdan ve mezun olman\u0131zdan dolay\u0131 sizleri tebrik ediyorum. Diploman\u0131z ve \u00f6m\u00fcr boyu s\u00fcrecek Beykent kimli\u011finiz sizi bundan sonraki yolculu\u011funuzda ilk ve do\u011fru noktaya ta\u015f\u0131yacakt\u0131r. Ba\u015flang\u0131\u00e7 noktas\u0131n\u0131 do\u011fru tayin ettiniz. Bu bak\u0131mdan \u015fansl\u0131s\u0131n\u0131z. Bizler de sizlere sahip oldu\u011fumuz ve sizleri \u00f6m\u00fcr boyunca izleyerek ba\u015far\u0131lar\u0131n\u0131zdan \u00f6v\u00fcn\u00e7 duyaca\u011f\u0131m\u0131z i\u00e7in \u015fansl\u0131y\u0131z\u201d dedi.<\/p>\n<p>\u201cKap\u0131m\u0131z sizlere her zaman a\u00e7\u0131k\u201d<\/p>\n<p>Konu\u015fmas\u0131nda mezun gen\u00e7lere seslenen Prof. Dr. Murat Ferman, \u201cDe\u011ferli mezunlar\u0131m\u0131z, \u00fcniversitemizde kazand\u0131\u011f\u0131n\u0131z yetenekler bundan sonraki hayat\u0131n\u0131zda sizleri daha donan\u0131ml\u0131, daha rekabet\u00e7i ve dik bir profile haz\u0131rlam\u0131\u015ft\u0131r. Biz her zaman buraday\u0131z. Burada olmaya devam edece\u011fiz. Bizim sizlerle beraberli\u011fimiz, sadece e\u011fitim-\u00f6\u011fretim s\u00fcresi ve diplomayla s\u0131n\u0131rl\u0131 de\u011fildir. Kap\u0131m\u0131z sizlere her zaman a\u00e7\u0131kt\u0131r. Bundan sonraki yolculu\u011funuzda sizlere s\u0131hhatli, ba\u015far\u0131l\u0131, mutlu ve verimli bir hayat diliyorum. Biliyorum ki i\u015fi ucundan tutmayacaks\u0131n\u0131z. \u00c7\u00fcnk\u00fc siz en iyisini yapmay\u0131, uluslararas\u0131 standartlar\u0131 a\u015fmay\u0131 \u00f6ng\u00f6ren bir donan\u0131mla yeti\u015ftirildiniz. Sizler; bu birikiminizle, bu sa\u011flam temelinizle, kendi anlay\u0131\u015f\u0131n\u0131zla kendi kulvar\u0131n\u0131zda \u00e7ok \u00f6nemli i\u015flere imza atacaks\u0131n\u0131z. Sizlere uzun ve bereketli bir \u00f6m\u00fcr, katma de\u011feri y\u00fcksek, insanl\u0131\u011fa faydal\u0131 profesyonel bir ya\u015fam diliyorum\u201d diyerek s\u00f6zlerini sonland\u0131rd\u0131.<\/p>\n<p>T\u00f6rende y\u0131l boyunca \u00e7e\u015fitli faaliyetlerde ba\u015far\u0131 elde eden mezunlar, Rekt\u00f6r Prof. Dr. Murat Ferman taraf\u0131ndan tebrik edildi. T\u00f6renin sonunda keplerini b\u00fcy\u00fck bir gururla atan gen\u00e7ler, yeni hayatlar\u0131na ilk ad\u0131m\u0131 att\u0131lar.<\/p>\n","protected":false},"excerpt":{"rendered":"<p>BEYKENT \u00dcN\u0130VERS\u0130TES\u0130  2018-2019 AKADEM\u0130K YILI MEZUN\u0130YET T\u00d6REN\u0130 \u0130LE 19. D\u00d6NEM MEZUNLARINI B\u00dcY\u00dcK B\u0130R CO\u015eKUYLA U\u011eURLADI.<\/p>\n","protected":false},"author":1,"featured_media":0,"comment_status":"closed","ping_status":"open","sticky":false,"template":"","format":"standard","meta":{"jetpack_post_was_ever_published":false,"_jetpack_newsletter_access":"","_jetpack_dont_email_post_to_subs":false,"_jetpack_newsletter_tier_id":0,"_jetpack_memberships_contains_paywalled_content":false,"_jetpack_memberships_contains_paid_content":false,"footnotes":"","jetpack_publicize_message":"","jetpack_publicize_feature_enabled":true,"jetpack_social_post_already_shared":true,"jetpack_social_options":{"image_generator_settings":{"template":"highway","default_image_id":0,"font":"","enabled":false},"version":2}},"categories":[1],"tags":[20686,41268,1530,15364,382,386],"class_list":["post-171046","post","type-post","status-publish","format-standard","hentry","category-genel","tag-20686","tag-beykent","tag-donem","tag-mezunlarini","tag-universitesi","tag-verdi"],"jetpack_publicize_connections":[],"jetpack_featured_media_url":"","jetpack_sharing_enabled":true,"jetpack_shortlink":"https:\/\/wp.me\/paKIfm-IuO","_links":{"self":[{"href":"http:\/\/www.tvturk.com\/index.php\/wp-json\/wp\/v2\/posts\/171046","targetHints":{"allow":["GET"]}}],"collection":[{"href":"http:\/\/www.tvturk.com\/index.php\/wp-json\/wp\/v2\/posts"}],"about":[{"href":"http:\/\/www.tvturk.com\/index.php\/wp-json\/wp\/v2\/types\/post"}],"author":[{"embeddable":true,"href":"http:\/\/www.tvturk.com\/index.php\/wp-json\/wp\/v2\/users\/1"}],"replies":[{"embeddable":true,"href":"http:\/\/www.tvturk.com\/index.php\/wp-json\/wp\/v2\/comments?post=171046"}],"version-history":[{"count":0,"href":"http:\/\/www.tvturk.com\/index.php\/wp-json\/wp\/v2\/posts\/171046\/revisions"}],"wp:attachment":[{"href":"http:\/\/www.tvturk.com\/index.php\/wp-json\/wp\/v2\/media?parent=171046"}],"wp:term":[{"taxonomy":"category","embeddable":true,"href":"http:\/\/www.tvturk.com\/index.php\/wp-json\/wp\/v2\/categories?post=171046"},{"taxonomy":"post_tag","embeddable":true,"href":"http:\/\/www.tvturk.com\/index.php\/wp-json\/wp\/v2\/tags?post=171046"}],"curies":[{"name":"wp","href":"https:\/\/api.w.org\/{rel}","templated":true}]}}