{"id":171060,"date":"2019-06-18T12:45:12","date_gmt":"2019-06-18T09:45:12","guid":{"rendered":"http:\/\/www.tvturk.com\/index.php\/dolu-ile-birlikte-ruzgar-vurdu-baglar-yan-yatti\/"},"modified":"2019-06-18T12:45:12","modified_gmt":"2019-06-18T09:45:12","slug":"dolu-ile-birlikte-ruzgar-vurdu-baglar-yan-yatti","status":"publish","type":"post","link":"http:\/\/www.tvturk.com\/index.php\/dolu-ile-birlikte-ruzgar-vurdu-baglar-yan-yatti\/","title":{"rendered":"Dolu ile birlikte r\u00fczgar vurdu ba\u011flar yan yatt\u0131"},"content":{"rendered":"<p>Manisa\u2019da g\u00fcnlerdir etkili olan ya\u011fmur ve dolu ekili tar\u0131m arazilerinde b\u00fcy\u00fck zarara yol a\u00e7t\u0131. \u00dcreticiler sadece bu y\u0131l\u0131n de\u011fil \u00f6n\u00fcm\u00fczdeki y\u0131l\u0131n \u00fcr\u00fcnlerini de etkileyecek boyutta bir zararla kar\u015f\u0131 kar\u015f\u0131ya olduklar\u0131n\u0131 belirtti.<\/p>\n<p>Manisa\u2019n\u0131n \u015eehzadeler il\u00e7esine ba\u011fl\u0131 Sancakl\u0131i\u011fdecik Mahallesi\u2019nde ge\u00e7ti\u011fimiz Cumartesi g\u00fcn\u00fc dolu ya\u011f\u0131\u015f\u0131 ile birlikte etkili olan \u015fiddetli r\u00fczgar \u00fcz\u00fcm ba\u011flar\u0131na zarar verdi. Ba\u011flardaki beton direkler yan yatarken \u00fcretici ma\u011fdur oldu. Salk\u0131m halindeki \u00fcz\u00fcmleri ve yapraklar\u0131 delip ge\u00e7en dolu taneleri \u00f6n\u00fcm\u00fczdeki sene \u00fcr\u00fcn verecek olan ba\u011f \u00e7ubuklar\u0131na da b\u00fcy\u00fck zarar verdi.<\/p>\n<p>Ya\u015fanan afette \u00fcz\u00fcm ba\u011f\u0131 b\u00fcy\u00fck zarar g\u00f6ren Sancakl\u0131i\u011fdecik Mahallesi\u2019ndeki \u00fcreticilerden Kemal \u0130pek, &#8220;2 g\u00fcn \u00f6nce do\u011fal afet ya\u015fad\u0131k. Ba\u011flar\u0131m\u0131z b\u00fcy\u00fck zarar g\u00f6rd\u00fc. Muhtar ve il\u00e7e tar\u0131m m\u00fcd\u00fcrl\u00fc\u011f\u00fc yetkililerimiz ile birlikte ba\u011flar\u0131 geziyoruz. Cenab-\u0131 Allah\u2019tan gelen b\u00fcy\u00fck bir afet ya\u015fand\u0131. Ak\u015fam tarladayd\u0131k. Daha sonra eve gittik. 8 bu\u00e7uk 9 gibi afet ya\u015fanm\u0131\u015f. Ertesi g\u00fcn geldi\u011fimizde bu zararla kar\u015f\u0131la\u015ft\u0131k. Buras\u0131 9 d\u00f6n\u00fcm. 3 d\u00f6n\u00fcm\u00fcnde direklerin tamam\u0131 r\u00fczgarla kar\u0131\u015f\u0131k dolu ya\u011fd\u0131\u011f\u0131ndan dolay\u0131 yan yatt\u0131. Mahalle genelinin bir \u00e7ok yerindeki ba\u011flarda zarar var. \u00c7ok g\u00fc\u00e7l\u00fc bir dolu ya\u011fd\u0131. \u00dcz\u00fcmlerin y\u00fczde 80\u2019i yerlerde. Direkler tamamen y\u0131k\u0131ld\u0131. Devletten yard\u0131m bekliyoruz. Ba\u015fka da yapabilecek bir \u015feyimiz yok. Sonu\u00e7ta bir afet oldu\u201d dedi.<\/p>\n<p>Sancakl\u0131i\u011fdecik Mahalle Muhtar\u0131 Arif Kurto\u011flu, \u201cBen buradan t\u00fcm \u00e7ift\u00e7ilerimize ge\u00e7mi\u015f olsun diliyorum. Rabbim beterinden korusun. Cumartesi g\u00fcn\u00fc ak\u015fam\u0131 20.30 ile 21.00 aras\u0131 mahallemizde meydana gelen a\u015f\u0131r\u0131 ya\u011f\u0131\u015f ve doludan dolay\u0131 \u00e7ift\u00e7ilerimizin b\u00fcy\u00fck bir k\u0131sm\u0131 zarar g\u00f6rm\u00fc\u015ft\u00fcr.  Ertesi g\u00fcn hemen il\u00e7e tar\u0131m m\u00fcd\u00fcrl\u00fc\u011f\u00fc, ziraat odas\u0131 ekipleriyle birlikte ba\u011flar\u0131m\u0131z\u0131 gezdik. Hasar\u0131 yerinde g\u00f6rd\u00fck. Mahallemizin b\u00fcy\u00fck bir k\u0131sm\u0131nda y\u00fczde 80\u2019ne varan bir hasar olu\u015ftu. Buradaki zarar\u0131 say\u0131n vekillerimiz de g\u00f6rs\u00fcn. \u00c7ift\u00e7ilerimiz burada y\u0131lda bir defa ald\u0131\u011f\u0131 mahsulden kazand\u0131\u011f\u0131yla \u00e7ocu\u011funu okutup evine bak\u0131yor. Bankalardan kredi \u00e7eken \u00e7ift\u00e7ilerimiz var. Bizim iste\u011fimiz, vekillerimiz buraya gelip zarar\u0131m\u0131z\u0131 yerinde g\u00f6rs\u00fcnler. Buras\u0131yla ilgili bir \u00e7al\u0131\u015fma yap\u0131ls\u0131n. Yakla\u015f\u0131k 300 d\u00f6n\u00fcml\u00fck bir alanda b\u00fcy\u00fck hasar var. Bu seneki mahsulden ziyade \u00f6n\u00fcm\u00fczdeki y\u0131l i\u00e7in de b\u00fcy\u00fck risk var. \u00c7\u00fcnk\u00fc ba\u011f \u00e7ubuklar\u0131 \u00e7ok zarar g\u00f6rm\u00fc\u015f. Seneye kadar bu \u00e7ubuklar yaras\u0131n\u0131 kapatamaz\u201d diye konu\u015ftu.<\/p>\n","protected":false},"excerpt":{"rendered":"<p>MAN\u0130SA&#8217;DA G\u00dcNLERD\u0130R ETK\u0130L\u0130 OLAN YA\u011eMUR VE DOLU EK\u0130L\u0130 TARIM ARAZ\u0130LER\u0130NDE B\u00dcY\u00dcK ZARARA YOL A\u00c7TI. \u00dcRET\u0130C\u0130LER SADECE BU YILIN DE\u011e\u0130L \u00d6N\u00dcM\u00dcZDEK\u0130 YILIN \u00dcR\u00dcNLER\u0130N\u0130 DE ETK\u0130LEYECEK BOYUTTA B\u0130R ZARARLA KAR\u015eI KAR\u015eIYA OLDUKLARINI BEL\u0130RTT\u0130.<\/p>\n","protected":false},"author":1,"featured_media":0,"comment_status":"closed","ping_status":"open","sticky":false,"template":"","format":"standard","meta":{"jetpack_post_was_ever_published":false,"_jetpack_newsletter_access":"","_jetpack_dont_email_post_to_subs":false,"_jetpack_newsletter_tier_id":0,"_jetpack_memberships_contains_paywalled_content":false,"_jetpack_memberships_contains_paid_content":false,"footnotes":"","jetpack_publicize_message":"","jetpack_publicize_feature_enabled":true,"jetpack_social_post_already_shared":true,"jetpack_social_options":{"image_generator_settings":{"template":"highway","default_image_id":0,"font":"","enabled":false},"version":2}},"categories":[19],"tags":[2600,3789,6667,192,898,2180,5023,17053],"class_list":["post-171060","post","type-post","status-publish","format-standard","hentry","category-ekonomi","tag-baglar","tag-birlikte","tag-dolu","tag-ile","tag-ruzgar","tag-vurdu","tag-yan","tag-yatti"],"jetpack_publicize_connections":[],"jetpack_featured_media_url":"","jetpack_sharing_enabled":true,"jetpack_shortlink":"https:\/\/wp.me\/paKIfm-Iv2","_links":{"self":[{"href":"http:\/\/www.tvturk.com\/index.php\/wp-json\/wp\/v2\/posts\/171060","targetHints":{"allow":["GET"]}}],"collection":[{"href":"http:\/\/www.tvturk.com\/index.php\/wp-json\/wp\/v2\/posts"}],"about":[{"href":"http:\/\/www.tvturk.com\/index.php\/wp-json\/wp\/v2\/types\/post"}],"author":[{"embeddable":true,"href":"http:\/\/www.tvturk.com\/index.php\/wp-json\/wp\/v2\/users\/1"}],"replies":[{"embeddable":true,"href":"http:\/\/www.tvturk.com\/index.php\/wp-json\/wp\/v2\/comments?post=171060"}],"version-history":[{"count":0,"href":"http:\/\/www.tvturk.com\/index.php\/wp-json\/wp\/v2\/posts\/171060\/revisions"}],"wp:attachment":[{"href":"http:\/\/www.tvturk.com\/index.php\/wp-json\/wp\/v2\/media?parent=171060"}],"wp:term":[{"taxonomy":"category","embeddable":true,"href":"http:\/\/www.tvturk.com\/index.php\/wp-json\/wp\/v2\/categories?post=171060"},{"taxonomy":"post_tag","embeddable":true,"href":"http:\/\/www.tvturk.com\/index.php\/wp-json\/wp\/v2\/tags?post=171060"}],"curies":[{"name":"wp","href":"https:\/\/api.w.org\/{rel}","templated":true}]}}